{"id":17885,"date":"2025-04-24T15:16:27","date_gmt":"2025-04-24T13:16:27","guid":{"rendered":"http:\/\/marburg.news\/?p=17885"},"modified":"2025-05-02T09:02:16","modified_gmt":"2025-05-02T07:02:16","slug":"aussage-polizei-sucht-beteiligte-zweier-unfaelle","status":"publish","type":"post","link":"http:\/\/marburg.news\/?p=17885","title":{"rendered":"Aussage: Polizei sucht Beteiligte zweier Unf\u00e4lle"},"content":{"rendered":"<p>Ein Junge fuhr am Mittwoch (23. April) mit dem Fahrrad auf ein Auto auf, das verkehrsbedingt in der Hermannstra\u00dfe abbremsen musste. Durch den Unfall gegen 7.35 Uhr entstand ein Schaden von etwa 150 Euro an dem wei\u00dfen VW Jetta. <!--more--><br \/>\nSein Fahrer unterhielt sich noch kurz mit dem etwa elf Jahre alten &#8211;<br \/>\nvermutlich unverletzten &#8211; Jungen, zudem k\u00fcmmerten sich zwei bislang unbekannte Zeugen um ihn. Anschlie\u00dfend verlie\u00dfen alle den Unfallort, ohne Personalien untereinander auszutauschen. Das Kind trug einen blauen Helm, eine blaue Jacke und war mit einem roten Fahrrad unterwegs. Die Polizei bittet die Zeugen &#8211; einen Mann und eine Frau &#8211; sowie die Erziehungsberechtigten des Kindes, sich unter der Telefonnummer 06421\/406-0 zu melden.<br \/>\nAuf dem Parkplatz der Commerzbank am Pilgrimstein touchierte ein Autovermutlich beim Ein- oder Ausparken einen schwarzen BMW. Damit verursachte sein Fahrereinen Schaden von etwa 3.000 Euro. Anstatt sich darum zu k\u00fcmmern, entfernte sich der Unbekannte nach dem Unfall zwischen Sonntag (20. April) nach 3.30 Uhr und Montag (21. April) vor 20 Uhr. Die Polizei Marburg sucht Zeugen und bittet um Hinweise an ihre Telefonnummer 06421\/406-0.<\/p>\n<p>* pm: Polizei Marburg<\/p>\n","protected":false},"excerpt":{"rendered":"<p>Ein Junge fuhr am Mittwoch (23. April) mit dem Fahrrad auf ein Auto auf, das verkehrsbedingt in der Hermannstra\u00dfe abbremsen musste. Durch den Unfall gegen 7.35 Uhr entstand ein Schaden von etwa 150 Euro an dem wei\u00dfen VW Jetta.<\/p>\n","protected":false},"author":2,"featured_media":0,"comment_status":"closed","ping_status":"open","sticky":false,"template":"","format":"standard","meta":{"advanced_seo_description":"","spay_email":"","jetpack_publicize_message":"","jetpack_is_tweetstorm":false,"jetpack_publicize_feature_enabled":true},"categories":[6],"tags":[502,16,44],"jetpack_featured_media_url":"","jetpack_publicize_connections":[],"jetpack_sharing_enabled":true,"jetpack_shortlink":"https:\/\/wp.me\/p8mhvd-4Et","jetpack-related-posts":[{"id":11737,"url":"http:\/\/marburg.news\/?p=11737","url_meta":{"origin":17885,"position":0},"title":"Viel zu nass: Mann leblos aus der Lahn gezogen","date":"23. Januar 2023","format":false,"excerpt":"Leblos aus der Lahn gezogen haben Zeugen und die Polizei am Samstag (21. Januar) gegen 12.15 Uhr einen 42 Jahre alten Mann. Nach zun\u00e4chst erfolgreicher Reanimation befindet er sich derzeit noch in kritischem Zustand im Krankenhaus. Auf dem Radweg neben der Lahn lag das Fahrrad des in Marburg wohnhaften Mannes.\u2026","rel":"","context":"In &quot;Sonstiges&quot;","img":{"alt_text":"","src":"","width":0,"height":0},"classes":[]},{"id":19929,"url":"http:\/\/marburg.news\/?p=19929","url_meta":{"origin":17885,"position":1},"title":"Umgest\u00fcrzt: Vorfahrtberechtigten Radfahrer \u00fcbersehen","date":"23. April 2026","format":false,"excerpt":"Verletzt wurde ein Fahrradfahrer bei einem Unfall am Mittwoch (22. April). Die Polizei bittet um Mithilfe bei der Aufkl\u00e4rung Zu dem Verkehrsunfall kam es gegen 17.30 Uhr nahe des Universit\u00e4tsklinikums. Eine bislang unbekannte Person war mit einem wei\u00dfen Kombi auf den Lahnbergen unterwegs und bog gegen 17.30 Uhr nach links\u2026","rel":"","context":"In &quot;Sonstiges&quot;","img":{"alt_text":"","src":"","width":0,"height":0},"classes":[]},{"id":10791,"url":"http:\/\/marburg.news\/?p=10791","url_meta":{"origin":17885,"position":2},"title":"Im Verkehr: Erneut drei F\u00e4lle von Unfallflucht","date":"4. Oktober 2022","format":false,"excerpt":"Einen Radfahrer \u00fcberholte ein Auto am Samstag (1. Oktober) gegen 23.30 Uhr in der Bahnhofstra\u00dfe. Das Fahrrad kam aus Richtung Hauptbahnhof. Offenbar geriet das Auto beim \u00dcberholen zu weit auf die Spur des Gegenverkehrs, so dass ein ihm entgegenkommender BMW ausweichen musste, um einen Zusammensto\u00df zu verhindern. Dabei kollidierte der\u2026","rel":"","context":"In &quot;Sonstiges&quot;","img":{"alt_text":"","src":"","width":0,"height":0},"classes":[]},{"id":2669,"url":"http:\/\/marburg.news\/?p=2669","url_meta":{"origin":17885,"position":3},"title":"Gleich drei Unf\u00e4lle: Kollisionen bei Schr\u00f6ck und auf B3A","date":"24. September 2018","format":false,"excerpt":"Leichte Verletzungen erlitten zwei Personen bei einem Unfall am Montag (24. September) an der Einm\u00fcndung der Stra\u00dfe \"Zum Elisabethbrunnen\" in die Landstra\u00dfe L3088. Beide wurden vorsorglich von einem Rettungswagen in die Universit\u00e4tsklinik gebracht. Eine 24-j\u00e4hrige Frau kam mit ihrem Golf aus Richtung Schr\u00f6ck und bog um 6.15 Uhr an der\u2026","rel":"","context":"In &quot;Sonstiges&quot;","img":{"alt_text":"","src":"","width":0,"height":0},"classes":[]},{"id":18119,"url":"http:\/\/marburg.news\/?p=18119","url_meta":{"origin":17885,"position":4},"title":"In Pedelec: Mit Unfall absichtlich zu Sturz gebracht","date":"3. Juni 2025","format":false,"excerpt":"Ein 78-j\u00e4hriger Pedelec-Fahrer wies am Freitag (30. Mai) einen entgegenkommenden, freih\u00e4ndig fahrenden Rennradfahrer an, seine H\u00e4nde an den Lenker zu legen. Der Marburger befand sich zusammen mit seiner Frau auf dem Fahrradweg von Wehrda nach Marburg in H\u00f6he der Aff\u00f6llerwiesen. Der Unbekannte drehte daraufhin um, folgte dem 78-j\u00e4hrigen Marburger und\u2026","rel":"","context":"In &quot;Sonstiges&quot;","img":{"alt_text":"","src":"","width":0,"height":0},"classes":[]},{"id":4996,"url":"http:\/\/marburg.news\/?p=4996","url_meta":{"origin":17885,"position":5},"title":"Mit Rad gest\u00fcrzt: Geringer Seitenabstand f\u00fchrte zu Unfall","date":"21. April 2020","format":false,"excerpt":"Bei einem Ausweichman\u00f6ver st\u00fcrzte ein Radfahrer am Mittwoch (15. April) in der Robert-Koch-Stra\u00dfe. Die Polizei sucht Zeugen des Unfallgeschehens. Gegen 16.25 Uhr fuhr der 32 Jahre alte Mann mit seinem Fahrrad auf der Robert-Koch-Stra\u00dfe zur Rosenstra\u00dfe. Als ihn ein Auto mit nur wenig Seitenabstand \u00fcberholte, wich er nach rechts aus.\u2026","rel":"","context":"In &quot;Sonstiges&quot;","img":{"alt_text":"","src":"","width":0,"height":0},"classes":[]}],"_links":{"self":[{"href":"http:\/\/marburg.news\/index.php?rest_route=\/wp\/v2\/posts\/17885"}],"collection":[{"href":"http:\/\/marburg.news\/index.php?rest_route=\/wp\/v2\/posts"}],"about":[{"href":"http:\/\/marburg.news\/index.php?rest_route=\/wp\/v2\/types\/post"}],"author":[{"embeddable":true,"href":"http:\/\/marburg.news\/index.php?rest_route=\/wp\/v2\/users\/2"}],"replies":[{"embeddable":true,"href":"http:\/\/marburg.news\/index.php?rest_route=%2Fwp%2Fv2%2Fcomments&post=17885"}],"version-history":[{"count":1,"href":"http:\/\/marburg.news\/index.php?rest_route=\/wp\/v2\/posts\/17885\/revisions"}],"predecessor-version":[{"id":17924,"href":"http:\/\/marburg.news\/index.php?rest_route=\/wp\/v2\/posts\/17885\/revisions\/17924"}],"wp:attachment":[{"href":"http:\/\/marburg.news\/index.php?rest_route=%2Fwp%2Fv2%2Fmedia&parent=17885"}],"wp:term":[{"taxonomy":"category","embeddable":true,"href":"http:\/\/marburg.news\/index.php?rest_route=%2Fwp%2Fv2%2Fcategories&post=17885"},{"taxonomy":"post_tag","embeddable":true,"href":"http:\/\/marburg.news\/index.php?rest_route=%2Fwp%2Fv2%2Ftags&post=17885"}],"curies":[{"name":"wp","href":"https:\/\/api.w.org\/{rel}","templated":true}]}}