{"id":1786,"date":"2018-03-01T07:21:31","date_gmt":"2018-03-01T06:21:31","guid":{"rendered":"http:\/\/marburg.news\/?p=1786"},"modified":"2018-03-01T13:39:07","modified_gmt":"2018-03-01T12:39:07","slug":"fuer-fairness-stadt-wirbt-fuer-ruecksicht-im-strassenverkehr","status":"publish","type":"post","link":"http:\/\/marburg.news\/?p=1786","title":{"rendered":"Freundliche Fairness: Stadt wirbt f\u00fcr R\u00fccksicht im Stra\u00dfenverkehr"},"content":{"rendered":"<p>F\u00fcr Fairness und gegenseitige R\u00fccksicht im Stra\u00dfenverkehr will Oberb\u00fcrgermeister Dr. Thomas Spies mit einer Reihe von Informationen werben. Ihm geht es dabei um das Miteinander unter allen Verkehrsteilnehmenden. <!--more--><br \/>\nGerade die im Februar vorgestellte Umfrage der Stadt habe noch einmal den entsprechenden Handlungsbedarf aufgezeigt. Haushaltsmittel hat der Oberb\u00fcrgermeister im Entwurf 2018 bereits beantragt.<br \/>\nIn einem ersten Schritt weist derzeit die gro\u00dfe Pixel-Leinwand vor dem Erwin-Piscator-Haus (EPH) an der Biegenstra\u00dfe auf den seitlichen Mindestabstand zu Radfahrern hin. Damit informiert die Stadt \u00fcber eine geltende Regelung der Stra\u00dfenverkehrsordnung und die entsprechende Rechtsprechung zum \u00dcberholvorgang.<br \/>\nWeitere Hinweise zu Fu\u00df-, Rad- und Kraftfahrzeugverkehr sind in Planung. &#8222;Im Stra\u00dfenverkehr geht es nur miteinander; und wir wissen alle, dass dabei gerade die Schw\u00e4chsten wie etwa unsere Kinder auf dem Schulweg auf die R\u00fccksichtnahme der St\u00e4rkeren angewiesen sind&#8220;, erkl\u00e4rte Spies. Themenvorschl\u00e4ge rund um die geplante Reihe zur Fairness im Stra\u00dfenverkehr nimmt die Stadt unter miteinander@marburg-stadt.de entgegen.<\/p>\n<p>* pm: Stadt Marburg<\/p>\n","protected":false},"excerpt":{"rendered":"<p>F\u00fcr Fairness und gegenseitige R\u00fccksicht im Stra\u00dfenverkehr will Oberb\u00fcrgermeister Dr. Thomas Spies mit einer Reihe von Informationen werben. Ihm geht es dabei um das Miteinander unter allen Verkehrsteilnehmenden.<\/p>\n","protected":false},"author":2,"featured_media":0,"comment_status":"closed","ping_status":"open","sticky":false,"template":"","format":"standard","meta":{"advanced_seo_description":"","spay_email":"","jetpack_publicize_message":"","jetpack_is_tweetstorm":false,"jetpack_publicize_feature_enabled":true},"categories":[4],"tags":[1158,1159,1160],"jetpack_featured_media_url":"","jetpack_publicize_connections":[],"jetpack_sharing_enabled":true,"jetpack_shortlink":"https:\/\/wp.me\/p8mhvd-sO","jetpack-related-posts":[{"id":8043,"url":"http:\/\/marburg.news\/?p=8043","url_meta":{"origin":1786,"position":0},"title":"Neben der Spur: Kampagne zur Verkehrssicherheit geht weiter","date":"3. November 2021","format":false,"excerpt":"Die Kampagne \"Fair im Verkehr\" wirbt f\u00fcr mehr R\u00fccksicht im Stra\u00dfenverkehr. Die Stadt setzt sie im November fort. Die Kampagne \"Marburg miteinander #fairimverkehr\" geht weiter. Zum f\u00fcnften Mal wirbt die Stadt im \u00f6ffentlichen Raum f\u00fcr mehr R\u00fccksicht im Stra\u00dfenverkehr. Der Schwerpunkt liegt wieder auf der Sicherheit f\u00fcr alle. Der provokante\u2026","rel":"","context":"In &quot;Politik&quot;","img":{"alt_text":"","src":"","width":0,"height":0},"classes":[]},{"id":19875,"url":"http:\/\/marburg.news\/?p=19875","url_meta":{"origin":1786,"position":1},"title":"Thema Fahrrad: Aktionstag wirbt f\u00fcr gegenseitige R\u00fccksicht","date":"15. April 2026","format":false,"excerpt":"Unter dem Motto \"#fairimverkehr\" r\u00fcckt der zweite Fahrradaktionstag Konflikte zwischen Rad- und Fu\u00dfverkehr in den Blick. Stattfinden soll er am Donnerstag (23. April). Mit einem zweiten Fahrradaktionstag wirbt die Stadt Marburg am Donnerstag (23. April) von 14 bis 17 Uhr am Elisabeth-Blochmann-Platz f\u00fcr mehr Sicherheit und gegenseitige R\u00fccksicht im Stra\u00dfenverkehr.\u2026","rel":"","context":"In &quot;Soziales&quot;","img":{"alt_text":"","src":"","width":0,"height":0},"classes":[]},{"id":6101,"url":"http:\/\/marburg.news\/?p=6101","url_meta":{"origin":1786,"position":2},"title":"Allt\u00e4glich Abstand: Kampagne der Stadt wirbt f\u00fcr 1,5 Meter","date":"1. Dezember 2020","format":false,"excerpt":"In leuchtendem Orange h\u00e4ngen neue Schilder an Laternenmasten in vielen Stra\u00dfen in der Innenstadt. Das gleiche Motiv findet sich auch auf vier Stadtbussen. Es zeigt einen Autofahrer, der einen Radfahrer \u00fcberholt und dabei die vorgeschriebenen 1,50 Meter Abstand einh\u00e4lt. Das ist seit 2020 in der Stra\u00dfenverkehrsordnung festgelegt. \"Was wir in\u2026","rel":"","context":"In &quot;Politik&quot;","img":{"alt_text":"","src":"","width":0,"height":0},"classes":[]},{"id":15362,"url":"http:\/\/marburg.news\/?p=15362","url_meta":{"origin":1786,"position":3},"title":"F\u00fcr Fairness: Stadt veranstaltet Aktionstag rund ums Rad","date":"10. April 2024","format":false,"excerpt":"Unter dem Hashtag #fairimverkehr veranstaltet die Stadt einen Aktionstag rund ums Rad. Er findet am Donnerstag (18. April) auf dem Elisabeth-Blochmann-Platz statt. Mit der Kampagne \"Marburg Miteinander #fairimverkehr\" wirbt die Stadt Marburg seit mehreren Jahren f\u00fcr mehr Bewusstsein f\u00fcr einen fairen und r\u00fccksichtsvollen Umgang im Stra\u00dfenverkehr untereinander - damit alle\u2026","rel":"","context":"In &quot;Soziales&quot;","img":{"alt_text":"","src":"","width":0,"height":0},"classes":[]},{"id":13343,"url":"http:\/\/marburg.news\/?p=13343","url_meta":{"origin":1786,"position":4},"title":"Sensibilisierend: Vorbilder gehen bei Gr\u00fcn","date":"21. Juli 2023","format":false,"excerpt":"Stadt und Verkehrswacht sensibilisieren mit Schildern. Unter dem Motto \"#fairimverkehr: Vorbilder gehen bei Gr\u00fcn \u00fcber die Ampel\" rufen sie den Fu\u00dfverkehr zu Vorsicht auf. Wenn alle zusammen r\u00fccksichtsvoll im Verkehr unterwegs sind, dann sind auch alle sicherer unterwegs. Daf\u00fcr wirbt die Stadt Marburg seit Jahren mit der Kampagne \"Marburg miteinander\u2026","rel":"","context":"In &quot;Soziales&quot;","img":{"alt_text":"","src":"","width":0,"height":0},"classes":[]},{"id":8708,"url":"http:\/\/marburg.news\/?p=8708","url_meta":{"origin":1786,"position":5},"title":"Schwierige Aufgaben: Harald Schr\u00f6der erhielt Goldene Ehrennadel","date":"2. Februar 2022","format":false,"excerpt":"Harald Schr\u00f6der hat die \"Goldene Ehrennadel\" der Stadt Marburg erhalten. Der Leiter der Stra\u00dfenverkehrsbeh\u00f6rde geht nach 48 Jahren in den Ruhestand. Sein ganzes Berufsleben hat Harald Schr\u00f6der der Stadt Marburg gewidmet: 48 Jahre arbeitete er in der Verwaltung. Zuletzt zeichnete er zw\u00f6lf Jahre lang f\u00fcr den Stra\u00dfenverkehr verantwortlich. Oberb\u00fcrgermeister Dr.\u2026","rel":"","context":"In &quot;Politik&quot;","img":{"alt_text":"","src":"","width":0,"height":0},"classes":[]}],"_links":{"self":[{"href":"http:\/\/marburg.news\/index.php?rest_route=\/wp\/v2\/posts\/1786"}],"collection":[{"href":"http:\/\/marburg.news\/index.php?rest_route=\/wp\/v2\/posts"}],"about":[{"href":"http:\/\/marburg.news\/index.php?rest_route=\/wp\/v2\/types\/post"}],"author":[{"embeddable":true,"href":"http:\/\/marburg.news\/index.php?rest_route=\/wp\/v2\/users\/2"}],"replies":[{"embeddable":true,"href":"http:\/\/marburg.news\/index.php?rest_route=%2Fwp%2Fv2%2Fcomments&post=1786"}],"version-history":[{"count":1,"href":"http:\/\/marburg.news\/index.php?rest_route=\/wp\/v2\/posts\/1786\/revisions"}],"predecessor-version":[{"id":1792,"href":"http:\/\/marburg.news\/index.php?rest_route=\/wp\/v2\/posts\/1786\/revisions\/1792"}],"wp:attachment":[{"href":"http:\/\/marburg.news\/index.php?rest_route=%2Fwp%2Fv2%2Fmedia&parent=1786"}],"wp:term":[{"taxonomy":"category","embeddable":true,"href":"http:\/\/marburg.news\/index.php?rest_route=%2Fwp%2Fv2%2Fcategories&post=1786"},{"taxonomy":"post_tag","embeddable":true,"href":"http:\/\/marburg.news\/index.php?rest_route=%2Fwp%2Fv2%2Ftags&post=1786"}],"curies":[{"name":"wp","href":"https:\/\/api.w.org\/{rel}","templated":true}]}}