{"id":17794,"date":"2025-04-04T13:40:00","date_gmt":"2025-04-04T11:40:00","guid":{"rendered":"http:\/\/marburg.news\/?p=17794"},"modified":"2025-04-04T13:40:00","modified_gmt":"2025-04-04T11:40:00","slug":"zusammengetan-drei-ehrungen-fuer-michelbacher-maennergesangverein","status":"publish","type":"post","link":"http:\/\/marburg.news\/?p=17794","title":{"rendered":"Zusammengetan: Drei Ehrungen f\u00fcr Michelbacher M\u00e4nnergesangverein"},"content":{"rendered":"<p>Drei Ehrungen f\u00fcr Verdienste um den M\u00e4nnergesangverein Michelbach hat Oberb\u00fcrgermeister Dr. Thomas Spies am Dienstag (1. April) \u00fcberreicht. Aktiven des Vereins wurden Landesehrenbriefe und das historische Stadtsiegel verliehen. <!--more--><br \/>\nWo sie sind, da spielt die Musik: Hans-Joachim Weiersh\u00e4user, Klaus Wellner und Ulrike Weiersh\u00e4user sorgen seit Jahren daf\u00fcr, dass im M\u00e4nnergesangverein Michelbach gesungen werden kann. F\u00fcr ihr ehrenamtliches Engagement sind die drei am Dienstag (1. April) von Oberb\u00fcrgermeister Dr. Thomas Spies geehrt worden.<br \/>\n&#8222;Wo gesungen wird, da lass dich gerne nieder&#8220;, sagte Oberb\u00fcrgermeister Spies zu ihrer W\u00fcrdigung im Historischen Saal des Rathauses. &#8222;Das ist ein bekanntes Sprichwort und es dr\u00fcckt aus, dass Musik verbindet. In Michelbach hat es eine lange Tradition, gemeinsam zu singen, im Verein. Ein Musikverein ist ein Ort der Geselligkeit und der Integration auch von Zugezogenen.&#8220;<br \/>\nF\u00fcr ihr langj\u00e4hriges ehrenamtliches Wirken im M\u00e4nnergesangverein Michelbach bekamen Klaus Wellner, Hans-Joachim Weiersh\u00e4user und Ulrike Weiersh\u00e4user nun den Ehrenbrief des Landes Hessen sowie das Historische Stadtsiegel verliehen. Wellner ist dem MGV Michelbach 1974 beigetreten. Seit 1999 ist er erster Vorsitzender des Vereins.<br \/>\nHans-Joachim Weiersh\u00e4user ist seit 1968 Mitglied im MGV Michelbach und seit 1999 der zweite Vorsitzende des Vereins. F\u00fcr ihr langj\u00e4hriges Engagement f\u00fcr den Gesangverein wurden die beiden nun mit dem Ehrenbrief des Landes Hessen geehrt. Wellner und Weiersh\u00e4user sind als Jugendliche in den Gesangverein eingetreten und haben in den letzten 25 Jahren &#8211; als dynamisches Duo an der Vereinsspitze &#8211; viel geleistet.<br \/>\nDazu z\u00e4hlen unter anderem die Organisation von Auftritten, Chorfreizeiten und die Teilnahme an Dorffesten. &#8222;Dabei stellten sie nicht nur ihre Leidenschaft f\u00fcr das Singen unter Beweis, sondern waren auch ein Vorbild f\u00fcr Teamplay und Zusammenarbeit&#8220;, erkl\u00e4rte Spies. Mit ihrem Engagement haben sie die Arbeit im Verein ma\u00dfgeblich vorangetrieben und trugen so zur gro\u00dfen Wahrnehmung im Ort und der Region bei.<br \/>\n&#8222;Sie sorgen daf\u00fcr, dass im MGV Michelbach gesungen werden kann und leisten damit einen unglaublich wertvollen Beitrag zur Gemeinschaft im Stadtteil und der Region&#8220;, sagte Spies. &#8222;Denn Musik wirkt immer auch \u00fcber Grenzen hinaus.&#8220;<br \/>\nUlrike Weiersh\u00e4user ist seit 1998 Mitglied des MGV. Sie unterst\u00fctzt den Verein tatkr\u00e4ftig und \u00fcbernimmt verschiedene Aufgaben wie die Organisation des Caterings bei Vereinsfesten. Mit ihrem gro\u00dfen Engagement leiste sie eine essenzielle und unverzichtbare Arbeit f\u00fcr die Aufgaben und Strukturen des Vereins. Daf\u00fcr wurde ihr nun das Historische Stadtsiegel verliehen.<br \/>\nIn seiner Dankesrede erl\u00e4uterte Wellner, vor welchen Herausforderungen der Gesangverein in den letzten Jahren gestanden habe. Gemeinsam h\u00e4tten sie aber immer L\u00f6sungen gefunden und neue Wege eingeschlagen. So gingen sie 2014 zum Beispiel eine Partnerschaft mit dem MGV Sterzhausen ein, um den sinkenden Mitgliederzahlen entgegenzuwirken.<br \/>\nWellner blickte motiviert in die Zukunft und k\u00fcndigte an, dass sie alle drei noch lange im Vorstand des Vereins mitwirken wollten. Der MGV &#8222;Einigkeit&#8220; Michelbach besteht seit 1884 und hat sich die Pflege der Geselligkeit im Ort, die F\u00f6rderung von Liedgut im d\u00f6rflichen Bereich sowie den Kontakt zu Gesangvereinen im Umland zum Ziel gesetzt. Dabei unterst\u00fctzt der Gesangverein auch kirchliche Fest sowie private Feste oder Jubil\u00e4en.<\/p>\n<p>* pm: Stadt Marburg<\/p>\n","protected":false},"excerpt":{"rendered":"<p>Drei Ehrungen f\u00fcr Verdienste um den M\u00e4nnergesangverein Michelbach hat Oberb\u00fcrgermeister Dr. Thomas Spies am Dienstag (1. April) \u00fcberreicht. Aktiven des Vereins wurden Landesehrenbriefe und das historische Stadtsiegel verliehen.<\/p>\n","protected":false},"author":2,"featured_media":0,"comment_status":"closed","ping_status":"open","sticky":false,"template":"","format":"standard","meta":{"advanced_seo_description":"","spay_email":"","jetpack_publicize_message":"","jetpack_is_tweetstorm":false,"jetpack_publicize_feature_enabled":true},"categories":[3,4],"tags":[4793,6769,426],"jetpack_featured_media_url":"","jetpack_publicize_connections":[],"jetpack_sharing_enabled":true,"jetpack_shortlink":"https:\/\/wp.me\/p8mhvd-4D0","jetpack-related-posts":[{"id":18699,"url":"http:\/\/marburg.news\/?p=18699","url_meta":{"origin":17794,"position":0},"title":"Erz\u00e4hlte Erinnerungen: Historisches Stadtsiegel f\u00fcr Hartmut Wild","date":"16. September 2025","format":false,"excerpt":"Hartmut Wild hat \"\"erke, die bleiben\", geschaffen. Daf\u00fcr wurde er mit dem Historischen Stadtsiegel geehrt. F\u00fcr sein ehrenamtliches Engagement im Bereich der Lokalgeschichte hat Hartmut Wild das Historische Stadtsiegel der Universit\u00e4tsstadt Marburg erhalten. Oberb\u00fcrgermeister Dr. Thomas Spies hat ihm die Auszeichnung w\u00e4hrend eines Empfangs im Rathaus verliehen. \"\"Hartmut Wild recherchiert\u2026","rel":"","context":"In &quot;Bildung&quot;","img":{"alt_text":"","src":"","width":0,"height":0},"classes":[]},{"id":17719,"url":"http:\/\/marburg.news\/?p=17719","url_meta":{"origin":17794,"position":1},"title":"Zum Singen: Landesehrenbrief f\u00fcr Baldur Heit","date":"24. M\u00e4rz 2025","format":false,"excerpt":"Baldur Heit hat den Ehrenbrief des Landes Hessen erhalten. Er w\u00fcrdigt sein Engagement im M\u00e4nnergesangverein Michelbach. F\u00fcr sein ehrenamtliches Engagement im M\u00e4nnergesangverein Michelbach hat Baldur Heit den Ehrenbrief des Landes Hessen erhalten. Oberb\u00fcrgermeister Dr. Thomas Spies \u00fcberreichte die Ehrung im Rahmen eines Empfangs im Rathaus. \"Es g\u00e4be eine lange Liste\u2026","rel":"","context":"In &quot;Kultur&quot;","img":{"alt_text":"","src":"","width":0,"height":0},"classes":[]},{"id":16048,"url":"http:\/\/marburg.news\/?p=16048","url_meta":{"origin":17794,"position":2},"title":"Mehr Busse: Spies auf Sommertour in Michelbach","date":"26. Juli 2024","format":false,"excerpt":"Mehr Busse, ein Radweg und strategische \u00d6ffnungszeiten waren Thema der Sommertour von Oberb\u00fcrgermeister Dr. Thomas Spies in Michelbach. Dorthin war er am Montag (22. Juli) gekommen. Einen Ausbau der Alternativen zum Auto, mehr Barrierefreiheit, eine Sporthalle und einen Feuerwehrneubau haben die Michelbacherinnen und Michelbacher auf der Sommertour mit Oberb\u00fcrgermeister Dr.\u2026","rel":"","context":"In &quot;Politik&quot;","img":{"alt_text":"","src":"","width":0,"height":0},"classes":[]},{"id":13373,"url":"http:\/\/marburg.news\/?p=13373","url_meta":{"origin":17794,"position":3},"title":"Schnelle Hilfe: Ehrungsabend der Freiwilligen Feuerwehren","date":"24. Juli 2023","format":false,"excerpt":"Beim Ehrungsabend der Feuerwehr erhielten 60 Feuerwehrleute Auszeichnungen. Geehrt wurde damit ihr Einsatz f\u00fcr die Allgemeinheit. Die Mitglieder der Freiwilligen Feuerwehr Marburg sind f\u00fcr die Sicherheit der Menschen unverzichtbar. Sie riskieren mitunter ihr eigenes Leben, um ihren Mitmenschen in Notsituationen zu helfen, indem sie Br\u00e4nde l\u00f6schen, umgest\u00fcrzte B\u00e4ume entfernen oder\u2026","rel":"","context":"In &quot;Soziales&quot;","img":{"alt_text":"","src":"","width":0,"height":0},"classes":[]},{"id":872,"url":"http:\/\/marburg.news\/?p=872","url_meta":{"origin":17794,"position":4},"title":"28 Jhare Ortsbeirat: Wolfgang Ochs erhielt Goldene Ehrennadel der Stadt","date":"20. Juli 2017","format":false,"excerpt":"Nach 28 Jahren ist Wolfgang Ochs aus dem Ortsbeirat Gisselberg ausgeschieden. Oberb\u00fcrgermeister Dr. Thomas Spies hat ihm am Dienstag (18. Juli) bei einem Empfang im Rathaus die Goldene Ehrennadel der Universit\u00e4tsstadt Marburg verliehen. \"In Marburg beteiligen sich rund 200 Ortsbeiratsmitglieder an den wirklichen Themen der wirklichen Menschen\", erkl\u00e4rte Spies. \"Wolfang\u2026","rel":"","context":"In &quot;Politik&quot;","img":{"alt_text":"","src":"","width":0,"height":0},"classes":[]},{"id":831,"url":"http:\/\/marburg.news\/?p=831","url_meta":{"origin":17794,"position":5},"title":"Rotschw\u00e4nzchen: Dorfchronik \u00fcber 1.200 Jahre Michelbach erschienen","date":"10. Juli 2017","format":false,"excerpt":"Vor 1.200 Jahren wurde Michelbach erstmals schriftlich erw\u00e4hnt. Das war Anlass f\u00fcr den heutigen Marburger Stadtteil, eine umfangreiche Chronik zu erarbeiten. Diese Chronik ist nun als Marburger Stadtschrift im Rathaus-Verlag erschienen. Oberb\u00fcrgermeister Dr. Thomas Spies hat sie gemeinsam mit dem Arbeitskreis Dorfchronik am Freitag (7. Juli) in Michelbach der \u00d6ffentlichkeit\u2026","rel":"","context":"In &quot;Bildung&quot;","img":{"alt_text":"","src":"","width":0,"height":0},"classes":[]}],"_links":{"self":[{"href":"http:\/\/marburg.news\/index.php?rest_route=\/wp\/v2\/posts\/17794"}],"collection":[{"href":"http:\/\/marburg.news\/index.php?rest_route=\/wp\/v2\/posts"}],"about":[{"href":"http:\/\/marburg.news\/index.php?rest_route=\/wp\/v2\/types\/post"}],"author":[{"embeddable":true,"href":"http:\/\/marburg.news\/index.php?rest_route=\/wp\/v2\/users\/2"}],"replies":[{"embeddable":true,"href":"http:\/\/marburg.news\/index.php?rest_route=%2Fwp%2Fv2%2Fcomments&post=17794"}],"version-history":[{"count":0,"href":"http:\/\/marburg.news\/index.php?rest_route=\/wp\/v2\/posts\/17794\/revisions"}],"wp:attachment":[{"href":"http:\/\/marburg.news\/index.php?rest_route=%2Fwp%2Fv2%2Fmedia&parent=17794"}],"wp:term":[{"taxonomy":"category","embeddable":true,"href":"http:\/\/marburg.news\/index.php?rest_route=%2Fwp%2Fv2%2Fcategories&post=17794"},{"taxonomy":"post_tag","embeddable":true,"href":"http:\/\/marburg.news\/index.php?rest_route=%2Fwp%2Fv2%2Ftags&post=17794"}],"curies":[{"name":"wp","href":"https:\/\/api.w.org\/{rel}","templated":true}]}}