{"id":17699,"date":"2025-03-20T12:34:04","date_gmt":"2025-03-20T11:34:04","guid":{"rendered":"http:\/\/marburg.news\/?p=17699"},"modified":"2025-03-20T12:34:04","modified_gmt":"2025-03-20T11:34:04","slug":"eingriff-in-verkehr-mehrwoechige-sperrung-der-simmestrasse-in-cappel","status":"publish","type":"post","link":"http:\/\/marburg.news\/?p=17699","title":{"rendered":"Eingriff in Verkehr: Mehrw\u00f6chige Sperrung der Simmestra\u00dfe in Cappel"},"content":{"rendered":"<p>Eine Vollsperrung in der Simmestra\u00dfe in Cappel hat die Stadt Marburg am Donnerstag (21. M\u00e4rz) angek\u00fcndigt. Sie findet ab Montag (24. M\u00e4rz) statt. <!--more--><br \/>\nAufgrund der Neuverlegung einer Wasserleitung und von Stromkabeln wird die Simmestra\u00dfe in H\u00f6he der Einm\u00fcndung des Siedlerwegs ab Montag (24. M\u00e4rz) vollgesperrt. Die Arbeiten werden voraussichtlich am Mittwoch (16. April) abgeschlossen.<br \/>\nDie Simmestra\u00dfe ist jedoch weiterhin erreichbar. Sie wird in der Zeit der Bauarbeiten zu einer Einbahnstra\u00dfe beschildert. Eine Umleitungstrecke \u00fcber die Stra\u00dfe &#8222;Feldweg&#8220; ist ausgeschildert.<br \/>\nInformationen zu aktuellen Baustellen in Marburg sind au\u00dferdem zu finden unter <a href=\"http:\/\/www.marburg.de\/baustelleninformationen\">www.marburg.de\/baustelleninformationen<\/a>. Neben Meldungen gibt es dort auch eine digitale Stadtkarte, die immer aktuell die derzeitigen Baustellen in der Universit\u00e4tsstadt anzeigt.<\/p>\n<p>* pm: Stadt Marburg<\/p>\n","protected":false},"excerpt":{"rendered":"<p>Eine Vollsperrung in der Simmestra\u00dfe in Cappel hat die Stadt Marburg am Donnerstag (21. M\u00e4rz) angek\u00fcndigt. Sie findet ab Montag (24. M\u00e4rz) statt.<\/p>\n","protected":false},"author":2,"featured_media":0,"comment_status":"closed","ping_status":"open","sticky":false,"template":"","format":"standard","meta":{"advanced_seo_description":"","spay_email":"","jetpack_publicize_message":"","jetpack_is_tweetstorm":false,"jetpack_publicize_feature_enabled":true},"categories":[4],"tags":[637,6731,638],"jetpack_featured_media_url":"","jetpack_publicize_connections":[],"jetpack_sharing_enabled":true,"jetpack_shortlink":"https:\/\/wp.me\/p8mhvd-4Bt","jetpack-related-posts":[{"id":1876,"url":"http:\/\/marburg.news\/?p=1876","url_meta":{"origin":17699,"position":0},"title":"Zu nah: Golf in der Simmestra\u00dfe besch\u00e4digt","date":"13. M\u00e4rz 2018","format":false,"excerpt":"Ein Auto stie\u00df am Donnerstag (8. M\u00e4rz) gegen einen abgestellten gr\u00fcnen VW Golf. Vorne links an dem geparkten Wagen entstand ein Schaden. Der Unfall passierte zwischen 14.25 und 19.15 Uhr in der Simmestra\u00dfe. Der Schaden von 1.000 Euro wurde beim Vorbeifahren oder Rangieren verursacht. * pm: Polizei Marburg","rel":"","context":"In &quot;Sonstiges&quot;","img":{"alt_text":"","src":"","width":0,"height":0},"classes":[]},{"id":17637,"url":"http:\/\/marburg.news\/?p=17637","url_meta":{"origin":17699,"position":1},"title":"In Cappel: Sperrung der Beethoovenstra\u00dfe angek\u00fcndigt","date":"10. M\u00e4rz 2025","format":false,"excerpt":"Eine Vollsperrung der Beethovenstra\u00dfe ab 17. M\u00e4rz hat die Stadt angek\u00fcndigt. Sie soll knapp drei Wochen andauern. Die Fahrbahn der Beethovenstra\u00dfe im Stadtteil Cappel wird saniert. Dazu wird die Stra\u00dfe ab Montag (17. M\u00e4rz) voll gesperrt. Die Sanierung erfolgt in zwei Abschnitten, so dass Anwohnerinnen und Anwohner die Stra\u00dfe weiterhin\u2026","rel":"","context":"In &quot;Soziales&quot;","img":{"alt_text":"","src":"","width":0,"height":0},"classes":[]},{"id":4150,"url":"http:\/\/marburg.news\/?p=4150","url_meta":{"origin":17699,"position":2},"title":"Pyromanen in Aktion: Brandstiftungen in Cappel und am Ortenberg","date":"2. September 2019","format":false,"excerpt":"Zwei Brandstiftungen meldete die Polizei am montag (2. September). Eine Gartenhecke an der Stra\u00dfe \"Auf dem Halmburger\" brannte in der Nacht zum Samstag (31. August) gegen 2.45 Uhr. Brandursache k\u00f6nnten nach ersten Ermittlungen B\u00f6ller gewesen sein. Der Heckenbrand wirkte sich auf die angrenzende Hauswand aus. Insgesamt entstand ein Schaden in\u2026","rel":"","context":"In &quot;Sonstiges&quot;","img":{"alt_text":"","src":"","width":0,"height":0},"classes":[]},{"id":19759,"url":"http:\/\/marburg.news\/?p=19759","url_meta":{"origin":17699,"position":3},"title":"Im Quartier: Ab auf die Spielpl\u00e4tze in Cappel","date":"23. M\u00e4rz 2026","format":false,"excerpt":"\"Ab auf die Spielpl\u00e4tze\":hei\u00dft es ab Ende M\u00e4rz bei einer Entdeckungstour in Cappel. W\u00e4hrend der Osterferien k\u00f6nnen Kinder die Spielpl\u00e4tze in dem Marburger Stadtteil kennenlernen. Die Spielplatz-Rallye in Cappel l\u00e4dt Kinder und Familien bereits zum dritten Mal zum Entdecken ein: Von Montag (30. M\u00e4rz) bis Donnerstag (30. April) hei\u00dft es\u2026","rel":"","context":"In &quot;Kultur&quot;","img":{"alt_text":"","src":"","width":0,"height":0},"classes":[]},{"id":19147,"url":"http:\/\/marburg.news\/?p=19147","url_meta":{"origin":17699,"position":4},"title":"Halbseitig: Sperrung der Cappeler Stra\u00dfe s\u00fcdw\u00e4rts","date":"4. Dezember 2025","format":false,"excerpt":"Eine Halbseitige Sperrung der Cappeler Stra\u00dfe hat die Stadt Marburg am Donnerstag (4. Dezember) angek\u00fcndigt. Sie soll von Montag (15. Dezember) bis Freitag (19. Dezember) erfolgen. Wegen einer Querung f\u00fcr einen Stromanschluss muss die Cappeler Stra\u00dfe in H\u00f6he der Hausnummer 34 ab Montag (15. Dezember) halbseitig gesperrt werden. Die Fahrtrichtung\u2026","rel":"","context":"In &quot;Soziales&quot;","img":{"alt_text":"","src":"","width":0,"height":0},"classes":[]},{"id":5209,"url":"http:\/\/marburg.news\/?p=5209","url_meta":{"origin":17699,"position":5},"title":"Ern\u00fcchterung: Zwei F\u00e4lle von Drogen am Steuer","date":"5. Juni 2020","format":false,"excerpt":"Erneut zog die Polizei in der Nacht zum Freitag (5. Juni) zwei Autofahrer aus dem Verkehr. Sie sa\u00dfen unter dem Einfluss berauschender Mittel am Steuer. Nicht ohne Blutprobe ging es f\u00fcr die beiden M\u00e4nner im Alter von 27 und 58 Jahren ab. Bei dem J\u00fcngeren reagierte der Drogentest positiv auf\u2026","rel":"","context":"In &quot;Sonstiges&quot;","img":{"alt_text":"","src":"","width":0,"height":0},"classes":[]}],"_links":{"self":[{"href":"http:\/\/marburg.news\/index.php?rest_route=\/wp\/v2\/posts\/17699"}],"collection":[{"href":"http:\/\/marburg.news\/index.php?rest_route=\/wp\/v2\/posts"}],"about":[{"href":"http:\/\/marburg.news\/index.php?rest_route=\/wp\/v2\/types\/post"}],"author":[{"embeddable":true,"href":"http:\/\/marburg.news\/index.php?rest_route=\/wp\/v2\/users\/2"}],"replies":[{"embeddable":true,"href":"http:\/\/marburg.news\/index.php?rest_route=%2Fwp%2Fv2%2Fcomments&post=17699"}],"version-history":[{"count":0,"href":"http:\/\/marburg.news\/index.php?rest_route=\/wp\/v2\/posts\/17699\/revisions"}],"wp:attachment":[{"href":"http:\/\/marburg.news\/index.php?rest_route=%2Fwp%2Fv2%2Fmedia&parent=17699"}],"wp:term":[{"taxonomy":"category","embeddable":true,"href":"http:\/\/marburg.news\/index.php?rest_route=%2Fwp%2Fv2%2Fcategories&post=17699"},{"taxonomy":"post_tag","embeddable":true,"href":"http:\/\/marburg.news\/index.php?rest_route=%2Fwp%2Fv2%2Ftags&post=17699"}],"curies":[{"name":"wp","href":"https:\/\/api.w.org\/{rel}","templated":true}]}}