{"id":17659,"date":"2025-03-12T15:45:00","date_gmt":"2025-03-12T14:45:00","guid":{"rendered":"http:\/\/marburg.news\/?p=17659"},"modified":"2025-03-12T15:45:00","modified_gmt":"2025-03-12T14:45:00","slug":"in-giessen-oster-abenteuer-am-3d-drucker","status":"publish","type":"post","link":"http:\/\/marburg.news\/?p=17659","title":{"rendered":"In Gie\u00dfen: Oster-Abenteuer am 3D-Drucker"},"content":{"rendered":"<p>Ein Oster-Abenteuer mit 3D-Drucker f\u00fcr Kinder und Jugendliche bietet die Volkshochschule des Kreises an. Interessierte k\u00f6nnen das &#8222;Makerspace&#8220; in Gie\u00dfen besuchen. <!--more--><br \/>\nKinder und Jugendliche von 12 bis 16 Jahren k\u00f6nnen am Mittwoch (16. April) den 3D-Druck praktisch und theoretisch kennenlernen. Die Teilnehmenden werden eigene Ideen umsetzen und somit ihr Medien- und Technikwissen erweitern. Anschlie\u00dfend werden die Teilnehmenden das Jugendzentrum &#8222;Jokus&#8220; in Gie\u00dfen besuchen, wo gemeinsame Aktivit\u00e4ten warten.<br \/>\nLos geht es um 8.15 Uhr. Es gibt eine gemeinsame An- sowie Abreise. Die Teilnahme kostet 10 Euro.<br \/>\nDie Anmeldung ist unter <a href=\"http:\/\/www.lkmb.de\/programm\">www.lkmb.de\/programm<\/a> m\u00f6glich. Bei Fragen steht Saerom Hwang vom Fachdienst Jugendf\u00f6rderung des Landkreises unter der Telefonnummer 06421\/405-1704 oder per E-Mail an HwangS@Marburg-biedenkopf.de zur Verf\u00fcgung.<br \/>\nEin &#8222;Makerspace&#8220; ist eine offene Werkstatt. Sie ist ein Ort, wo Ideen, Wissen, Werkzeuge und Maschinen sowie Technik und Materialien geteilt werden. Der Fokus in Gie\u00dfen liegt auf digitalen Technologien wie zum Beispiel 3D-Druck, Lasercutting und Mikroelektronik, hier werden ganzheitliche Technologien und gesellschaftliche Trends in der Digitalisierung gro\u00dfgeschrieben.<\/p>\n<p>* pm: Landkreis Marburg-Biedenkopf<\/p>\n","protected":false},"excerpt":{"rendered":"<p>Ein Oster-Abenteuer mit 3D-Drucker f\u00fcr Kinder und Jugendliche bietet die Volkshochschule des Kreises an. Interessierte k\u00f6nnen das &#8222;Makerspace&#8220; in Gie\u00dfen besuchen.<\/p>\n","protected":false},"author":2,"featured_media":0,"comment_status":"closed","ping_status":"open","sticky":false,"template":"","format":"standard","meta":{"advanced_seo_description":"","spay_email":"","jetpack_publicize_message":"","jetpack_is_tweetstorm":false,"jetpack_publicize_feature_enabled":true},"categories":[5],"tags":[6718,5979,274],"jetpack_featured_media_url":"","jetpack_publicize_connections":[],"jetpack_sharing_enabled":true,"jetpack_shortlink":"https:\/\/wp.me\/p8mhvd-4AP","jetpack-related-posts":[{"id":19358,"url":"http:\/\/marburg.news\/?p=19358","url_meta":{"origin":17659,"position":0},"title":"Jahresprogramm f\u00fcr Jugendliche: Kreis bietet zahlreiche Ferienfreizeiten an","date":"17. Januar 2026","format":false,"excerpt":"Der Kreis bietet ein spannendes Jahresprogramm f\u00fcr junge Menschen. Die Devise dabei lautet: \"Gemeinsam erleben, lernen und wachsen\". Auch 2026 bietet der Landkreis Marburg-Biedenkopf mit seiner Jugendf\u00f6rderung wieder ein abwechslungsreiches Programm mit Bildungs- und Freizeitangeboten an. Das Programm richtet sich an Kinder und Jugendliche verschiedener Altersgruppen und verbindet Lernen, Abenteuer\u2026","rel":"","context":"In &quot;Bildung&quot;","img":{"alt_text":"","src":"","width":0,"height":0},"classes":[]},{"id":17454,"url":"http:\/\/marburg.news\/?p=17454","url_meta":{"origin":17659,"position":1},"title":"Weniger Langeweile: Neues Jugendfreizeitprogrammn des Landkreises","date":"5. Februar 2025","format":false,"excerpt":"Die Jugendf\u00f6rderung des Kreises bietet wieder ein spannendes Jahresprogramm. Dabei k\u00f6nnen Jugengliche neue Erfahrungen sammeln, Gleichaltrige kennenlernen und sich ausprobieren. Auch 2025 bietet der Landkreis Marburg-Biedenkopf mit seiner Jugendf\u00f6rderung ein abwechslungsreiches Programm mit vielf\u00e4ltigen Angeboten. Es bietet jungen Menschen die Chance, sich auszuprobieren, neue Erfahrungen zu sammeln und Gleichaltrige kennenzulernen.\u2026","rel":"","context":"In &quot;Bildung&quot;","img":{"alt_text":"","src":"","width":0,"height":0},"classes":[]},{"id":16098,"url":"http:\/\/marburg.news\/?p=16098","url_meta":{"origin":17659,"position":2},"title":"Ausfl\u00fcge mit Aussichten: Drei Ferienfreizeiten im Herbst","date":"7. August 2024","format":false,"excerpt":"Die Jugendf\u00f6rderung des Kreises bietet Ausfl\u00fcge in den Herbstferien an. Sie er\u00f6ffnen Einblicke in Natur, Politik und Medien. Drei Fahrten f\u00fcr Jugendliche bietet die Jugendf\u00f6rderung des Landkreises Marburg-Biedenkopf in den Herbstferien 2024 an. Ausflugsziele sind das Naturkundemuseum in Kassel, die Bildungsst\u00e4tte \"Anne Frank\" in Oldau mit Besuch der Gedenkst\u00e4tte des\u2026","rel":"","context":"In &quot;Bildung&quot;","img":{"alt_text":"","src":"","width":0,"height":0},"classes":[]},{"id":14698,"url":"http:\/\/marburg.news\/?p=14698","url_meta":{"origin":17659,"position":3},"title":"Auf Abenteuer: Jahresprogramm der Jugendf\u00f6rderung des Kreises","date":"4. Januar 2024","format":false,"excerpt":"Ein abwechslungsreiches Jahresprogramm bietet die Jugendf\u00f6rderung des Kreises. Junge Menschen erleben dabei Abenteuer, Natur und machen Entdeckungen. Die Jugendf\u00f6rderung des Landkreises Marburg-Biedenkopf bietet jungen Menschen auch 2024 ein umfangreiches Programm mit vielen spannenden Aktivit\u00e4ten und Fahrten in verschiedene St\u00e4dte. Das Jahresprogramm, das kontinuierlich um weitere Angebote erg\u00e4nzt wird, ist auf\u2026","rel":"","context":"In &quot;Soziales&quot;","img":{"alt_text":"","src":"","width":0,"height":0},"classes":[]},{"id":7401,"url":"http:\/\/marburg.news\/?p=7401","url_meta":{"origin":17659,"position":4},"title":"StartMiUp: Probieren geht auch beim Studieren","date":"15. Juli 2021","format":false,"excerpt":"Die Zweite \"StartMiUp-Prototyping Rallye\" findet vom 23. August bis 9. September statt. Studierende k\u00f6nnen sich dazu bis Freitag (23. Juli) bewerben. Unter dem Motto \"Work with Mi\" findet von Montag (23. August) bis Donnerstag (9. September) die zweite StartMiUp Prototyping Rallye statt. Studierende aller Fachrichtungen der Philipps-Universit\u00e4t, der Justus-Liebig-Universit\u00e4t Gie\u00dfen\u2026","rel":"","context":"In &quot;Bildung&quot;","img":{"alt_text":"","src":"","width":0,"height":0},"classes":[]},{"id":7320,"url":"http:\/\/marburg.news\/?p=7320","url_meta":{"origin":17659,"position":5},"title":"F\u00fcr die Freizeit: Boxprojekt soll Kinder und Jugendliche st\u00e4rken","date":"2. Juli 2021","format":false,"excerpt":"Pr\u00e4vention und Teilhabe soll ein sportp\u00e4dagogisches Boxprojekt f\u00fcr Kinder und Jugendliche erm\u00f6glichen. Das hat die Stadt Marburg am Freitag (2. Juli) angek\u00fcndigt. In einer Kooperation haben die Universit\u00e4tsstadt Marburg, der Sportkreis Marburg-Biedenkopf und der 1. Boxclub Marburg 1947 ein pr\u00e4ventives sportp\u00e4dagogisches Boxprojekt eingerichtet. Der Boxsport soll als Medium dienen, um\u2026","rel":"","context":"In &quot;Soziales&quot;","img":{"alt_text":"","src":"","width":0,"height":0},"classes":[]}],"_links":{"self":[{"href":"http:\/\/marburg.news\/index.php?rest_route=\/wp\/v2\/posts\/17659"}],"collection":[{"href":"http:\/\/marburg.news\/index.php?rest_route=\/wp\/v2\/posts"}],"about":[{"href":"http:\/\/marburg.news\/index.php?rest_route=\/wp\/v2\/types\/post"}],"author":[{"embeddable":true,"href":"http:\/\/marburg.news\/index.php?rest_route=\/wp\/v2\/users\/2"}],"replies":[{"embeddable":true,"href":"http:\/\/marburg.news\/index.php?rest_route=%2Fwp%2Fv2%2Fcomments&post=17659"}],"version-history":[{"count":0,"href":"http:\/\/marburg.news\/index.php?rest_route=\/wp\/v2\/posts\/17659\/revisions"}],"wp:attachment":[{"href":"http:\/\/marburg.news\/index.php?rest_route=%2Fwp%2Fv2%2Fmedia&parent=17659"}],"wp:term":[{"taxonomy":"category","embeddable":true,"href":"http:\/\/marburg.news\/index.php?rest_route=%2Fwp%2Fv2%2Fcategories&post=17659"},{"taxonomy":"post_tag","embeddable":true,"href":"http:\/\/marburg.news\/index.php?rest_route=%2Fwp%2Fv2%2Ftags&post=17659"}],"curies":[{"name":"wp","href":"https:\/\/api.w.org\/{rel}","templated":true}]}}