{"id":17547,"date":"2025-02-20T10:56:59","date_gmt":"2025-02-20T09:56:59","guid":{"rendered":"http:\/\/marburg.news\/?p=17547"},"modified":"2025-02-20T10:56:59","modified_gmt":"2025-02-20T09:56:59","slug":"ins-wahllokal-gehen-rp-ruft-erneut-zur-stimmabgabe-auf","status":"publish","type":"post","link":"http:\/\/marburg.news\/?p=17547","title":{"rendered":"Ins Wahllokal gehen: RP ruft erneut zur Stimmabgabe auf"},"content":{"rendered":"<p>Regierungspr\u00e4sident Dr. Christoph Ullrich appelliert, am Sonntag (23. Februar) w\u00e4hlen zu gehen. &#8222;Demokratie lebt vom Mitmachen.&#8220; <!--more--><br \/>\nWie geht es in Deutschland weiter? Das ist eine der Fragen, \u00fcber die derzeit viel gesprochen, diskutiert und gestritten wird. Am Sonntag (23. Februar) ist der Tag der Entscheidung. Die Wahllokale zur <a href=\"http:\/\/wahl.marburgviews.de\/2025\">Bundestagswahl 2025<\/a> sind von 8 bis 18 Uhr ge\u00f6ffnet.<br \/>\n&#8222;Demokratie lebt vom Mitmachen&#8220;, betonte der Gie\u00dfener Regierungspr\u00e4sident Dr. Christoph Ullrich. &#8222;Daher lautete mein Appell: Gehen Sie w\u00e4hlen. Jede Stimme ist eine Stimme f\u00fcr die Demokratie.&#8220;<br \/>\nIn den f\u00fcnf mittelhessischen Landkreisen sind mehr als 800.000 Menschen wahlberechtigt. &#8222;Nutzen Sie Ihr demokratisches Recht und entscheiden Sie mit, wie wir unser Leben und Zusammenleben in Zukunft gestalten&#8220;, lautete sein Aufruf. Ullrich hatte bereits <a href=\"http:\/\/marburg.news\/?p=17448\">am Dienstag (4. Februar) schon einmal zur Teilnahme an der Bundestagswahl aufgerufen<\/a><\/p>\n<p>* pm: Regierungspr\u00e4sidium Gie\u00dfen<\/p>\n","protected":false},"excerpt":{"rendered":"<p>Regierungspr\u00e4sident Dr. Christoph Ullrich appelliert, am Sonntag (23. Februar) w\u00e4hlen zu gehen. &#8222;Demokratie lebt vom Mitmachen.&#8220;<\/p>\n","protected":false},"author":2,"featured_media":0,"comment_status":"closed","ping_status":"open","sticky":false,"template":"","format":"standard","meta":{"advanced_seo_description":"","spay_email":"","jetpack_publicize_message":"","jetpack_is_tweetstorm":false,"jetpack_publicize_feature_enabled":true},"categories":[2],"tags":[3777,2635,612],"jetpack_featured_media_url":"","jetpack_publicize_connections":[],"jetpack_sharing_enabled":true,"jetpack_shortlink":"https:\/\/wp.me\/p8mhvd-4z1","jetpack-related-posts":[{"id":17448,"url":"http:\/\/marburg.news\/?p=17448","url_meta":{"origin":17547,"position":0},"title":"Im RP: W\u00e4hlen gehen und mitentscheiden","date":"4. Februar 2025","format":false,"excerpt":"Regierungspr\u00e4sident Dr. Christoph Ullrich appelliert, bei der Bundestagswahl vom Stimmrecht Gebrauch zu machen. \"Entscheiden Sie mit, wie es in unserem Land weitergehen soll\", bat er. Am 23. Februar 2025 ist Bundestagswahl. \"Demokratie lebt vom Mitmachen\", erkl\u00e4rte Dr. Christoph Ullrich. \"Nutzen Sie Ihr demokratisches Recht und entscheiden Sie mit, wie es\u2026","rel":"","context":"In &quot;Politik&quot;","img":{"alt_text":"","src":"","width":0,"height":0},"classes":[]},{"id":13921,"url":"http:\/\/marburg.news\/?p=13921","url_meta":{"origin":17547,"position":1},"title":"Gew\u00e4hlte Gef\u00e4hrdung: RP ruft zur Stimmabgabe auf","date":"2. Oktober 2023","format":false,"excerpt":"\"Jede Stimme ist eine Stimme f\u00fcr die Demokratie.\" Mit diesen Worten hat Regierungspr\u00e4sident Dr. Christoph Ullrich appelliert, am Sonntag (8. Oktober) zur Wahl zu gehen. Am Sonntag (8. Oktober) ist Landtagswahl in Hessen. \"Wer noch nicht per Brief gew\u00e4hlt hat, bitte ich: Gehen Sie w\u00e4hlen\", appellierte Regierungspr\u00e4sident Dr. Christoph Ullrich.\u2026","rel":"","context":"In &quot;Politik&quot;","img":{"alt_text":"","src":"","width":0,"height":0},"classes":[]},{"id":15727,"url":"http:\/\/marburg.news\/?p=15727","url_meta":{"origin":17547,"position":2},"title":"Miteinander Masse machen: Nur in Europa mit wahrnehmbarer Stimme","date":"5. Juni 2024","format":false,"excerpt":"Regierungspr\u00e4sident Dr. Christoph Ullrich ruft zur Stimmabgabe bei der Europawahl auf. Nur im europ\u00e4ischen Konzert habe Deutschland eine wahrnehmbare Stimme. Am Sonntag (9. Juni) wird ein neues Europaparlament gew\u00e4hlt. \"Gehen Sie w\u00e4hlen und stimmen Sie damit f\u00fcr ein gemeinsames Europa\", rief Regierungspr\u00e4sident Dr. Christoph Ullrich am Mittwoch (5. Juni) die\u2026","rel":"","context":"In &quot;Politik&quot;","img":{"alt_text":"","src":"","width":0,"height":0},"classes":[]},{"id":15659,"url":"http:\/\/marburg.news\/?p=15659","url_meta":{"origin":17547,"position":3},"title":"Wichtige Wahl: Regierungspr\u00e4sident ruft zur Teilnahme auf","date":"27. Mai 2024","format":false,"excerpt":"Bereits jetzt k\u00f6nnen Stimmberechtigte per Brief f\u00fcr Europa w\u00e4hlen. Auf die M\u00f6glichkeit der Briefwahl hat Regierungspr\u00e4sident Dr. Christoph Ullrich am Montag (27. Mai) hingewiesen. Wenn es warm wird, scheint fast jeder unterwegs zu sein. Damit dabei aber die Europawahl am Sonntag (9. Juni) nicht bei der Wochenendplanung durchrutscht, erinnert Regierungspr\u00e4sident\u2026","rel":"","context":"In &quot;Politik&quot;","img":{"alt_text":"","src":"","width":0,"height":0},"classes":[]},{"id":19419,"url":"http:\/\/marburg.news\/?p=19419","url_meta":{"origin":17547,"position":4},"title":"Angehalten: RP ruft zur Teilnahme an Kommunalwahl auf","date":"30. Januar 2026","format":false,"excerpt":"Regierungspr\u00e4sident Dr. Christoph Ullrich ruft zur Teilnahme bei der Kommunalwahl am 15. M\u00e4rz 2026 auf. Dabbei wies er auf die M\u00f6glichkeit der Briefwahl hin. Am Sonntag (15. M\u00e4rz) ist Kommunalwahl in Hessen. Rund 4,7 Millionen Menschen sind aufgerufen, ihre Stimme abzugeben. die M\u00f6glichkeit der Briefwahl sorgt daf\u00fcr, dass auch diejenigen\u2026","rel":"","context":"In &quot;Politik&quot;","img":{"alt_text":"","src":"","width":0,"height":0},"classes":[]},{"id":18980,"url":"http:\/\/marburg.news\/?p=18980","url_meta":{"origin":17547,"position":5},"title":"RP im Regionalausschuss: Versammlung gratulierte Ullrich zum Dienstjubil\u00e4um","date":"6. November 2025","format":false,"excerpt":"Die Regionalversammlung Mittelhessen hat Dr. Christoph Ullrich zum Dienstjubil\u00e4um gratuliert. Seit zehn Jahren ist der Jurist Gie\u00dfener Regierungspr\u00e4sident. In der j\u00fcngsten Sitzung der Aussch\u00fcsse der Regionalversammlung Mittelhessen gratulierte Ulrich K\u00fcnz als Vorsitzender des Gremiums dem Gie\u00dfener Regierungspr\u00e4sident Dr. Christoph Ullrich im Namen der gesamten Versammlung zu dessen Dienstjubil\u00e4um: \"Am 2.\u2026","rel":"","context":"In &quot;Politik&quot;","img":{"alt_text":"","src":"","width":0,"height":0},"classes":[]}],"_links":{"self":[{"href":"http:\/\/marburg.news\/index.php?rest_route=\/wp\/v2\/posts\/17547"}],"collection":[{"href":"http:\/\/marburg.news\/index.php?rest_route=\/wp\/v2\/posts"}],"about":[{"href":"http:\/\/marburg.news\/index.php?rest_route=\/wp\/v2\/types\/post"}],"author":[{"embeddable":true,"href":"http:\/\/marburg.news\/index.php?rest_route=\/wp\/v2\/users\/2"}],"replies":[{"embeddable":true,"href":"http:\/\/marburg.news\/index.php?rest_route=%2Fwp%2Fv2%2Fcomments&post=17547"}],"version-history":[{"count":0,"href":"http:\/\/marburg.news\/index.php?rest_route=\/wp\/v2\/posts\/17547\/revisions"}],"wp:attachment":[{"href":"http:\/\/marburg.news\/index.php?rest_route=%2Fwp%2Fv2%2Fmedia&parent=17547"}],"wp:term":[{"taxonomy":"category","embeddable":true,"href":"http:\/\/marburg.news\/index.php?rest_route=%2Fwp%2Fv2%2Fcategories&post=17547"},{"taxonomy":"post_tag","embeddable":true,"href":"http:\/\/marburg.news\/index.php?rest_route=%2Fwp%2Fv2%2Ftags&post=17547"}],"curies":[{"name":"wp","href":"https:\/\/api.w.org\/{rel}","templated":true}]}}