{"id":17437,"date":"2025-02-03T15:15:00","date_gmt":"2025-02-03T14:15:00","guid":{"rendered":"http:\/\/marburg.news\/?p=17437"},"modified":"2025-02-03T15:15:00","modified_gmt":"2025-02-03T14:15:00","slug":"begruessungsaktion-polizeipraesident-krueckemeier-hiess-neue-willkommen","status":"publish","type":"post","link":"http:\/\/marburg.news\/?p=17437","title":{"rendered":"Begr\u00fc\u00dfungsaktion: Polizeipr\u00e4sident Kr\u00fcckemeier hie\u00df Neue willkommen"},"content":{"rendered":"<p>Polizeipr\u00e4sident Torsten Kr\u00fcckemeier hat am Montag (3. Februar) in Gie\u00dfen seine neuen Kolleginnen und Kollegen begr\u00fc\u00dft. Damit hat das Polizeipr\u00e4sidium Mittelhessen die neu dorthin versetzten Polizistinnen und Polizisten sowie die neu angestellten Mitarbeiterinnen und Mitarbeiter der Verwaltung willkommen gehei\u00dfen. <!--more--><br \/>\n&#8222;Es freut mich sehr, Sie in unserem Team willkommen zu hei\u00dfen&#8220;, sagte Polizeipr\u00e4sident Kr\u00fcckemeier am Montag (3. Februar) im Rahmen einer kleinen Willkommensveranstaltung. &#8222;Sie verst\u00e4rken mit Ihrer Erfahrung und Ihrem Engagement unsere Dienststellen in Mittelhessen und tragen dazu bei, die Sicherheit der B\u00fcrgerinnen und B\u00fcrger zu gew\u00e4hrleisten. Ich w\u00fcnsche Ihnen einen guten Start und viel Erfolg bei Ihren neuen Aufgaben.&#8220;<br \/>\nDie 46 Beamtinnen und Beamten sowie die acht Verwaltungsangestellten werden k\u00fcnftig auf den verschiedenen Dienststellen des Pr\u00e4sidiums &#8211; von Gie\u00dfen \u00fcber Marburg bis Lahn-Dill und Wetterau &#8211; ihren Dienst versehen. Sie bringen unterschiedliche Fachkenntnisse und Erfahrungen mit und verst\u00e4rken damit die vielf\u00e4ltigen Einsatzbereiche der mittelhessischen Polizei. Die &#8222;Neuen&#8220; erhielten Informationen \u00fcber die Strukturen und Organisationen des Pr\u00e4sidiums und hatten Gelegenheit, sich mit ihren Vorgesetzten sowie ihren neuen Kolleginnen und Kollegen auszutauschen.<\/p>\n<p>* pm: Polizeipr\u00e4sidium Mittelhessen, Gie\u00dfen<\/p>\n","protected":false},"excerpt":{"rendered":"<p>Polizeipr\u00e4sident Torsten Kr\u00fcckemeier hat am Montag (3. Februar) in Gie\u00dfen seine neuen Kolleginnen und Kollegen begr\u00fc\u00dft. Damit hat das Polizeipr\u00e4sidium Mittelhessen die neu dorthin versetzten Polizistinnen und Polizisten sowie die neu angestellten Mitarbeiterinnen und Mitarbeiter der Verwaltung willkommen gehei\u00dfen.<\/p>\n","protected":false},"author":2,"featured_media":0,"comment_status":"closed","ping_status":"open","sticky":false,"template":"","format":"standard","meta":{"advanced_seo_description":"","spay_email":"","jetpack_publicize_message":"","jetpack_is_tweetstorm":false,"jetpack_publicize_feature_enabled":true},"categories":[4],"tags":[6644,6645],"jetpack_featured_media_url":"","jetpack_publicize_connections":[],"jetpack_sharing_enabled":true,"jetpack_shortlink":"https:\/\/wp.me\/p8mhvd-4xf","jetpack-related-posts":[{"id":19699,"url":"http:\/\/marburg.news\/?p=19699","url_meta":{"origin":17437,"position":0},"title":"Vorgestellt: Polizeiliche Kriminalstatistik f\u00fcr Mittelhessen","date":"12. M\u00e4rz 2026","format":false,"excerpt":"Die Polizeiliche Kriminalstatistik (PKS) 2025 f\u00fcr das Polizeipr\u00e4sidium Mittelhessen haben Polizeipr\u00e4sident Torsten Kr\u00fcckemeier und die Leitende Kriminaldirektorin Carina Lerch, am Donnerstag (12. M\u00e4rz) vorgestellt. Sie betrifft auch den Landkreis Marburg-Biedenkopf. \"Die Entwicklung der Polizeilichen Kriminalstatistik 2025 ist f\u00fcr Mittelhessen insgesamt sehr erfreulich\", erkl\u00e4rte Polizeipr\u00e4sident Torsten Kr\u00fcckemeier. \"Sie zeigt, dass unsere\u2026","rel":"","context":"In &quot;Soziales&quot;","img":{"alt_text":"","src":"","width":0,"height":0},"classes":[]},{"id":15793,"url":"http:\/\/marburg.news\/?p=15793","url_meta":{"origin":17437,"position":1},"title":"Cannabis im Blick: Mittelhessische Verkehrsunfallstatistik vorgestellt","date":"12. Juni 2024","format":false,"excerpt":"Die mittelhessische Verkehrsunfallstatistik f\u00fcr 2023 hat Polizeipr\u00e4sident Torsten Kr\u00fcckemeier am Mittwoch (12. Juni)vorgestellt. Sie verzeichnet weniger Unfalltote und Schwerverletzte. -Verkehrsunfallfluchten sind fast wieder auf dem Niveau vor Corona. Zudem verzeichnet die Statistik eine Zunahme bei Verkehrsunf\u00e4llen unter dem Einfluss von Drogen sowie bei den folgenlosen Drogenfahrten. In Mittelhessen ereigneten sich\u2026","rel":"","context":"In &quot;Soziales&quot;","img":{"alt_text":"","src":"","width":0,"height":0},"classes":[]},{"id":18079,"url":"http:\/\/marburg.news\/?p=18079","url_meta":{"origin":17437,"position":2},"title":"Zum Achtgeben: Polizeipr\u00e4sident stellte Unfallstatistik vor","date":"27. Mai 2025","format":false,"excerpt":"Fast 80 Prozent mehr Unf\u00e4lle mit E-Scootern meldet die Verkehrsunfallstatistik des Polizeipr\u00e4sidiums Mittelhessen f\u00fcr 2024. Polizeipr\u00e4sident Torsten Kr\u00fcckemeier hat sie gemeinsam mit dem Ersten Polizeihauptkommissar Andreas D\u00fcding vorgestellt. Sie meldet einen leichten Anstieg der Gesamtunfallzahlen. Die Zahl der Verkehrsunfalltoten ist r\u00fcckl\u00e4ufig. Abstand, Vorfahrt und Geschwindigkeit sind Hauptursachen bei Unf\u00e4llen mit\u2026","rel":"","context":"In &quot;Soziales&quot;","img":{"alt_text":"","src":"","width":0,"height":0},"classes":[]},{"id":14835,"url":"http:\/\/marburg.news\/?p=14835","url_meta":{"origin":17437,"position":3},"title":"H\u00f6chst bedankt: Polizeipr\u00e4sident ehrte vorbildliche Zivilcourage","date":"30. Januar 2024","format":false,"excerpt":"Ein ganz besonderer Termin in geb\u00fchrender Atmosph\u00e4re fand am Donnerstag (25. Januar) im Saal \"Florenz\" des Polizeipr\u00e4sidiums Mittelhessen statt. Zum wiederholten Male wurden B\u00fcrgerinnen und B\u00fcrger, die erheblich zu Ermittlungserfolgen und Festnahmen beitrugen, durch die Beh\u00f6rdenleitung geehrt. Polizeipr\u00e4sident Torsten Kr\u00fcckemeier und Polizeivizepr\u00e4sident Marco B\u00e4rtl dr\u00fcckten den Geehrten ihren Respekt und\u2026","rel":"","context":"In &quot;Soziales&quot;","img":{"alt_text":"","src":"","width":0,"height":0},"classes":[]},{"id":16454,"url":"http:\/\/marburg.news\/?p=16454","url_meta":{"origin":17437,"position":4},"title":"Am Polizeipr\u00e4sidium : Manfred Kaletsch in den Ruhestand verabschiedet","date":"27. September 2024","format":false,"excerpt":"Seinen Abteilungsdirektor Manfred Kaletsch hat das Polizeipr\u00e4sidium Mittelhessen am Freitag (20. September) in den Ruhestand verabschiedet. Zweimal hatte Kaletsch auch F\u00fchrungsaufgaben in Marburg wahrgenommen. Seinen letzten Dienst bei der hessischen Polizei hatte der Leiter der Abteilung Einsatz des Polizeipr\u00e4sidiums Mittelhessen am Freitag (20. September). Nach 42 Dienstjahren verabschiedete Polizeipr\u00e4sident Torsten\u2026","rel":"","context":"In &quot;Soziales&quot;","img":{"alt_text":"","src":"","width":0,"height":0},"classes":[]},{"id":17875,"url":"http:\/\/marburg.news\/?p=17875","url_meta":{"origin":17437,"position":5},"title":"B\u00fcrger benachrichtigen: Polizei richtet eigenen WhatsApp-Kanal ein","date":"22. April 2025","format":false,"excerpt":"Polizeinachrichten gibt es ab Dienstag (22. April) direkt und zeitnah aufs Smartphone. das geht \u00fcber den verbreiteten Messenger-Dienst WhatsApp. Das Polizeipr\u00e4sidium Mittelhessen startet mit einem eigenen Kanal und bietet damit B\u00fcrgerinnen und B\u00fcrgern eine weitere M\u00f6glichkeit, mit wichtigen und aktuellen Informationen versorgt zu werden. Polizeipr\u00e4sident Torsten Kr\u00fcckemeier begr\u00fc\u00dfte das neue\u2026","rel":"","context":"In &quot;Soziales&quot;","img":{"alt_text":"","src":"","width":0,"height":0},"classes":[]}],"_links":{"self":[{"href":"http:\/\/marburg.news\/index.php?rest_route=\/wp\/v2\/posts\/17437"}],"collection":[{"href":"http:\/\/marburg.news\/index.php?rest_route=\/wp\/v2\/posts"}],"about":[{"href":"http:\/\/marburg.news\/index.php?rest_route=\/wp\/v2\/types\/post"}],"author":[{"embeddable":true,"href":"http:\/\/marburg.news\/index.php?rest_route=\/wp\/v2\/users\/2"}],"replies":[{"embeddable":true,"href":"http:\/\/marburg.news\/index.php?rest_route=%2Fwp%2Fv2%2Fcomments&post=17437"}],"version-history":[{"count":0,"href":"http:\/\/marburg.news\/index.php?rest_route=\/wp\/v2\/posts\/17437\/revisions"}],"wp:attachment":[{"href":"http:\/\/marburg.news\/index.php?rest_route=%2Fwp%2Fv2%2Fmedia&parent=17437"}],"wp:term":[{"taxonomy":"category","embeddable":true,"href":"http:\/\/marburg.news\/index.php?rest_route=%2Fwp%2Fv2%2Fcategories&post=17437"},{"taxonomy":"post_tag","embeddable":true,"href":"http:\/\/marburg.news\/index.php?rest_route=%2Fwp%2Fv2%2Ftags&post=17437"}],"curies":[{"name":"wp","href":"https:\/\/api.w.org\/{rel}","templated":true}]}}