{"id":17345,"date":"2025-01-19T14:18:53","date_gmt":"2025-01-19T13:18:53","guid":{"rendered":"http:\/\/marburg.news\/?p=17345"},"modified":"2025-01-19T14:18:53","modified_gmt":"2025-01-19T13:18:53","slug":"konzertlesung-2025-warum-ein-papst-die-rockmusik-erfunden-hat","status":"publish","type":"post","link":"http:\/\/marburg.news\/?p=17345","title":{"rendered":"Konzertlesung 2025: Warum ein Papst die Rockmusik erfunden hat"},"content":{"rendered":"<p>&#8222;Warum ein Papst die Rockmusik erfunden hat&#8220; erkl\u00e4rt eine musikalische Konzertlesung mit Annette H\u00f6lzl. Sie findet am Sonntag (26. Januar) von 15 bis 16.30 Uhr im Caf\u00e9 Vetter an der Reitgasse statt. <!--more--><br \/>\nDie Autorin, Komponistin und Pianistin Annette H\u00f6lzl nimmt das Publikum mit auf einen musikalischen Spaziergang. Als &#8222;Mrs. Holmes der Musikgeschichte&#8220; deckt sie spannende, \u00fcberraschende und humorvolle Zusammenh\u00e4nge auf: Was hat Pythagoras mit dem Blues zu tun? Wie hat Papst Johannes im 14. Jahrhundert den Grundstein zur Rockmusik gelegt? Warum hat Johann Sebastian Bach das Klavier nicht beheizt, aber wohltemperiert? Welche vier magischen Akkorde begleiten Melodien seit \u00fcber 2000 Jahren? Was verbindet Wolfgang Amadeus Mozart mit Michael Jackson?<br \/>\nH\u00f6lzl ermuntert ihr Publikum, hinzuh\u00f6ren. Sie erinnert daran, dass alle musikalisch sind. Musik durchdringt unser Ich und unsere Welt, \u00fcber alle Grenzen, Stile und Genres hinweg. In ihrem musikalischen Br\u00fcckenschlag er\u00f6ffnet H\u00f6lzl uns neue Perspektiven und zeigt faszinierende Gemeinsamkeiten auf.<\/p>\n<p>* pm: Kulturelle Aktion Marburg &#8222;Str\u00f6mungen&#8220;<\/p>\n","protected":false},"excerpt":{"rendered":"<p>&#8222;Warum ein Papst die Rockmusik erfunden hat&#8220; erkl\u00e4rt eine musikalische Konzertlesung mit Annette H\u00f6lzl. Sie findet am Sonntag (26. Januar) von 15 bis 16.30 Uhr im Caf\u00e9 Vetter an der Reitgasse statt.<\/p>\n","protected":false},"author":2,"featured_media":0,"comment_status":"closed","ping_status":"open","sticky":false,"template":"","format":"standard","meta":{"advanced_seo_description":"","spay_email":"","jetpack_publicize_message":"","jetpack_is_tweetstorm":false,"jetpack_publicize_feature_enabled":true},"categories":[5,3],"tags":[6609,6610,6611],"jetpack_featured_media_url":"","jetpack_publicize_connections":[],"jetpack_sharing_enabled":true,"jetpack_shortlink":"https:\/\/wp.me\/p8mhvd-4vL","jetpack-related-posts":[{"id":19125,"url":"http:\/\/marburg.news\/?p=19125","url_meta":{"origin":17345,"position":0},"title":"Musik f\u00fcrs Musizieren: Geschichte der Rockmusik II","date":"1. Dezember 2025","format":false,"excerpt":"Richard Wittekind, Frieder Gottwald und Peter Volksdorf treten am Samstag (13. Dezember) im Spiegelslustturm auf. Der Titel ihres Konzerts lautet \"Geschichte der Rockmusik II\". Nach ihren Auftritten in den letzten beiden Jahren folgt jetzt die Fortsetzung der \"Geschichte der Rockmusik\". Diesmal nehmen die Musiker die Frauen in der Rockmusik und\u2026","rel":"","context":"In &quot;Kultur&quot;","img":{"alt_text":"","src":"","width":0,"height":0},"classes":[]},{"id":17873,"url":"http:\/\/marburg.news\/?p=17873","url_meta":{"origin":17345,"position":1},"title":"Papst betrauern: Evangelische Kirche in Marburg \u00fcber Franziskus","date":"22. April 2025","format":false,"excerpt":"Dem katholischen Papst Franziskus bekunden auch evangelische W\u00fcrdentr\u00e4ger in Marburg Respekt. Franziskus war am Montag (21. April) im Alter von 88 Jahren gestorben. \"Die evangelischen Christinnen und Christen im Sprengel Marburg trauern mit ihren katholischen Schwestern und Br\u00fcdern im Bistum Fulda um den Papst\", erkl\u00e4rte der evangelische Propst Dr. Volker\u2026","rel":"","context":"In &quot;Soziales&quot;","img":{"alt_text":"","src":"","width":0,"height":0},"classes":[]},{"id":17171,"url":"http:\/\/marburg.news\/?p=17171","url_meta":{"origin":17345,"position":2},"title":"Swinging Big Bands: Sch\u00fcler pr\u00e4sentierten H\u00f6rgenuss im Advent","date":"12. Dezember 2024","format":false,"excerpt":"Den Schlussakkord des Jubil\u00e4umsjahrs bildete der \"H\u00f6rgenuss im Advent\". Dabei stimmten Schulbands auf Weihnachten ein. Mit dem traditionellen Konzert \"H\u00f6rgenuss im Advent\" hat der Landkreis Marburg-Biedenkopf am Freitag (6. Dezember) einen stimmungsvollen Schlussakkord zum Ende seines Jubil\u00e4umsjahrs gesetzt. Sch\u00fclerinnen und Sch\u00fcler der Stiftsschule Am\u00f6neburg, der Steinm\u00fchle Marburg, der Lahntalschule Biedenkopf,\u2026","rel":"","context":"In &quot;Bildung&quot;","img":{"alt_text":"","src":"","width":0,"height":0},"classes":[]},{"id":17867,"url":"http:\/\/marburg.news\/?p=17867","url_meta":{"origin":17345,"position":3},"title":"Requiescat in Pacem: Franziskus war ein Anwalt der Benachteiligten","date":"21. April 2025","format":false,"excerpt":"Am Ostersonntag hat er noch den Segen \"Urbi et Orbi\" gespendet. Am Ostermontag ist Papst Franziskus im Alter von 88 Jahren verstorben. Gro\u00dfe Hoffnungen haben viele - nicht nur in Marburg - besonders zu Beginn seiner Amtszeit im Jahr 2013 an Franziskus gekn\u00fcpft. Seinen Namen als Papst hat Jorge Mario\u2026","rel":"","context":"In &quot;Soziales&quot;","img":{"alt_text":"","src":"","width":0,"height":0},"classes":[]},{"id":17978,"url":"http:\/\/marburg.news\/?p=17978","url_meta":{"origin":17345,"position":4},"title":"Seid Menschen: Was wird die neue Zeit bringen?","date":"10. Mai 2025","format":false,"excerpt":"Das war vielleicht eine Woche: In Berlin wurde ein neuer Bundeskanzler und in Rom ein neuer Papst gew\u00e4hlt. Die Shoa-\u00dcberlebende Margot Friedl\u00e4nder ist gestorben. \"Seid Menschen!\" lautet die eindringliche Forderung von Margot Friedl\u00e4nder an ihre Mitmenschen. \"Es gibt kein j\u00fcdisches Blut, es gibt kein christliches Blut, es gibt kein muslimisches\u2026","rel":"","context":"In &quot;Politik&quot;","img":{"alt_text":"","src":"","width":0,"height":0},"classes":[]},{"id":14217,"url":"http:\/\/marburg.news\/?p=14217","url_meta":{"origin":17345,"position":5},"title":"Hohe Summen: Stiftung f\u00f6rdert zwei Marburger Lehrprojekte","date":"30. Oktober 2023","format":false,"excerpt":"Die Stiftung \"Innovation in der Hochschullehre\" f\u00f6rdert ein Gaming-Projekt der Musikwissenschaft. Das \"Teaching Lab\" f\u00fcr das Lehramtsstudium war ebenfalls erfolgreich bei innovativen Lehr-Projekten. Erneut ist die Philipps-Universit\u00e4t erfolgreich im Wettbewerb \"Freiraum\" der Stiftung Innovation in der Hochschullehre und beweist damit ihre Exzellenz in der Lehre. Zwei Projekte werden ab April\u2026","rel":"","context":"In &quot;Bildung&quot;","img":{"alt_text":"","src":"","width":0,"height":0},"classes":[]}],"_links":{"self":[{"href":"http:\/\/marburg.news\/index.php?rest_route=\/wp\/v2\/posts\/17345"}],"collection":[{"href":"http:\/\/marburg.news\/index.php?rest_route=\/wp\/v2\/posts"}],"about":[{"href":"http:\/\/marburg.news\/index.php?rest_route=\/wp\/v2\/types\/post"}],"author":[{"embeddable":true,"href":"http:\/\/marburg.news\/index.php?rest_route=\/wp\/v2\/users\/2"}],"replies":[{"embeddable":true,"href":"http:\/\/marburg.news\/index.php?rest_route=%2Fwp%2Fv2%2Fcomments&post=17345"}],"version-history":[{"count":0,"href":"http:\/\/marburg.news\/index.php?rest_route=\/wp\/v2\/posts\/17345\/revisions"}],"wp:attachment":[{"href":"http:\/\/marburg.news\/index.php?rest_route=%2Fwp%2Fv2%2Fmedia&parent=17345"}],"wp:term":[{"taxonomy":"category","embeddable":true,"href":"http:\/\/marburg.news\/index.php?rest_route=%2Fwp%2Fv2%2Fcategories&post=17345"},{"taxonomy":"post_tag","embeddable":true,"href":"http:\/\/marburg.news\/index.php?rest_route=%2Fwp%2Fv2%2Ftags&post=17345"}],"curies":[{"name":"wp","href":"https:\/\/api.w.org\/{rel}","templated":true}]}}