{"id":17183,"date":"2024-12-13T16:29:43","date_gmt":"2024-12-13T15:29:43","guid":{"rendered":"http:\/\/marburg.news\/?p=17183"},"modified":"2024-12-13T16:29:43","modified_gmt":"2024-12-13T15:29:43","slug":"ausbilden-statt-abschieben-spd-marburg-zur-situation-syrischer-gefluechteter","status":"publish","type":"post","link":"http:\/\/marburg.news\/?p=17183","title":{"rendered":"Ausbilden statt abschieben: SPD Marburg zur situation syrischer Gefl\u00fcchteter"},"content":{"rendered":"<p>&#8222;F\u00fcr sichere Perspektiven &#8211; In Syrien wie in Deutschland&#8220; pl\u00e4diert die Marburger SPD. Sie \u00e4u\u00dferte sich am Freitag (13. Dezember) zur aktuellen Diskussion um die R\u00fcckkehr von Gefl\u00fcchteten aus Syrien. <!--more--><br \/>\nBei einer Vorstandssitzung hat sich der Parteivorstand der Marburger SPD intensiv mit der aktuellen Situation in Syrien und der innenpolitischen Debatte um eine m\u00f6gliche R\u00fcckkehr von syrischen Gefl\u00fcchteten besch\u00e4ftigt. &#8222;Sowohl wegen der un\u00fcberschaubaren und sich stetig ver\u00e4ndernden Situation in Syrien als auch wegen der Bedeutung, die Gefl\u00fcchtete f\u00fcr unseren Arbeitsmarkt haben, ist es unverantwortlich, wenn keine 24 Stunden nach dem Sturz des Assad-Regimes bereits \u00f6ffentlich gefordert wird, die Menschen syrischer Herkunft sollten unser Land verlassen, weil Fluchtgr\u00fcnde nicht mehr bestehen&#8220;, erkl\u00e4rte der Marburger SPD-Vorsitzende Thorsten B\u00fcchner. Daher d\u00fcrfe auch kein Druck auf eine baldige R\u00fcckkehr von syrischen Gefl\u00fcchteten ausge\u00fcbt werden, forderte B\u00fcchner. Das gelte f\u00fcr Beitr\u00e4ge in der \u00f6ffentlichen Debatte, aber auch f\u00fcr die Auslegung des rechtlichen Rahmens im Ausl\u00e4nder- und Asylrecht.<br \/>\n&#8222;Von allen Menschen,die 2015 nach Deutschland kamen, sind rund 75 % in sozialversicherungspflichtiger Besch\u00e4ftigung&#8220;, gab die stellvertretende SPD-Vorsitzende Sophie Fr\u00fchwald, zu Bedenken. &#8222;Deshalb bieten auch Gefl\u00fcchtete das Potenzial, den Fachkr\u00e4ftemangel \u00fcber alle Branchen hinweg zu lindern, wenn wir nicht nachlassen, f\u00fcr gute Bildung, Spracherwerb und Besch\u00e4ftigung zu sorgen&#8220;<br \/>\nWir freuen uns mit allen, die nun keine Sorge mehr haben m\u00fcssen vor Verfolgung durch das Assad-Regime. Wir stehen an der Seite derer, die vor islamistischem Terror im Osten des Lan\u00addes oder wegen der K\u00e4mpfe im Norden und S\u00fcden gegen Kurden und andere Minderheiten ge\u00adflohen sind und nun nicht wissen, wie sich die Situation entwickelt. Wir sehen die Bilder aus den Fl\u00fcchtlingslagern der syrischen Nachbarl\u00e4nder, wo Menschen in ihre Heimat zur\u00fcckm\u00f6chten, und hoffen auf eine friedliche \u00dcbergabe der Macht, die Befriedung und Wahrung der Menschen\u00adrechte im ganzen Land.<br \/>\nDie Forderung der baldigen R\u00fcckkehr nach Syrien bediene fremdenfeindliche Ressentiments. Das reicht die Hand zur &#8222;Remigration&#8220; der AfD, kritisierte der Parteivorstand. &#8222;Die Menschen brauchen eine sichere Perspektive sowohl f\u00fcr einen Verbleib bei uns als auch f\u00fcr eine R\u00fcckkehr in ihre fr\u00fchere Heimat.&#8220;<\/p>\n<p>* pm: SPD Marburg<\/p>\n","protected":false},"excerpt":{"rendered":"<p>&#8222;F\u00fcr sichere Perspektiven &#8211; In Syrien wie in Deutschland&#8220; pl\u00e4diert die Marburger SPD. Sie \u00e4u\u00dferte sich am Freitag (13. Dezember) zur aktuellen Diskussion um die R\u00fcckkehr von Gefl\u00fcchteten aus Syrien.<\/p>\n","protected":false},"author":2,"featured_media":0,"comment_status":"closed","ping_status":"open","sticky":false,"template":"","format":"standard","meta":{"advanced_seo_description":"","spay_email":"","jetpack_publicize_message":"","jetpack_is_tweetstorm":false,"jetpack_publicize_feature_enabled":true},"categories":[2,4],"tags":[3877,166,4781],"jetpack_featured_media_url":"","jetpack_publicize_connections":[],"jetpack_sharing_enabled":true,"jetpack_shortlink":"https:\/\/wp.me\/p8mhvd-4t9","jetpack-related-posts":[{"id":17330,"url":"http:\/\/marburg.news\/?p=17330","url_meta":{"origin":17183,"position":0},"title":"Weniger Zuweisungen: Verzicht auf Unterkunft in Moischt","date":"16. Januar 2025","format":false,"excerpt":"Die Stadt Marburg l\u00e4sst Mietvertr\u00e4ge f\u00fcr Gemeinschaftsunterk\u00fcnfte auslaufen. Weniger Zuweisungen erm\u00f6glichen auch einen Verzicht auf die gepklante Unterkunft in Moischt. Seit mehreren Wochen bekommt die Stadt erheblich weniger Schutzsuchende zur Unterbringung zugewiesen, die Zahl der Gefl\u00fcchteten sinkt. Dadurch muss die Stadt in der aktuellen Situation keine neuen Unterbringungsm\u00f6glichkeiten anmieten. Das\u2026","rel":"","context":"In &quot;Politik&quot;","img":{"alt_text":"","src":"","width":0,"height":0},"classes":[]},{"id":1686,"url":"http:\/\/marburg.news\/?p=1686","url_meta":{"origin":17183,"position":1},"title":"Ohne Aufschub Ausbilden: KJC fordert mehr Mittel f\u00fcr Gefl\u00fcchtete","date":"20. Februar 2018","format":false,"excerpt":"Mehr Geld f\u00fcr die Qualifizierung von Gefl\u00fcchteten und Langzeitarbeitslosen hat der Erste Kreisbeigeordnete Marian Zachow gefordert. Bei einer Pressekonferenz am Montag (19.Februar) im Kreishaus richtete er einen entsprechenden \"Hilferuf\" an die Bundesregierung. \"Der Moment zum Handeln ist jetzt\", sagte Zachow. Er verwies darauf, dass ein gro\u00dfer Teil der Gefl\u00fcchteten bereits\u2026","rel":"","context":"In &quot;Soziales&quot;","img":{"alt_text":"pk-Teilnehmer","src":"https:\/\/i0.wp.com\/marburg.news\/wp-content\/uploads\/2018\/02\/IMG_20180219_160445.jpg?fit=1200%2C900&resize=350%2C200","width":350,"height":200},"classes":[]},{"id":14435,"url":"http:\/\/marburg.news\/?p=14435","url_meta":{"origin":17183,"position":2},"title":"Parteitag in Moischt: Marburger SPD diskutierte Landes- und Kommunalpolitik","date":"22. November 2023","format":false,"excerpt":"\"Das Leben St\u00fcck f\u00fcr St\u00fcck besser machen\" m\u00f6chte die 'SPD Marburg. Ihr Parteitag legte den Fokus auf soziale Teilhabe und Mobilit\u00e4t f\u00fcr Alle. Das Verkehrskonzept \"MoVe 35\", ein Sozialzentrum zur B\u00fcndelung von Leistungen und Angeboten f\u00fcr bed\u00fcrftige Menschen, die Versorgung \u00e4ltererMarburgerinnen und Marburger, die anstehende Koalition in Wiesbaden sowie der\u2026","rel":"","context":"In &quot;Politik&quot;","img":{"alt_text":"","src":"","width":0,"height":0},"classes":[]},{"id":12077,"url":"http:\/\/marburg.news\/?p=12077","url_meta":{"origin":17183,"position":3},"title":"Sozialpolitik mit Stadtr\u00e4tin: SPD will Verl\u00e4ngerung f\u00fcr Dinnebier","date":"6. M\u00e4rz 2023","format":false,"excerpt":"Die Sozialpolitik soll \"in guten H\u00e4nden bleiben\". Darum hat sich die SPD f\u00fcr eine zweite Amtszeit von Stadtr\u00e4tin Kirsten Dinnebier ausgesprochen. \"Kirsten Dinnebier verk\u00f6rpert unsere sozialdemokratische Haltung in der Sozialpolitik wie keine andere\", erkl\u00e4rte der Marburger SPD-Vorsitzende Thorsten B\u00fcchner. \"Sie steht f\u00fcr Verl\u00e4sslichkeit und Verbindlichkeit, sie sucht nach L\u00f6sungen und\u2026","rel":"","context":"In &quot;Politik&quot;","img":{"alt_text":"","src":"","width":0,"height":0},"classes":[]},{"id":9531,"url":"http:\/\/marburg.news\/?p=9531","url_meta":{"origin":17183,"position":4},"title":"Unterstreichen: SPD dr\u00e4ngt Land zum Klimaschutz","date":"16. Mai 2022","format":false,"excerpt":"\u201eF\u00fcr maximalen Ausbau der Solarenergie m\u00fcssen die M\u00f6glichkeiten der Kommunen gest\u00e4rkt werden!\u201c Die Marburger SPD fordert die Landesregierung zum Handeln auf. Nicht erst seit dem Krieg in der Ukraine ist die Energieautonomie ein dr\u00e4ngendes Problem. Der Vorstand der Marburger SPD hat sich intensiv damit besch\u00e4ftigt. \u201eDie Bek\u00e4mpfung der Klimakrise kann\u2026","rel":"","context":"In &quot;Politik&quot;","img":{"alt_text":"","src":"","width":0,"height":0},"classes":[]},{"id":2420,"url":"http:\/\/marburg.news\/?p=2420","url_meta":{"origin":17183,"position":5},"title":"Versinken und ertrinken: Ersch\u00fctternde Debatten um Seenotrettung im Mittelmeer","date":"15. Juli 2018","format":false,"excerpt":"\"Auch in Marburg ist die Stimmung schlechter geworden\", bemerkt ein Fl\u00fcchtling aus Syrien. \"Ich kann nicht mehr\", seufzt eine Afrikanerin. Die Debatten \u00fcber die Seenotrettung im Mittelmeer gehen nicht spurlos an den Gefl\u00fcchteten vor\u00fcber. Ein junger Afrikaner ist auch \u00fcber die mittelmeerroute gekommen. L\u00e4ngst warnt er seine Landsleute vor diesem\u2026","rel":"","context":"In &quot;Politik&quot;","img":{"alt_text":"","src":"","width":0,"height":0},"classes":[]}],"_links":{"self":[{"href":"http:\/\/marburg.news\/index.php?rest_route=\/wp\/v2\/posts\/17183"}],"collection":[{"href":"http:\/\/marburg.news\/index.php?rest_route=\/wp\/v2\/posts"}],"about":[{"href":"http:\/\/marburg.news\/index.php?rest_route=\/wp\/v2\/types\/post"}],"author":[{"embeddable":true,"href":"http:\/\/marburg.news\/index.php?rest_route=\/wp\/v2\/users\/2"}],"replies":[{"embeddable":true,"href":"http:\/\/marburg.news\/index.php?rest_route=%2Fwp%2Fv2%2Fcomments&post=17183"}],"version-history":[{"count":0,"href":"http:\/\/marburg.news\/index.php?rest_route=\/wp\/v2\/posts\/17183\/revisions"}],"wp:attachment":[{"href":"http:\/\/marburg.news\/index.php?rest_route=%2Fwp%2Fv2%2Fmedia&parent=17183"}],"wp:term":[{"taxonomy":"category","embeddable":true,"href":"http:\/\/marburg.news\/index.php?rest_route=%2Fwp%2Fv2%2Fcategories&post=17183"},{"taxonomy":"post_tag","embeddable":true,"href":"http:\/\/marburg.news\/index.php?rest_route=%2Fwp%2Fv2%2Ftags&post=17183"}],"curies":[{"name":"wp","href":"https:\/\/api.w.org\/{rel}","templated":true}]}}