{"id":16912,"date":"2024-11-18T14:48:57","date_gmt":"2024-11-18T13:48:57","guid":{"rendered":"http:\/\/marburg.news\/?p=16912"},"modified":"2024-11-18T14:48:57","modified_gmt":"2024-11-18T13:48:57","slug":"verunsichert-matthias-wagner-besuchte-demokratiezentrum-hessen","status":"publish","type":"post","link":"http:\/\/marburg.news\/?p=16912","title":{"rendered":"Verunsichert: Matthias Wagner besuchte Demokratiezentrum Hessen"},"content":{"rendered":"<p>Eine Tour zum Thema &#8222;Demokratief\u00f6rderung&#8220; hat Matthias Wagner nach Marburg gef\u00fchrt. Das Demokratiezentrum Hessen ist einmalig in Deutschland. <!--more--><br \/>\n&#8222;#MathiasKommtRum&#8220; lautete der Hashtag der Tour zum Thema Demokratief\u00f6rderung. Der Vorsitzende der Gr\u00fcnen Landtagsfraktion hat sich bei seiner Tour &#8222;#MathiasKommtRum&#8220; gemeinsam mit den beiden GR\u00dcNEN Landtagsabgeordneten Lara Klaes und Vanessa Gronemann vor Ort \u00fcber Demokratie-Projekte informiert. Dabei standen sowohl die wichtige Arbeit der Tr\u00e4ger als auch ihre Sorgen und N\u00f6te angesichts m\u00f6glicher Einsparungen der Landesregierung im Mittelpunkt. In Marburg besuchten die drei Landtagsabgeordnete am Ende der Tour das Demokratiezentrum Hessen.<br \/>\n&#8222;Das Zentrum ist deutschlandweit einmalig&#8220;, erkl\u00e4rte Lara Klaes. &#8222;Es ist eine wichtige Institution f\u00fcr Pr\u00e4vention, Beratung sowie Forschung und hessenweit eine wichtige Vernetzungsstelle f\u00fcr Tr\u00e4gerschaften. Die Arbeit des Zentrums hat uns erneut gezeigt, dass Demokratie kein Saison-Thema ist, sondern alle zivilgesellschaftlichen Einrichtungen, die Politik und jede und jeder daf\u00fcr einstehen muss &#8211; jeden Tag.&#8220;<br \/>\nMathias Wagner \u00e4u\u00dferte seine tiefe Besorgnis: &#8222;Unsere Demokratie ist so stark bedroht wie lange nicht mehr. Extremistische Kr\u00e4fte greifen unser Staatswesen von innen und au\u00dfen an, Polarisierung und Polemisierung nehmen drastisch zu. Intensive Demokratief\u00f6rderung und der Kampf gegen Extremismus sind daher das Gebot der Stunde. Daher wollten wir Gr\u00fcnen die vielen engagierten Menschen und Institutionen bei unserer Tour st\u00e4rken, die sich f\u00fcr unsere Demokratie einsetzen.&#8220;<br \/>\nViele Initiativen und Projekte seien durch den Schlingerkurs der schwarz-roten Koalition stark verunsichert&#8220;, berichtete Vanessa Gronemann: &#8222;Zun\u00e4chst waren drastische K\u00fcrzungen von 20 Prozent in diesem Bereich geplant&#8220; und sollte das \u00fcberaus erfolgreiche Landesprogramm Hessen &#8211; aktiv f\u00fcr Demokratie und gegen Extremismus ohne unmittelbares Folgeprogramm zum Jahresende auslaufen. F\u00fcr viele Projekte zur Demokratief\u00f6rderung h\u00e4tte dies das Aus bedeutet. Angeblich will das Innenministerium jetzt eine Kehrtwende trotz der schwierigen Haushaltslage vollziehen und hat m\u00f6glicherweise eine Weiterf\u00f6rderung in Aussicht gestellt. Die Unsicherheit aber bleibt. Als Gr\u00fcne Landtagsfraktion werden wir uns weiter daf\u00fcr stark machen, dass an Demokratie nicht gespart werden darf.&#8220;<\/p>\n<p>* pm: Die Gr\u00fcnen im Hessischen Landtag, Wiesbaden<\/p>\n","protected":false},"excerpt":{"rendered":"<p>Eine Tour zum Thema &#8222;Demokratief\u00f6rderung&#8220; hat Matthias Wagner nach Marburg gef\u00fchrt. Das Demokratiezentrum Hessen ist einmalig in Deutschland.<\/p>\n","protected":false},"author":2,"featured_media":0,"comment_status":"closed","ping_status":"open","sticky":false,"template":"","format":"standard","meta":{"advanced_seo_description":"","spay_email":"","jetpack_publicize_message":"","jetpack_is_tweetstorm":false,"jetpack_publicize_feature_enabled":true},"categories":[2,4],"tags":[271,165,88],"jetpack_featured_media_url":"","jetpack_publicize_connections":[],"jetpack_sharing_enabled":true,"jetpack_shortlink":"https:\/\/wp.me\/p8mhvd-4oM","jetpack-related-posts":[{"id":17427,"url":"http:\/\/marburg.news\/?p=17427","url_meta":{"origin":16912,"position":0},"title":"Demokratiezentrum Hessen: Mehr als 3,4 Millionen Euro f\u00fcr Extremismuspr\u00e4vention","date":"31. Januar 2025","format":false,"excerpt":"Das Demokratiezentrum Hessen erh\u00e4lt mehr als 3,4 Millionen Euro f\u00fcr landesweite Pr\u00e4vention. Innenstaatssekret\u00e4r Martin R\u00f6\u00dfler betonte die Herausforderungen durch Extremismus. Innenstaatssekret\u00e4r Martin R\u00f6\u00dfler hat das - an der Philipps-Universit\u00e4t angesiedelte - \"Demokratiezentrum Hessen\" besucht und ihm f\u00fcr die landesweite Pr\u00e4ventionsarbeit und Demokratief\u00f6rderung einen Zuwendungsbescheid\u00fcber 3.421.577 Euro \u00fcbergeben. Die zweckgebundenen Mittel\u2026","rel":"","context":"In &quot;Politik&quot;","img":{"alt_text":"","src":"","width":0,"height":0},"classes":[]},{"id":9285,"url":"http:\/\/marburg.news\/?p=9285","url_meta":{"origin":16912,"position":1},"title":"Bundesweit einmalig: Weiterbildung zu Beratung \u00fcber Rechtsextremismus","date":"27. April 2022","format":false,"excerpt":"Die Philipps-Universit\u00e4t bietet eine bundesweit einmalige Weiterbildung. Der neue weiterbildende Masterstudiengang \"Beratung im Kontext Rechtsextremismus\" startet im Wintersemester. In dieser Form ist dieser Studiengang bundesweit einmalig. Bewerbungen sind ab Montag (2. Mai) bis Freitag (15. Juli) m\u00f6glich. Der kostenpflichtige weiterbildende Studiengang richtet sich in erster Linie an Fachkr\u00e4fte der Mobilen\u2026","rel":"","context":"In &quot;Bildung&quot;","img":{"alt_text":"","src":"","width":0,"height":0},"classes":[]},{"id":7458,"url":"http:\/\/marburg.news\/?p=7458","url_meta":{"origin":16912,"position":2},"title":"Hessen gegen Rechts: Heck \u00fcbergab F\u00f6rderbescheid f\u00fcr Demokratiezentrum","date":"24. Juli 2021","format":false,"excerpt":"Das Demokratiezentrum Hessen erh\u00e4lt 2,7 Millionen Euro. Staatssekret\u00e4r Dr. Stefan Heck hat den F\u00f6rderbescheid an das Zentrum am Fachbereich Erziehungswissenschaften der Philipps-Universit\u00e4t \u00fcbergeben. Einen F\u00f6rderbescheid \u00fcber insgesamt rund 2,7 Millionen Euro f\u00fcr das Jahr 2021 \u00fcbergab der hessische Innenstaatssekret\u00e4r Dr. Stefan Heck am Donnerstag (22. Juli) an den Universit\u00e4ts-Vizepr\u00e4sidenten Prof.\u2026","rel":"","context":"In &quot;Bildung&quot;","img":{"alt_text":"","src":"","width":0,"height":0},"classes":[]},{"id":14808,"url":"http:\/\/marburg.news\/?p=14808","url_meta":{"origin":16912,"position":3},"title":"Im Rathaus: Lokale R\u00e4ume des Rechtsextremismus in Hessen","date":"25. Januar 2024","format":false,"excerpt":"Ein Vortrag zu lokalen R\u00e4umen des Rechtsextremismus in Hessen bildet den Semesterabschluss der gemeinsamen Vortragsreihe von Stadt und Universit\u00e4t. Er findet am Montag (29. Januar) im Rathaus statt. Gemeinsam mit der Stadt Marburg und in Kooperation mit dem Marburger Stadtgespr\u00e4ch l\u00e4dt das Zentrum f\u00fcr Konfliktforschung (ZfK) zur letzten Veranstaltung der\u2026","rel":"","context":"In &quot;Bildung&quot;","img":{"alt_text":"","src":"","width":0,"height":0},"classes":[]},{"id":12573,"url":"http:\/\/marburg.news\/?p=12573","url_meta":{"origin":16912,"position":4},"title":"\u00dcberzeugen: Angela Dorn am Demokratiezentrum Hessen","date":"10. Mai 2023","format":false,"excerpt":"Ein neuer Forschungs- und Weiterbildungsbereich am Demokratiezentrum Hessen hat sich der \u00d6ffentlichkeit vorgestellt. Wissenschaftsministerin Angela Dorn lobte die \"vorbildliche Verbindung von Forschung und Praxis\". Mit einem Besuch der Hessischen Wissenschaftsministerin Angela Dorn hat sich am Mittwoch (10. Mai) der neue Forschungs- und Weiterbildungsbereich \"Rechtsextremismus, Rassismus und Demokratiefeindlichkeit\" an der Philipps-Universit\u00e4t\u2026","rel":"","context":"In &quot;Bildung&quot;","img":{"alt_text":"","src":"","width":0,"height":0},"classes":[]},{"id":18213,"url":"http:\/\/marburg.news\/?p=18213","url_meta":{"origin":16912,"position":5},"title":"Netzwerk-Vernetzung: Vortr\u00e4ge und Speed-Dating im Lokschuppen","date":"18. Juni 2025","format":false,"excerpt":"\"Uni meets Netzwerk\" beim Netzwerktreffen am Dienstag (24. Juni). Im Lokschuppen gibt es Vortr\u00e4ge und ein Speed-Dating. Das letzte Netzwerktreffen des Marburger Netzwerks f\u00fcr Demokratie und gegen Rechtsextremismus vor der Sommerpause findet am Dienstag (24. Juni) um 18 Uhr im Lokschuppen an der Rudolf-Bultmann-Stra\u00dfe statt. Zu dem vielf\u00e4ltigen Programm sind\u2026","rel":"","context":"In &quot;Bildung&quot;","img":{"alt_text":"","src":"","width":0,"height":0},"classes":[]}],"_links":{"self":[{"href":"http:\/\/marburg.news\/index.php?rest_route=\/wp\/v2\/posts\/16912"}],"collection":[{"href":"http:\/\/marburg.news\/index.php?rest_route=\/wp\/v2\/posts"}],"about":[{"href":"http:\/\/marburg.news\/index.php?rest_route=\/wp\/v2\/types\/post"}],"author":[{"embeddable":true,"href":"http:\/\/marburg.news\/index.php?rest_route=\/wp\/v2\/users\/2"}],"replies":[{"embeddable":true,"href":"http:\/\/marburg.news\/index.php?rest_route=%2Fwp%2Fv2%2Fcomments&post=16912"}],"version-history":[{"count":0,"href":"http:\/\/marburg.news\/index.php?rest_route=\/wp\/v2\/posts\/16912\/revisions"}],"wp:attachment":[{"href":"http:\/\/marburg.news\/index.php?rest_route=%2Fwp%2Fv2%2Fmedia&parent=16912"}],"wp:term":[{"taxonomy":"category","embeddable":true,"href":"http:\/\/marburg.news\/index.php?rest_route=%2Fwp%2Fv2%2Fcategories&post=16912"},{"taxonomy":"post_tag","embeddable":true,"href":"http:\/\/marburg.news\/index.php?rest_route=%2Fwp%2Fv2%2Ftags&post=16912"}],"curies":[{"name":"wp","href":"https:\/\/api.w.org\/{rel}","templated":true}]}}