{"id":16773,"date":"2024-10-30T15:45:00","date_gmt":"2024-10-30T14:45:00","guid":{"rendered":"http:\/\/marburg.news\/?p=16773"},"modified":"2024-10-31T12:07:29","modified_gmt":"2024-10-31T11:07:29","slug":"angesprueht-garagen-am-ortenbergsteg-beschaedigt","status":"publish","type":"post","link":"http:\/\/marburg.news\/?p=16773","title":{"rendered":"Angespr\u00fcht: Garagen am Ortenbergsteg besch\u00e4digt"},"content":{"rendered":"<p>mehrere Garagen Am Ortenbergsteg bespr\u00fchten Unbekannte zwischen Montag (28. Oktober) nach 18 Uhr und Dienstag (29. Oktober) vor 7 Uhr gro\u00dffl\u00e4chig. Damit verursachten sie einen Schaden von gesch\u00e4tzt 1.000 Euro. <!--more--><\/p>\n<p>* pm: Polizei Marburg<\/p>\n","protected":false},"excerpt":{"rendered":"<p>mehrere Garagen Am Ortenbergsteg bespr\u00fchten Unbekannte zwischen Montag (28. Oktober) nach 18 Uhr und Dienstag (29. Oktober) vor 7 Uhr gro\u00dffl\u00e4chig. Damit verursachten sie einen Schaden von gesch\u00e4tzt 1.000 Euro.<\/p>\n","protected":false},"author":2,"featured_media":0,"comment_status":"closed","ping_status":"open","sticky":false,"template":"","format":"standard","meta":{"advanced_seo_description":"","spay_email":"","jetpack_publicize_message":"","jetpack_is_tweetstorm":false,"jetpack_publicize_feature_enabled":true},"categories":[6],"tags":[6434,80,16],"jetpack_featured_media_url":"","jetpack_publicize_connections":[],"jetpack_sharing_enabled":true,"jetpack_shortlink":"https:\/\/wp.me\/p8mhvd-4mx","jetpack-related-posts":[{"id":7917,"url":"http:\/\/marburg.news\/?p=7917","url_meta":{"origin":16773,"position":0},"title":"\u00dcbergreifende Flammen: M\u00fclltonnen und Gartenh\u00fctte brannten","date":"11. Oktober 2021","format":false,"excerpt":"Mehrere M\u00fclltonnen brannten in der Nacht zum Samstag (9. Oktober) in der Gerhard-Hauptmann-Stra\u00dfe. Die Feuerwehr konnte den Brand rechtzeitig l\u00f6schen. Ein weiteres \u00dcbergreifen auf die angrenzenden - mit Autos besetzten - Garagen konnte sie verhindern. Nach ersten Sch\u00e4tzungen entstand trotzdem noch ein Schaden von mehreren Tausend Euro. Der Brand loderte\u2026","rel":"","context":"In &quot;Sonstiges&quot;","img":{"alt_text":"","src":"","width":0,"height":0},"classes":[]},{"id":12401,"url":"http:\/\/marburg.news\/?p=12401","url_meta":{"origin":16773,"position":1},"title":"Aufregung von Autofahrer: Graffiti gespr\u00fcht an Garage in Oberstadt","date":"19. April 2023","format":false,"excerpt":"\u00dcber eine Fl\u00e4che von etwa 3 mal 5 Metern spr\u00fchte ein Unbekannter ein aus Zahlen bestehendes TAG auf die Wand von Garagen. Tatort war die Oberstadt. Die Garagen stehen an der Nikolaistra\u00dfe nahe der Einm\u00fcndung in die Barf\u00fc\u00dferstra\u00dfe. Die Sachbesch\u00e4digung durch Graffiti erfolgte zwischen Freitag (14. April) nach 15.30 Uhr\u2026","rel":"","context":"In &quot;Sonstiges&quot;","img":{"alt_text":"","src":"","width":0,"height":0},"classes":[]},{"id":4598,"url":"http:\/\/marburg.news\/?p=4598","url_meta":{"origin":16773,"position":2},"title":"Erneute Spr\u00fchaktion: Tags an Garagen an der Gisselberger Stra\u00dfe","date":"7. Januar 2020","format":false,"excerpt":"Mit insgesamt 19 verschiedenen TAGS in unterschiedlichen Gr\u00f6\u00dfen bespr\u00fchte ein Unbekannter die R\u00fcckseiten der Garagen eines Hauses der Gisselberger Stra\u00dfe. Die besch\u00e4digten W\u00e4nde liegen alle zum Durchgang Teichwiesengraben. Die Tatzeit l\u00e4sst sich bislang lediglich auf einen Zeitraum zwischen Dienstag (3. Dezember) und Samstag (4. Januar) eingrenzen. Der Schaden d\u00fcrfte vierstellig\u2026","rel":"","context":"In &quot;Sonstiges&quot;","img":{"alt_text":"","src":"","width":0,"height":0},"classes":[]},{"id":7098,"url":"http:\/\/marburg.news\/?p=7098","url_meta":{"origin":16773,"position":3},"title":"Einbruchsermittlungen: Durch Garagen in Keller eingedrungen","date":"25. Mai 2021","format":false,"excerpt":"Einen hohen Sachschaden hinterlie\u00dfen Diebe an einem Garagentor an der Weintrautstra\u00dfe. Zudem stahlen sie ein hochwertiges Canyon-Mountainbike. Den Diebstahl bemerkten Bewohner am Montag (24. Mai) um 11.25 Uhr. Bislang steht allerdings nicht fest, in welchem Zeitraum die Diebe das Garagentor aufhebelten und sich so Zugang zum Keller des Mehrfamilienhauses verschafft\u2026","rel":"","context":"In &quot;Sonstiges&quot;","img":{"alt_text":"","src":"","width":0,"height":0},"classes":[]},{"id":1434,"url":"http:\/\/marburg.news\/?p=1434","url_meta":{"origin":16773,"position":4},"title":"An W\u00e4nde: Graffiti und Wurf gegen Scheibe","date":"12. Dezember 2017","format":false,"excerpt":"Insgesamt waren \u00fcber 40 Quadratmeter mit Graffiti bespr\u00fcht. Dadurch entstand ein Schaden von mehreren Hundert Euro. Vermutlichzwei Sprayer benutzten die Farbe Orange. Sie hinterlie\u00dfen nicht identifizierbare Tags auf der Stra\u00dfe bei der Einm\u00fcndung der D\u00fcnsbergstra\u00dfe in die Stra\u00dfe \"Zur Burgruine\" sowie an mehreren W\u00e4nden von Garagen in der N\u00e4he. Zwei\u2026","rel":"","context":"In &quot;Sonstiges&quot;","img":{"alt_text":"","src":"","width":0,"height":0},"classes":[]},{"id":6751,"url":"http:\/\/marburg.news\/?p=6751","url_meta":{"origin":16773,"position":5},"title":"Zeugen missachtet: Sprayer vorl\u00e4ufig festgenommen","date":"23. M\u00e4rz 2021","format":false,"excerpt":"Ein vorbeifahrender Zeuge meldete am Montag (22. M\u00e4rz) um 0.45 Uhr einen Sprayer. Im Bereich Schwanallee und Gisselberger Stra\u00dfe spr\u00fche er Graffitis an Garagen. Mehrere Polizeistreifen befanden sich wenige Minuten sp\u00e4ter im genannten Gebiet. Der Verd\u00e4chtige fl\u00fcchtete beim Erblicken der Streife. Etwas sp\u00e4ter wurde er aber erneut gesehen- und nach\u2026","rel":"","context":"In &quot;Sonstiges&quot;","img":{"alt_text":"","src":"","width":0,"height":0},"classes":[]}],"_links":{"self":[{"href":"http:\/\/marburg.news\/index.php?rest_route=\/wp\/v2\/posts\/16773"}],"collection":[{"href":"http:\/\/marburg.news\/index.php?rest_route=\/wp\/v2\/posts"}],"about":[{"href":"http:\/\/marburg.news\/index.php?rest_route=\/wp\/v2\/types\/post"}],"author":[{"embeddable":true,"href":"http:\/\/marburg.news\/index.php?rest_route=\/wp\/v2\/users\/2"}],"replies":[{"embeddable":true,"href":"http:\/\/marburg.news\/index.php?rest_route=%2Fwp%2Fv2%2Fcomments&post=16773"}],"version-history":[{"count":1,"href":"http:\/\/marburg.news\/index.php?rest_route=\/wp\/v2\/posts\/16773\/revisions"}],"predecessor-version":[{"id":16776,"href":"http:\/\/marburg.news\/index.php?rest_route=\/wp\/v2\/posts\/16773\/revisions\/16776"}],"wp:attachment":[{"href":"http:\/\/marburg.news\/index.php?rest_route=%2Fwp%2Fv2%2Fmedia&parent=16773"}],"wp:term":[{"taxonomy":"category","embeddable":true,"href":"http:\/\/marburg.news\/index.php?rest_route=%2Fwp%2Fv2%2Fcategories&post=16773"},{"taxonomy":"post_tag","embeddable":true,"href":"http:\/\/marburg.news\/index.php?rest_route=%2Fwp%2Fv2%2Ftags&post=16773"}],"curies":[{"name":"wp","href":"https:\/\/api.w.org\/{rel}","templated":true}]}}