{"id":16525,"date":"2024-10-04T15:57:40","date_gmt":"2024-10-04T13:57:40","guid":{"rendered":"http:\/\/marburg.news\/?p=16525"},"modified":"2024-10-05T14:38:52","modified_gmt":"2024-10-05T12:38:52","slug":"abgegeben-yvonne-ruppersberg-uebernimmt-praevention-im-polizeipraesidium","status":"publish","type":"post","link":"http:\/\/marburg.news\/?p=16525","title":{"rendered":"Abgegeben: Yvonne Ruppersberg \u00fcbernimmt Pr\u00e4vention im Polizeipr\u00e4sidium"},"content":{"rendered":"<p>Der Stabsbereich Pr\u00e4vention beim Polizeipr\u00e4sidium Mittelhessen hat eine neue Leitung. \u00dcbernommen hat diese Aufgabe Kriminalhauptkommissarin Yvonne Ruppersberg aus Marburg. <!--more--><br \/>\nYvonne Ruppersberg leitet seit Ende August die Pr\u00e4ventionsabteilung des Polizeipr\u00e4sidiums Mittelhessen &#8222;E4&#8220;. Sie \u00fcbernimmt das Amt ihrer Vorg\u00e4ngerin Sylvia Frech, die die Beh\u00f6rde verlassen hat.<br \/>\nDie 51-j\u00e4hrige Kriminalhauptkommissarin ist eine erfahrende Beamtin, die jahrelang selbst im Deliktsbereich des sexuellen Missbrauchs von Kindern und Jugendlichen und der Kinder- sowie Jugendpornographie ermittelt hat. Bis zu ihrem Wechsel hatte sie seit Sommer 2020 die stellvertretende Leitung des daf\u00fcr zust\u00e4ndigen Kommissariats 12 &#8211; nun &#8222;Zentralkommissariat Fokus&#8220; &#8211; inne. Am Anfang ihrer Karriere sammelte Ruppersberg Erfahrungen bei der Kriminalpolizei des Polizeipr\u00e4sidiums Frankfurt, bevor sie 2010 nach Mittelhessen versetzt wurde.<br \/>\nDort wurde sie zuerst im Kommissariats 12 eingesetzt. Zwei Jahre lang ermittelte sie auch beim Zentralkommissariat 30, wo sie im Bereich Milieukriminalit\u00e4t und Menschenhandel t\u00e4tig war. Durch ihre bisherigen Verwendungen bringt Ruppersberg bereits viel Erfahrung im Bereich der Pr\u00e4ventionsarbeit mit.<br \/>\nDie 51-j\u00e4hrige Kriminalbeamtin lebt zusammen mit ihrem Ehemann und einer erwachsenen Tochter in einem Stadtteil von Marburg. &#8222;Wir w\u00fcnschen Yvonne Ruppersberg einen guten Start in die neue T\u00e4tigkeit&#8220;, erkl\u00e4rte Pierre Gath am Freitag (4. Oktober) im Namen des Polizeipr\u00e4sidiums Mittelhessen.<\/p>\n<p>* pm: Polizei Marburg<\/p>\n","protected":false},"excerpt":{"rendered":"<p>Der Stabsbereich Pr\u00e4vention beim Polizeipr\u00e4sidium Mittelhessen hat eine neue Leitung. \u00dcbernommen hat diese Aufgabe Kriminalhauptkommissarin Yvonne Ruppersberg aus Marburg.<\/p>\n","protected":false},"author":2,"featured_media":0,"comment_status":"closed","ping_status":"open","sticky":false,"template":"","format":"standard","meta":{"advanced_seo_description":"","spay_email":"","jetpack_publicize_message":"","jetpack_is_tweetstorm":false,"jetpack_publicize_feature_enabled":true},"categories":[4],"tags":[16,926,6364],"jetpack_featured_media_url":"","jetpack_publicize_connections":[],"jetpack_sharing_enabled":true,"jetpack_shortlink":"https:\/\/wp.me\/p8mhvd-4ix","jetpack-related-posts":[{"id":18504,"url":"http:\/\/marburg.news\/?p=18504","url_meta":{"origin":16525,"position":0},"title":"Zum Auftakt des Sommers: Carina Lerch \u00fcbernimmt F\u00fchrungsfunktion der Polizei","date":"6. August 2025","format":false,"excerpt":"Mitte Juli hat Carina Lerch die Leitung der Abteilung Einsatz im Polizeipr\u00e4sidium Mittelhessen\u00fcbernommen. Sie ist die erste Frau, die diese F\u00fchrungsfunktion innehat. Die Abteilung Einsatz ist mit rund 2.000 Mitarbeitenden die personell gr\u00f6\u00dfte Organisationseinheit des Pr\u00e4sidiums. Die leitende Kriminaldirektorin verantwortet die operative Polizeiarbeit in den Landkreisen Gie\u00dfen, Wetterau, Marburg-Biedenkopf und\u2026","rel":"","context":"In &quot;Soziales&quot;","img":{"alt_text":"","src":"","width":0,"height":0},"classes":[]},{"id":4413,"url":"http:\/\/marburg.news\/?p=4413","url_meta":{"origin":16525,"position":1},"title":"An Einf\u00fchrung: Gaby H\u00e4user neue Polizeichefin von Marburg","date":"14. November 2019","format":false,"excerpt":"Gaby H\u00e4user hei\u00dft die neue Leiterin der Polizeidirektion Marburg-Biedenkopf. Die Polizeidirektorin l\u00f6st Kriminaldirektor Bodo Koch ab. Er folgt einem Ruf des Landespolizeipr\u00e4sidiums in das Referat f\u00fcr Informationsstrategie und -technik der Polizei. Polizeipr\u00e4sident Bernd Paul begr\u00fc\u00dfte die neue Leiterin der Polizeidirektion Marburg-Biedenkopf und f\u00fchrte sie am Donnerstag (14. November) in ihr\u2026","rel":"","context":"In &quot;Politik&quot;","img":{"alt_text":"","src":"","width":0,"height":0},"classes":[]},{"id":6422,"url":"http:\/\/marburg.news\/?p=6422","url_meta":{"origin":16525,"position":2},"title":"Frauen flexibler: Polizeidirektorin Gaby H\u00e4user geht nach Norddeutschland","date":"29. Januar 2021","format":false,"excerpt":"Die Polizeidirektorin Gaby H\u00e4user zieht es nach nur knapp einem Jahr von Marburg nach Schleswig-Holstein. Das berichtete das Polizeipr\u00e4sidium Mittelhessen am Freitag (29. Januar). \"Manchmal gibt es unvorhergesehene Ver\u00e4nderungen; und dann geht alles pl\u00f6tzlich auch noch ganz schnell\", erl\u00e4uterte H\u00e4user. \"Ich wechsle ausschlie\u00dflich aus pers\u00f6nlichen Gr\u00fcnden und verlasse die Polizeidirektion\u2026","rel":"","context":"In &quot;Soziales&quot;","img":{"alt_text":"","src":"","width":0,"height":0},"classes":[]},{"id":16454,"url":"http:\/\/marburg.news\/?p=16454","url_meta":{"origin":16525,"position":3},"title":"Am Polizeipr\u00e4sidium : Manfred Kaletsch in den Ruhestand verabschiedet","date":"27. September 2024","format":false,"excerpt":"Seinen Abteilungsdirektor Manfred Kaletsch hat das Polizeipr\u00e4sidium Mittelhessen am Freitag (20. September) in den Ruhestand verabschiedet. Zweimal hatte Kaletsch auch F\u00fchrungsaufgaben in Marburg wahrgenommen. Seinen letzten Dienst bei der hessischen Polizei hatte der Leiter der Abteilung Einsatz des Polizeipr\u00e4sidiums Mittelhessen am Freitag (20. September). Nach 42 Dienstjahren verabschiedete Polizeipr\u00e4sident Torsten\u2026","rel":"","context":"In &quot;Soziales&quot;","img":{"alt_text":"","src":"","width":0,"height":0},"classes":[]},{"id":14264,"url":"http:\/\/marburg.news\/?p=14264","url_meta":{"origin":16525,"position":4},"title":"Gro\u00dfe Bef\u00f6rderung: Marco B\u00e4rtl neuer Polizei-Vizepr\u00e4sident","date":"3. November 2023","format":false,"excerpt":"Die Leitung des Polizeipr\u00e4sidiums Mittelhessen ist wieder komplett. Seit Mittwoch (1. November) ist Marco B\u00e4rtl der neue Vizepr\u00e4sident an der Seite von Polizeipr\u00e4sident Torsten Kr\u00fcckemeier. \"Ich freue mich sehr, dass wir den freien Posten nach so kurzer Zeit wiederbesetzen konnten\", erkl\u00e4rte Kr\u00fcckemeier. \"Polizeiarbeit ist Teamarbeit und dies gilt insbesondere auch\u2026","rel":"","context":"In &quot;Politik&quot;","img":{"alt_text":"","src":"","width":0,"height":0},"classes":[]},{"id":19587,"url":"http:\/\/marburg.news\/?p=19587","url_meta":{"origin":16525,"position":5},"title":"Gleiche Gedanken: Best \u00fcbernimmt Leitung des Kirchenkreisamts","date":"20. Februar 2026","format":false,"excerpt":"Das Kirchenkreisamt in Marburg hat eine neue Chefin. Alexandra Best \u00fcbernimmt seine Leitung. Seit Sonntag (1. Februar) hat das Kirchenkreisamt der beiden Kirchenkreise Marburg und Kirchhain eine neue Leitung: Alexandra Best wird k\u00fcnftig die Verwaltung f\u00fchren. Der bisherige Amtsleiter Gerhard R\u00f6diger \u00fcbernimmt die Leitung eines Pilotprojekts der Evangelischen Kirche von\u2026","rel":"","context":"In &quot;Soziales&quot;","img":{"alt_text":"","src":"","width":0,"height":0},"classes":[]}],"_links":{"self":[{"href":"http:\/\/marburg.news\/index.php?rest_route=\/wp\/v2\/posts\/16525"}],"collection":[{"href":"http:\/\/marburg.news\/index.php?rest_route=\/wp\/v2\/posts"}],"about":[{"href":"http:\/\/marburg.news\/index.php?rest_route=\/wp\/v2\/types\/post"}],"author":[{"embeddable":true,"href":"http:\/\/marburg.news\/index.php?rest_route=\/wp\/v2\/users\/2"}],"replies":[{"embeddable":true,"href":"http:\/\/marburg.news\/index.php?rest_route=%2Fwp%2Fv2%2Fcomments&post=16525"}],"version-history":[{"count":1,"href":"http:\/\/marburg.news\/index.php?rest_route=\/wp\/v2\/posts\/16525\/revisions"}],"predecessor-version":[{"id":16531,"href":"http:\/\/marburg.news\/index.php?rest_route=\/wp\/v2\/posts\/16525\/revisions\/16531"}],"wp:attachment":[{"href":"http:\/\/marburg.news\/index.php?rest_route=%2Fwp%2Fv2%2Fmedia&parent=16525"}],"wp:term":[{"taxonomy":"category","embeddable":true,"href":"http:\/\/marburg.news\/index.php?rest_route=%2Fwp%2Fv2%2Fcategories&post=16525"},{"taxonomy":"post_tag","embeddable":true,"href":"http:\/\/marburg.news\/index.php?rest_route=%2Fwp%2Fv2%2Ftags&post=16525"}],"curies":[{"name":"wp","href":"https:\/\/api.w.org\/{rel}","templated":true}]}}