{"id":16500,"date":"2024-10-02T11:25:43","date_gmt":"2024-10-02T09:25:43","guid":{"rendered":"http:\/\/marburg.news\/?p=16500"},"modified":"2024-10-02T11:25:43","modified_gmt":"2024-10-02T09:25:43","slug":"ausgeflaggt-zum-jahrestag-des-ueberfalls-der-hamas-auf-israel","status":"publish","type":"post","link":"http:\/\/marburg.news\/?p=16500","title":{"rendered":"Ausgeflaggt: Zum Jahrestag des \u00dcberfalls der Hamas auf Israel"},"content":{"rendered":"<p>Die Eskalation des Kriegs im Nahen Osten hat die Stadt Marburg zu einer symbolischen Stellungnahme bewegt. Aus Anlass des Jahrestags des \u00dcberfalls der Hamas auf Israel wird das Rathaus am Montag (7. Oktober) mit der israelischen Flagge beflaggt. <!--more--><\/p>\n<p>* pm: Stadt Marburg<\/p>\n","protected":false},"excerpt":{"rendered":"<p>Die Eskalation des Kriegs im Nahen Osten hat die Stadt Marburg zu einer symbolischen Stellungnahme bewegt. Aus Anlass des Jahrestags des \u00dcberfalls der Hamas auf Israel wird das Rathaus am Montag (7. Oktober) mit der israelischen Flagge beflaggt.<\/p>\n","protected":false},"author":2,"featured_media":0,"comment_status":"closed","ping_status":"open","sticky":false,"template":"","format":"standard","meta":{"advanced_seo_description":"","spay_email":"","jetpack_publicize_message":"","jetpack_is_tweetstorm":false,"jetpack_publicize_feature_enabled":true},"categories":[2],"tags":[5456,4799,701],"jetpack_featured_media_url":"","jetpack_publicize_connections":[],"jetpack_sharing_enabled":true,"jetpack_shortlink":"https:\/\/wp.me\/p8mhvd-4i8","jetpack-related-posts":[{"id":15044,"url":"http:\/\/marburg.news\/?p=15044","url_meta":{"origin":16500,"position":0},"title":"Ukraine als Unbeugsame: Beflaggung zum zweiten Jahrestag des Angriffs","date":"23. Februar 2024","format":false,"excerpt":"Zum zweiten Jahrestag des Angriffs auf die Ukraine am 24. Februar 2020 wird das Rathaus in blau und gelb beleuchtet. Das hat die Stadt Marburg am Freitag (23. Februar) angek\u00fcndigt. Entsprechend der landesweiten Beflaggung zum Jahrestag des russischen \u00dcberfalls auf die Ukraine werden die st\u00e4dtischen Geb\u00e4ude am Samstag (24. Februar)\u2026","rel":"","context":"In &quot;Politik&quot;","img":{"alt_text":"","src":"","width":0,"height":0},"classes":[]},{"id":18776,"url":"http:\/\/marburg.news\/?p=18776","url_meta":{"origin":16500,"position":1},"title":"Mahnwache am Marktplatz: Zum Gedenken der Opfer des \u00dcberfalls der Hamas","date":"2. Oktober 2025","format":false,"excerpt":"Zu einer Mahnwache am Donnerstag (9. Oktober) um 18 Uhr auf dem Marktplatz rufen das Netzwerk f\u00fcr j\u00fcdisches Leben Marburg, die Deutsch-Israelische Gesellschaft und das Junge Forum der DIG Marburg auf. Dort wollen sie der Opfer des \u00dcberfalls der Hamas am 7. Oktober 2023 gedenken. Der grausame \u00dcberfall der Hamas\u2026","rel":"","context":"In &quot;Politik&quot;","img":{"alt_text":"","src":"","width":0,"height":0},"classes":[]},{"id":19586,"url":"http:\/\/marburg.news\/?p=19586","url_meta":{"origin":16500,"position":2},"title":"Gleiches Gedenken: Trauerbeflaggung f\u00fcr Ukraine und S\u00fcssmuth","date":"20. Februar 2026","format":false,"excerpt":"Solidarit\u00e4ts- und Trauerbeflaggungen gibt es am 23. und 24. Februar in Marburg. Das hat die Stadt am Freitag (20. Februar) angek\u00fcndigt. Zum Jahrestag des russischen \u00dcberfalls auf die Ukraine an den st\u00e4dtischen Geb\u00e4uden am Montag (23. Februar) werden - mit Blick auf die Geb\u00e4ude von links beginnend - die Europaflagge,\u2026","rel":"","context":"In &quot;Politik&quot;","img":{"alt_text":"","src":"","width":0,"height":0},"classes":[]},{"id":14683,"url":"http:\/\/marburg.news\/?p=14683","url_meta":{"origin":16500,"position":3},"title":"Soziales 2023: Antisemitismus, rassismus, Klimawandel und Corona","date":"31. Dezember 2023","format":false,"excerpt":"Nach wie vor ist die Wohnungsnot eines der zentralen Themen in Marburg. Steigende Mieten sind die unangenehme Folge. Abhilfe schaffen m\u00f6chte die Stadt mit Neubaugebieten an der Beltersh\u00e4user Stra\u00dfe in Cappel und am Hasenkopf. Auf einem Grundst\u00fcck am Oberen Rotenberg sollen zudem besondere Wohnprojekte einen Platz finden. All das wird\u2026","rel":"","context":"In &quot;Soziales&quot;","img":{"alt_text":"","src":"","width":0,"height":0},"classes":[]},{"id":11967,"url":"http:\/\/marburg.news\/?p=11967","url_meta":{"origin":16500,"position":4},"title":"Phantasiereiche Marburger: Trauerbekundungen zum Jahrestag des Kriegsbeginns","date":"17. Februar 2023","format":false,"excerpt":"Trauerbeflaggung und Beleuchtung anl\u00e4sslich des Jahrestages des Beginns des Ukraine-Kriegs am 24. und 25. Februar hat die Stadt angek\u00fcndigt. Zudem ruft sie zu Solidarit\u00e4tsbekundungen auf. Anl\u00e4sslich des Jahrestags des Beginns des Ukrainekriegs werden alle st\u00e4dtischen Geb\u00e4ude am Freitag (24. Februar) mit einer Trauerbeflaggung beflaggt. Die Beflaggung aller \u00f6ffentlichen Geb\u00e4ude in\u2026","rel":"","context":"In &quot;Politik&quot;","img":{"alt_text":"","src":"","width":0,"height":0},"classes":[]},{"id":14685,"url":"http:\/\/marburg.news\/?p=14685","url_meta":{"origin":16500,"position":5},"title":"Politik 2023: Abstimmung, Auszeichnung, Demos und Wahlen","date":"31. Dezember 2023","format":false,"excerpt":"Das Mobilit\u00e4ts- und Verkehrskonzept \"MoVe 35\" entzweite im Jahr 2023 die Gem\u00fcter. Seit 2020 war es ausgiebig in der Bev\u00f6lkerung diskutiert worden. Dennoch sammelten Kritiker des Konzepts schlie\u00dflich 6.827 Unterschriften f\u00fcr einen B\u00fcrgerentscheid gegen \"MoVe 35\". Der daf\u00fcr vorgelegte Text war jedoch aufgrund seine vielen Fragen und fehlender Klarheit nicht\u2026","rel":"","context":"In &quot;Politik&quot;","img":{"alt_text":"","src":"","width":0,"height":0},"classes":[]}],"_links":{"self":[{"href":"http:\/\/marburg.news\/index.php?rest_route=\/wp\/v2\/posts\/16500"}],"collection":[{"href":"http:\/\/marburg.news\/index.php?rest_route=\/wp\/v2\/posts"}],"about":[{"href":"http:\/\/marburg.news\/index.php?rest_route=\/wp\/v2\/types\/post"}],"author":[{"embeddable":true,"href":"http:\/\/marburg.news\/index.php?rest_route=\/wp\/v2\/users\/2"}],"replies":[{"embeddable":true,"href":"http:\/\/marburg.news\/index.php?rest_route=%2Fwp%2Fv2%2Fcomments&post=16500"}],"version-history":[{"count":0,"href":"http:\/\/marburg.news\/index.php?rest_route=\/wp\/v2\/posts\/16500\/revisions"}],"wp:attachment":[{"href":"http:\/\/marburg.news\/index.php?rest_route=%2Fwp%2Fv2%2Fmedia&parent=16500"}],"wp:term":[{"taxonomy":"category","embeddable":true,"href":"http:\/\/marburg.news\/index.php?rest_route=%2Fwp%2Fv2%2Fcategories&post=16500"},{"taxonomy":"post_tag","embeddable":true,"href":"http:\/\/marburg.news\/index.php?rest_route=%2Fwp%2Fv2%2Ftags&post=16500"}],"curies":[{"name":"wp","href":"https:\/\/api.w.org\/{rel}","templated":true}]}}