{"id":16453,"date":"2024-09-27T15:15:00","date_gmt":"2024-09-27T13:15:00","guid":{"rendered":"http:\/\/marburg.news\/?p=16453"},"modified":"2024-09-27T15:15:00","modified_gmt":"2024-09-27T13:15:00","slug":"am-jubilaeum-christian-meineke-preis-an-netzwerk-ehrenamt-flucht-und-integration","status":"publish","type":"post","link":"http:\/\/marburg.news\/?p=16453","title":{"rendered":"Am Jubil\u00e4um: Christian-Meineke-Preis an Netzwerk Ehrenamt, Flucht und Integration"},"content":{"rendered":"<p>Bereits zum 6. Mal wurde der Christian-Meineke-Preis verliehen. Mit der Auszeichnung wurde das Netzwerk Ehrenamt, Flucht und Integration geehrt. <!--more--><br \/>\nMit dem &#8222;Christian-Meineke-Preis f\u00fcr kulturelle Interaktion&#8220; wird der gemeinn\u00fctzige Einsatz von Aktiven und Engagierten anerkannt und ihnen gedankt. In diesem Jahr ging die Auszeichnung an das Netzwerk Ehrenamt, Flucht und Integration (EFI). EFI unterst\u00fctzt Freiwilligeninitiativen im Bereich der Fl\u00fcchtlingsarbeit.<br \/>\n&#8222;Preise f\u00fcr gesellschaftliches Engagement sind immer ein Spiegel unserer gemeinsamen \u00dcberzeugungen und Werte&#8220;, erkl\u00e4rte Oberb\u00fcrgermeister Dr. Thomas Spies bei der \u00dcberreichung des Christian-Meinecke-Preises f\u00fcr kulturelle Interaktion 2024 im Rathaus. &#8222;Sie erz\u00e4hlen von dem Potential der Zivilcourage und der Kraft des Zusammenhaltes.&#8220;<br \/>\nZu seinem 10-j\u00e4hrigen Bestehen wurde dieses Jahr das Netzwerk Ehrenamt, Flucht und Integration (EFI) mit dem Christian-Meineke-Preis ausgezeichnet. EFI wurde 2014 vom Landkreis Marburg-Biedenkopf zusammen mit der Universit\u00e4tsstadt Marburg, der Freiwilligenagentur Marburg-Biedenkopf und der Koordinierungsstelle f\u00fcr Fl\u00fcchtlingsinitiativen ins Leben gerufen. Sein Entstehen wurde vom damaligen Integrationsbeauftragten Christian Meineke begleitet.<br \/>\nDie Koordinierungsstelle Fl\u00fcchtlingsinitiativen ist Ansprechpartnerin f\u00fcr engagierte B\u00fcrgerinnen und B\u00fcrger sowie Initiativen und Verb\u00e4nde, die in der Fl\u00fcchtlingsarbeit aktiv sind oder werden m\u00f6chten. EFI bietet den Freiwilligen einen Rahmen zum Dialog, Fortbildungen zu ausgew\u00e4hlten Themen, Informationen \u00fcber aktuelle Angebote und Projekte sowie M\u00f6glichkeiten der Vernetzung zur Unterst\u00fctzung der Gefl\u00fcchteten. Damit ist EFI ein Vorbild der gelebten Willkommenskultur und der Integration. &#8222;Denn Integration&#8220; &#8211;<br \/>\nerkl\u00e4rte der Oberb\u00fcrgermeister &#8211; &#8222;ist immer auch eine Aufgabe f\u00fcr die aufnehmende Gesellschaft&#8220;.<br \/>\nIm EFI arbeiten Engagierte aus den Fl\u00fcchtlingsinitiativen der Stadt Marburg und vielen St\u00e4dten und Gemeinden des Landkreises zusammen mit den Beh\u00f6rden und der Politik, um bestm\u00f6gliche L\u00f6sungen f\u00fcr die Integration von gefl\u00fcchteten Menschen zu erreichen. Die Arbeit ist gepr\u00e4gt vom gemeinsamen Bem\u00fchen um das Zusammenleben neu Zugezogener und Alteingesessener in Frieden und sozialer Sicherheit. &#8222;Die Ziele von EFI stehen ganz im Sinne der friedlichen kulturellen Interaktion von Erwachsenen, f\u00fcr die sich Christian Meineke so eingesetzt hat&#8220;, erg\u00e4nzte Stadtr\u00e4tin Kirsten Dinnebier. Das ehrenamtliche Engagement aller Beteiligten bei EFI sei das Fundament f\u00fcr diese verl\u00e4ssliche Anlaufstelle, die die n\u00f6tige Unterst\u00fctzung f\u00fcr den Aufbau eines Lebens in Sicherheit und Frieden bietet. Freiwillig, aus \u00dcberzeugung und mit Leidenschaft werde daran gearbeitet, die Integration zu erleichtern und Perspektiven zu schaffen.<br \/>\n&#8222;Wenn das gesellschaftliche Klima rauer wird in der derzeitigen be\u00e4ngstigenden Stimmungslage von Hass und Hetze gegen Gefl\u00fcchtete und Menschen mit Migrationshintergrund, brauchen wir umso mehr ein respektvolles Miteinander, das Frieden schafft&#8220;, hob Dinnebier in ihrer Laudatio hervor. &#8222;Und deshalb ist EFI unbedingt auszeichnungsw\u00fcrdig.&#8220; Der Meineke-Preis erinnert an den &#8211; 2016 verstorbenen &#8211; Integrationsbeauftragten Marburgs und wurde nun zum sechsten Mal &#8211; gemeinsam von der Stadt, dem Ausl\u00e4nderbeirat, der Islamischen Gemeinde, dem Verein &#8222;Vielfalt&#8220; und dem Runden Tisch der Religionen &#8211; verliehen.<br \/>\nDie diesj\u00e4hrige Auszeichnung nahmen Nurg\u00fcl Santur, Elke Br\u00fchl, Wiltrud Lambinet-Potthoff, Peter Backhaus, Rolf Dotzauer und Gerhard Wenz stellvertretend f\u00fcr die vielen Freiwilligen von EFI entgegen. Sie m\u00f6chten das Preisgeld f\u00fcr die Unterst\u00fctzung von ehrenamtlichen Strukturen bei der Neuaufnahme von Gefl\u00fcchteten verwenden.<br \/>\n&#8222;Die Weitergabe von Wissen und Erfahrung ist das Erfolgsrezept der Kontinuit\u00e4t des Netzwerks&#8220;, hob Jurymitglied Dinnebier hervor: &#8222;F\u00fcr die Entscheidung der Jury waren das langj\u00e4hrige Engagement f\u00fcr eine weltoffene Gesellschaft und Mut und Standhaftigkeit bei der Aufgabe, das Zusammenleben zwischen Gefl\u00fcchteten und Einheimischen besonders zu f\u00f6rdern ausschlaggebend.&#8220; In einer Zeit, in der manche nur Trennendes sehen und keine Zuflucht f\u00fcr Verfolgte mehr geben wollen, m\u00f6chte die Jury mit ihrer Entscheidung ihre gro\u00dfe Wertsch\u00e4tzung f\u00fcr dieses langj\u00e4hrige Engagement f\u00fcr den gesellschaftlichen Zusammenhalt ausdr\u00fccken.<\/p>\n<p>* pm:<br \/>\nStadt Marburg<\/p>\n","protected":false},"excerpt":{"rendered":"<p>Bereits zum 6. Mal wurde der Christian-Meineke-Preis verliehen. Mit der Auszeichnung wurde das Netzwerk Ehrenamt, Flucht und Integration geehrt.<\/p>\n","protected":false},"author":2,"featured_media":0,"comment_status":"closed","ping_status":"open","sticky":false,"template":"","format":"standard","meta":{"advanced_seo_description":"","spay_email":"","jetpack_publicize_message":"","jetpack_is_tweetstorm":false,"jetpack_publicize_feature_enabled":true},"categories":[2,4],"tags":[3953,261,387],"jetpack_featured_media_url":"","jetpack_publicize_connections":[],"jetpack_sharing_enabled":true,"jetpack_shortlink":"https:\/\/wp.me\/p8mhvd-4hn","jetpack-related-posts":[{"id":17338,"url":"http:\/\/marburg.news\/?p=17338","url_meta":{"origin":16453,"position":0},"title":"Bewerben: Christian-Meineke-Preis w\u00fcrdigt interkulturelles Engagement","date":"17. Januar 2025","format":false,"excerpt":"Bis Sonntag (23. Februar) k\u00f6nnen sich Interessierte f\u00fcr den Christian-Meineke-Preis bewerben. Er ist eine Auszeichnung f\u00fcr herausragendes Engagement f\u00fcr kulturelle Interaktion. Seit 2018 zeichnet der \"Christian-Meineke-Preis f\u00fcr kulturelle Interaktion\" herausragenden Einsatz f\u00fcr das soziale und friedliche gesellschaftliche Zusammenleben in Marburg aus. Nun wird der Preis erneut ausgeschrieben. Die Islamische Gemeinde\u2026","rel":"","context":"In &quot;Soziales&quot;","img":{"alt_text":"","src":"","width":0,"height":0},"classes":[]},{"id":8884,"url":"http:\/\/marburg.news\/?p=8884","url_meta":{"origin":16453,"position":1},"title":"Erinnerung an Auszeichnung: Vorschl\u00e4ge f\u00fcr Christian-Meineke-Preis bis 6. M\u00e4rz","date":"4. M\u00e4rz 2022","format":false,"excerpt":"Bewerbungen f\u00fcr den Christian-Meineke-Preis sind noch bis Sonntag (6. M\u00e4rz) m\u00f6glich. Darauf hat die Stadt Marburg am Freitag (4. M\u00e4rz) hingewiesen. Mit dem \"Christian-Meineke-Preis f\u00fcr kulturelle Interaktion\" wird der gemeinn\u00fctzige Einsatz von Aktiven und Engagierten anerkannt und ihnen gedankt. Der Preis wird bereits zum vierten Mal von der Islamischen Gemeinde\u2026","rel":"","context":"In &quot;Soziales&quot;","img":{"alt_text":"","src":"","width":0,"height":0},"classes":[]},{"id":19309,"url":"http:\/\/marburg.news\/?p=19309","url_meta":{"origin":16453,"position":2},"title":"Einsatz f\u00fcr die Integration: Bewerben f\u00fcr Christian-Meineke-Preis","date":"7. Januar 2026","format":false,"excerpt":"Bis 15. Februar 2026 k\u00f6nnen sich Interessierte f\u00fcr den Christian-Meineke-Preis bewerben. Er ist eine Auszeichnung f\u00fcr herausragendes Engagement. Seit 2018 zeichnet der \"Christian-Meineke-Preis f\u00fcr kulturelle Interaktion\" herausragenden Einsatz f\u00fcr das soziale und friedliche gesellschaftliche Zusammenleben in Marburg aus. Nun wird der Preis erneut ausgeschrieben. Die Islamische Gemeinde Marburg und die\u2026","rel":"","context":"In &quot;Soziales&quot;","img":{"alt_text":"","src":"","width":0,"height":0},"classes":[]},{"id":1830,"url":"http:\/\/marburg.news\/?p=1830","url_meta":{"origin":16453,"position":3},"title":"Teuer triumphiert: Christian-Meineke-Preis soll Integration w\u00fcrdigen","date":"8. M\u00e4rz 2018","format":false,"excerpt":"Einen \"Christian-Meineke-Preis f\u00fcr kulturelle Interaktion\" will die Stadt Marburg verleihen. Er soll Aktiven und Engagierten Annerkennung und Dank aussprechen. Es gibt zahlreiche Menschen, die sich freiwillig und sehr engagiert f\u00fcr das soziale und friedliche gesellschaftliche Zusammenleben aller Menschen in der Stadt einsetzen. Der mit 1.500 Euro dotierte Preis soll den\u2026","rel":"","context":"In &quot;Politik&quot;","img":{"alt_text":"","src":"","width":0,"height":0},"classes":[]},{"id":8560,"url":"http:\/\/marburg.news\/?p=8560","url_meta":{"origin":16453,"position":4},"title":"Bis 6. M\u00e4rz: Vorschl\u00e4ge f\u00fcr hristian-Meineke-Preis","date":"15. Januar 2022","format":false,"excerpt":"Aktive im interkulturellen Dialog k\u00f6nnen sich jetzt bewerben f\u00fcr den Christian-Meineke-Preis. Sie sollten ihre Vorschl\u00e4ge und Ideen bis Sonntag (6. M\u00e4rz) einreichen. Bereits zum vierten Mal vergibt die Islamische Gemeinde Marburg gemeinsam mit der Universit\u00e4tsstadt Marburg, dem Ausl\u00e4nderbeirat und dem Verein \"Vielfalt Marburg\" den \"Christian-Meineke-Preis f\u00fcr kulturelle Interaktion\". Der Preis\u2026","rel":"","context":"In &quot;Politik&quot;","img":{"alt_text":"","src":"","width":0,"height":0},"classes":[]},{"id":19650,"url":"http:\/\/marburg.news\/?p=19650","url_meta":{"origin":16453,"position":5},"title":"Leben sichtbar gemacht: Theaterlabor Richtsberg erhielt Christian-Meineke-Preis","date":"3. M\u00e4rz 2026","format":false,"excerpt":"Das \"Theaterlabor Richtsberg\" erz\u00e4hlt echte Geschichten. Daf\u00fcr hat es den Christian-Meineke-Preis 2026 erhalten. Im Rahmen des Ramadan-Empfangs mit gemeinsamem Fastenbrechen der Islamischen Gemeinde Marburg in der Sporthalle der Kaufm\u00e4nnischen Schulen hat das \"Theaterlabor Richtsberg\" den Christian-Meinke-Preis f\u00fcr kulturelle Interaktion erhalten. Die Universit\u00e4tsstadt Marburg, die Islamische Gemeinde Marburg und der Ausl\u00e4nderbeirat\u2026","rel":"","context":"In &quot;Kultur&quot;","img":{"alt_text":"","src":"","width":0,"height":0},"classes":[]}],"_links":{"self":[{"href":"http:\/\/marburg.news\/index.php?rest_route=\/wp\/v2\/posts\/16453"}],"collection":[{"href":"http:\/\/marburg.news\/index.php?rest_route=\/wp\/v2\/posts"}],"about":[{"href":"http:\/\/marburg.news\/index.php?rest_route=\/wp\/v2\/types\/post"}],"author":[{"embeddable":true,"href":"http:\/\/marburg.news\/index.php?rest_route=\/wp\/v2\/users\/2"}],"replies":[{"embeddable":true,"href":"http:\/\/marburg.news\/index.php?rest_route=%2Fwp%2Fv2%2Fcomments&post=16453"}],"version-history":[{"count":0,"href":"http:\/\/marburg.news\/index.php?rest_route=\/wp\/v2\/posts\/16453\/revisions"}],"wp:attachment":[{"href":"http:\/\/marburg.news\/index.php?rest_route=%2Fwp%2Fv2%2Fmedia&parent=16453"}],"wp:term":[{"taxonomy":"category","embeddable":true,"href":"http:\/\/marburg.news\/index.php?rest_route=%2Fwp%2Fv2%2Fcategories&post=16453"},{"taxonomy":"post_tag","embeddable":true,"href":"http:\/\/marburg.news\/index.php?rest_route=%2Fwp%2Fv2%2Ftags&post=16453"}],"curies":[{"name":"wp","href":"https:\/\/api.w.org\/{rel}","templated":true}]}}