{"id":15946,"date":"2024-07-08T15:10:00","date_gmt":"2024-07-08T13:10:00","guid":{"rendered":"http:\/\/marburg.news\/?p=15946"},"modified":"2024-07-08T15:10:00","modified_gmt":"2024-07-08T13:10:00","slug":"brueckenpruefung-schweres-geraet-im-einsatz","status":"publish","type":"post","link":"http:\/\/marburg.news\/?p=15946","title":{"rendered":"Br\u00fcckenpr\u00fcfung: Schweres Ger\u00e4t im Einsatz"},"content":{"rendered":"<p>Die Weidenh\u00e4user Br\u00fccke wird am Dienstag (9. Juli) gepr\u00fcft. Dabei ist schweres Ger\u00e4t im Einsatz. <!--more--><br \/>\nRoutinem\u00e4\u00dfig wird die Weidenh\u00e4user Br\u00fccke am Dienstag (9. Juli) gepr\u00fcft. Ab 9 Uhr kommt dabei ein sogenanntes &#8222;Br\u00fcckenuntersichtger\u00e4t&#8220; zum Einsatz. Dieses Gro\u00dffahrzeug nimmt eine Fahrspur ein und wird f\u00fcr die Zeit der Pr\u00fcfung auf der Br\u00fccke stehen.<br \/>\nDie Arbeiten werden bis in den Nachmittag hinein andauern. W\u00e4hrend der Br\u00fcckenpr\u00fcfung wird abwechselnd eine Fahrspur gesperrt sein. Die Ordnungspolizei leitet den Verkehr dann um das Hindernis herum.<\/p>\n<p>* pm: Stadt Marburg<\/p>\n","protected":false},"excerpt":{"rendered":"<p>Die Weidenh\u00e4user Br\u00fccke wird am Dienstag (9. Juli) gepr\u00fcft. Dabei ist schweres Ger\u00e4t im Einsatz.<\/p>\n","protected":false},"author":2,"featured_media":0,"comment_status":"closed","ping_status":"open","sticky":false,"template":"","format":"standard","meta":{"advanced_seo_description":"","spay_email":"","jetpack_publicize_message":"","jetpack_is_tweetstorm":false,"jetpack_publicize_feature_enabled":true},"categories":[4],"tags":[1270,443,2044],"jetpack_featured_media_url":"","jetpack_publicize_connections":[],"jetpack_sharing_enabled":true,"jetpack_shortlink":"https:\/\/wp.me\/p8mhvd-49c","jetpack-related-posts":[{"id":4462,"url":"http:\/\/marburg.news\/?p=4462","url_meta":{"origin":15946,"position":0},"title":"Alle Punkte gepr\u00fcft: Schweres Ger\u00e4t auf der Weidenh\u00e4user Br\u00fccke","date":"26. November 2019","format":false,"excerpt":"An der frisch sanierten Weidenh\u00e4user Br\u00fccke ist am Dienstag (26. November) eine sogenannte Hauptpr\u00fcfung durchgef\u00fchrt worden. Mit einem Br\u00fcckenuntersichtger\u00e4t wurde die Br\u00fccke \"hautnah\" betrachtet. Normalerweise werden bei dieser Pr\u00fcfung m\u00f6gliche Sch\u00e4den von Br\u00fccken untersucht und das Ergebnis mit dem der letzten Inspektion verglichen. Im Falle der frisch sanierten Weidenh\u00e4user Br\u00fccke\u2026","rel":"","context":"In &quot;Politik&quot;","img":{"alt_text":"","src":"","width":0,"height":0},"classes":[]},{"id":1591,"url":"http:\/\/marburg.news\/?p=1591","url_meta":{"origin":15946,"position":1},"title":"Gro\u00dfe Aktion: Sanierung der Weidenh\u00e4user Br\u00fccke beginnt mit Vollsperrung","date":"22. Januar 2018","format":false,"excerpt":"Die Sanierung der Weidenh\u00e4user Br\u00fccke beginnt am Montag (26. Februar). Bis mindestens Ende Oktober 2018 wird die Br\u00fccke f\u00fcr den Auto- Rad- und Fu\u00dfverkehr vollst\u00e4ndig gesperrt. Wegen steigender Belastungen durch den Verkehr und mit Tauwasser eindringendem Salz muss die Br\u00fccke dringend instandgesetzt und statisch ert\u00fcchtigt werden. Durch die Sperrung werden\u2026","rel":"","context":"In &quot;Politik&quot;","img":{"alt_text":"Weidenh\u00e4user Br\u00fccke","src":"https:\/\/i0.wp.com\/marburg.news\/wp-content\/uploads\/2018\/02\/IMG_20180221_152251.jpg?fit=1200%2C900&resize=350%2C200","width":350,"height":200},"classes":[]},{"id":2481,"url":"http:\/\/marburg.news\/?p=2481","url_meta":{"origin":15946,"position":2},"title":"Weg mit Sch\u00e4den: Trotz Hitze gehen Arbeiten an Weidenh\u00e4user Br\u00fccke voran","date":"30. Juli 2018","format":false,"excerpt":"Nach wie vor schwingen sich die Sandsteinb\u00f6gen der Weidenh\u00e4user Br\u00fccke freigelegt und gut sichtbar \u00fcber die Lahn. Die Br\u00fcckenf\u00fcllung, die auf dem Sandstein lag, ist ebenso wie der Stra\u00dfenbelag vollst\u00e4ndig verschwunden. Nun sind die Fachfirmen damit besch\u00e4ftigt, alles f\u00fcr das Betonieren der Br\u00fccke vorzubereiten und so wieder einen ebenen Stra\u00dfenbelag\u2026","rel":"","context":"In &quot;Soziales&quot;","img":{"alt_text":"","src":"","width":0,"height":0},"classes":[]},{"id":1643,"url":"http:\/\/marburg.news\/?p=1643","url_meta":{"origin":15946,"position":3},"title":"Mehr Mitgef\u00fchl: DBM hebt Liebesschl\u00f6sser von Weidenh\u00e4user Br\u00fccke auf","date":"7. Februar 2018","format":false,"excerpt":"Mit der Sanierung der Weidenh\u00e4user Br\u00fccke m\u00fcssen auch die dort angebrachten Liebesschl\u00f6sser entfernt werden. Das historische, schmiedeeiserne Gel\u00e4nder wird nach dem Beginn der Bauarbeiten am Montag (26. Februar) abmontiert und restauriert. Die Stadt Marburg hat daher bereits die Paare darum gebeten, ihre dort angebrachten Schl\u00f6sser bis zum Baubeginn zu entfernen,\u2026","rel":"","context":"In &quot;Soziales&quot;","img":{"alt_text":"Weidenh\u00e4user Br\u00fccke","src":"https:\/\/i0.wp.com\/marburg.news\/wp-content\/uploads\/2018\/02\/IMG_20180221_152251.jpg?fit=1200%2C900&resize=350%2C200","width":350,"height":200},"classes":[]},{"id":12523,"url":"http:\/\/marburg.news\/?p=12523","url_meta":{"origin":15946,"position":4},"title":"Reste von Restaurierung: Weidenh\u00e4user Br\u00fccke wird wegen Sch\u00e4den gesperrt","date":"5. Mai 2023","format":false,"excerpt":"Die Weidenh\u00e4user Br\u00fccke wird am Mittwoch (10. Mai) teilweise gesperrt. Das historische Bauwerk verbindet die Innenstadt mit Weidenhausen. Zu wechselnden Teilsperrungen kommt es am Mittwoch (10. Mai) von 9 Uhr bis zum Nachmittag auf der Weidenh\u00e4user Br\u00fccke. Grund daf\u00fcr sind Aufw\u00f6lbungen auf der Fahrbahn, die sich im letzten Sommer gebildet\u2026","rel":"","context":"In &quot;Politik&quot;","img":{"alt_text":"","src":"","width":0,"height":0},"classes":[]},{"id":1649,"url":"http:\/\/marburg.news\/?p=1649","url_meta":{"origin":15946,"position":5},"title":"120 und einmal: Stadt informierte \u00fcber Arbeiten an Weidenh\u00e4user Br\u00fccke","date":"9. Februar 2018","format":false,"excerpt":"Die Sanierung der Weidenh\u00e4user Br\u00fccke steht kurz bevor. Bei einer Informationsveranstaltung haben Stadt und Stadtwerke rund 120 Interessierte \u00fcber das anstehende Bauprojekt informiert. Gemeinsam mit B\u00fcrgermeister Wieland St\u00f6tzel, Thomas Engelbach vom Fachdienst Tiefbau und Michael Hagenbring vom Fachdienst Stra\u00dfenverkehr stellte Oberb\u00fcrgermeister Dr. Thomas Spies am Mittwoch (7. Februar) im Stadtverordnetensitzungssaal\u2026","rel":"","context":"In &quot;Politik&quot;","img":{"alt_text":"Weidenh\u00e4user Br\u00fccke","src":"https:\/\/i0.wp.com\/marburg.news\/wp-content\/uploads\/2018\/02\/IMG_20180221_152251.jpg?fit=1200%2C900&resize=350%2C200","width":350,"height":200},"classes":[]}],"_links":{"self":[{"href":"http:\/\/marburg.news\/index.php?rest_route=\/wp\/v2\/posts\/15946"}],"collection":[{"href":"http:\/\/marburg.news\/index.php?rest_route=\/wp\/v2\/posts"}],"about":[{"href":"http:\/\/marburg.news\/index.php?rest_route=\/wp\/v2\/types\/post"}],"author":[{"embeddable":true,"href":"http:\/\/marburg.news\/index.php?rest_route=\/wp\/v2\/users\/2"}],"replies":[{"embeddable":true,"href":"http:\/\/marburg.news\/index.php?rest_route=%2Fwp%2Fv2%2Fcomments&post=15946"}],"version-history":[{"count":0,"href":"http:\/\/marburg.news\/index.php?rest_route=\/wp\/v2\/posts\/15946\/revisions"}],"wp:attachment":[{"href":"http:\/\/marburg.news\/index.php?rest_route=%2Fwp%2Fv2%2Fmedia&parent=15946"}],"wp:term":[{"taxonomy":"category","embeddable":true,"href":"http:\/\/marburg.news\/index.php?rest_route=%2Fwp%2Fv2%2Fcategories&post=15946"},{"taxonomy":"post_tag","embeddable":true,"href":"http:\/\/marburg.news\/index.php?rest_route=%2Fwp%2Fv2%2Ftags&post=15946"}],"curies":[{"name":"wp","href":"https:\/\/api.w.org\/{rel}","templated":true}]}}