{"id":1566,"date":"2018-01-15T18:58:15","date_gmt":"2018-01-15T17:58:15","guid":{"rendered":"http:\/\/marburg.news\/?p=1566"},"modified":"2018-01-15T18:58:15","modified_gmt":"2018-01-15T17:58:15","slug":"kritik-fuer-kritik-nach-cdu-angriffen-solidarisiert-sich-die-linke-mit-dem-kfz","status":"publish","type":"post","link":"http:\/\/marburg.news\/?p=1566","title":{"rendered":"Kritik f\u00fcr Kritik: Nach CDU-Angriffen solidarisiert sich Die Linke mit dem KFZ"},"content":{"rendered":"<p>&#8222;Die Marburger CDU-Spitze ma\u00dft sich die Rolle eines politischen Gesinnungsw\u00e4chters an.&#8220; Mit dieser Einsch\u00e4tzung reagierten Jan Schalauske und Renate Bastian am Montag (15. Januar) auf Angriffe der CDU gegen den Kulturladen KFZ. <!--more--><br \/>\nDie Fraktionsvorsitzenden der Marburger Linken erkl\u00e4rten: &#8222;Politisch unliebsame Meinungs\u00e4u\u00dferungen besonders aus dem linken Spektrum sollen ausgegrenzt, als verfassungsfeindlich diffamiert und mit Sanktionen wie Entzug der \u00f6ffentlichen F\u00f6rderung bedroht werden.&#8220; Es sei aber gerade ein Wesensmerkmal der Demokratie, dass unterschiedliche Auffassungen im freien Diskurs ausgetauscht werden.<br \/>\nDie Marburger Linke bef\u00fcrchte dar\u00fcber hinaus, dass hinter diesem Vorsto\u00df der CDU die Absicht stehen k\u00f6nnte, der vielf\u00e4ltigen und lebendigen kulturellen Szene in Marburg die Luft zum Atmen zu nehmen. Was die CDU &#8211; gemeinsam mit ihrem ZIMT-Partner SPD &#8211; \u00fcber die Finanzk\u00fcrzungen f\u00fcr eine ganze Reihe von kulturellen Initiativen begonnen habe, solle nun mit einem scharfen politischen Angriff auf das KFZ weitergef\u00fchrt werden.<br \/>\nHier bekomme man einen Vorgeschmack, welches rechtskonservative Klima die CDU in Marburg anstrebe. Die Marburger Linke werde sich auch in Zukunft f\u00fcr eine lebendige Diskussions- und Veranstaltungskultur einsetzen, erkl\u00e4rten Schalauske und Bastian weiter.<br \/>\nDas KFZ habe auch weiterhin die Unterst\u00fctzung der Marburger Linken. Allen Versuchen einer politischen Zensur werde man energisch entgegentreten. Dazu geh\u00f6re auch, dass die K\u00fcrzungen f\u00fcr die kulturellen und sozialen Initiativen nicht nur zur\u00fcckgenommen werden, sondern dass diese Gruppen weitergef\u00f6rdert werden.<br \/>\nMit Bedauern und gro\u00dfer Sorge m\u00fcsse man aber auch feststellen, dass die CDU mit ihrer Philippika gegen das KFZ die demokratisch fragw\u00fcrdigen und rassistischen Rechtsextremisten wie die AfD als Sekundanten auf den Plan gerufen habe. Zu der von der CDU kritisierten Veranstaltungsreihe \u00fcber die Proteste gegen den G20-Gipfel in Hamburg stellen Bastian und Schalauske fest, dass es zu einer demokratischen Auseinandersetzung geh\u00f6re, auch die Politik des Hamburger Senats und der Hamburger Polizeif\u00fchrung zu hinterfragen und zu kritisieren. Kritische Stimmen aus der Zivilgesellschaft tragen dabei mehr zum Schutz des Rechtsstaats, der Versammlungs-, Meinungs-<br \/>\nund Demonstrationsfreiheit bei als die Stimmungsmache selbst ernannter konservativer Ordnungsh\u00fcter.<\/p>\n<p>* pm: Marburger Linke<\/p>\n","protected":false},"excerpt":{"rendered":"<p>&#8222;Die Marburger CDU-Spitze ma\u00dft sich die Rolle eines politischen Gesinnungsw\u00e4chters an.&#8220; Mit dieser Einsch\u00e4tzung reagierten Jan Schalauske und Renate Bastian am Montag (15. Januar) auf Angriffe der CDU gegen den Kulturladen KFZ.<\/p>\n","protected":false},"author":2,"featured_media":0,"comment_status":"closed","ping_status":"open","sticky":false,"template":"","format":"standard","meta":{"advanced_seo_description":"","spay_email":"","jetpack_publicize_message":"","jetpack_is_tweetstorm":false,"jetpack_publicize_feature_enabled":true},"categories":[3,2,4],"tags":[224,941,900],"jetpack_featured_media_url":"","jetpack_publicize_connections":[],"jetpack_sharing_enabled":true,"jetpack_shortlink":"https:\/\/wp.me\/p8mhvd-pg","jetpack-related-posts":[{"id":4265,"url":"http:\/\/marburg.news\/?p=4265","url_meta":{"origin":1566,"position":0},"title":"Alles unredlich: Linke wehrt sich gegen &#8222;Verleumdung&#8220; in stVV","date":"1. Oktober 2019","format":false,"excerpt":"Verleumdet f\u00fchlt sich die Marburger Linke durch CDU und BfM. Ein gemeinsamer Antrag der beiden Fraktionen habe die Linke in die N\u00e4he von Rechtsradikalen ger\u00fcckt. \"Es ist ein Skandal, dass die CDU-Stadtverordneten Dirk Bamberger und Matthias Range den Widerstand der Marburger Linken gegen den Aff\u00f6ller-Verkauf in die N\u00e4he von Nazi-Methoden\u2026","rel":"","context":"In &quot;Politik&quot;","img":{"alt_text":"","src":"","width":0,"height":0},"classes":[]},{"id":19720,"url":"http:\/\/marburg.news\/?p=19720","url_meta":{"origin":1566,"position":1},"title":"Stand der Stadtverordnetenwahl: CDU vor Gr\u00fcnen, SPD und Linken","date":"16. M\u00e4rz 2026","format":false,"excerpt":"Die Ergebnisse der Kommunalwahl wurden am Montag (16. M\u00e4rz) noch ausgez\u00e4hlt. Bei 104 von 121 eingegangenen Ergebnissen zur Wahl der Stadtverordnetenversammlung war der Stand am Abend schon relativ klar. St\u00e4rkste Partei in der Stadtverordnetenversammlung (StVV) ist nachvorl\u00e4ufigem Ausz\u00e4hlungsstand die CDU mit 23,67 Prozent vor den Gr\u00fcnen mit 18,78 Prozent und\u2026","rel":"","context":"In &quot;Politik&quot;","img":{"alt_text":"","src":"","width":0,"height":0},"classes":[]},{"id":13750,"url":"http:\/\/marburg.news\/?p=13750","url_meta":{"origin":1566,"position":2},"title":"Angepackt: Die Richtung stimmt bei MoVe35","date":"31. August 2023","format":false,"excerpt":"Die harsche Kritik am st\u00e4dtischen Mobilit\u00e4tskonzept \"MoVe35\" teilt Die Linke nicht. Die Richtung stimme, erkl\u00e4rte sie am Donnerstag (31. August). \"Am MoVe35 gibt es viel zu kritisieren\", erkl\u00e4rte der Linken-Kreisvorsitzende Philipp Henning. \"Aber die Richtung stimmt.\" Die Umsetzung des st\u00e4dtischen Verkehrskonzepts helfe dem Klima und mache die Stadt lebenswerter. \"Deshalb\u2026","rel":"","context":"In &quot;Politik&quot;","img":{"alt_text":"","src":"","width":0,"height":0},"classes":[]},{"id":18785,"url":"http:\/\/marburg.news\/?p=18785","url_meta":{"origin":1566,"position":3},"title":"Klare Kante: Partei tritt zur Kommunalwahl als &#8222;Die Linke&#8220; an","date":"3. Oktober 2025","format":false,"excerpt":"Bei den Kommunalwahlen am 15. M\u00e4rz 2026 tritt Die Linke in Marburg - anders als die letzten Jahrzehnte - nicht mehr als \"Marburger Linke\" an sondern als Die Linke. Dieses \"kurzzeitige Durcheinander\" hat die Linken Kreisvorsitzende Miriam Stoll am Freitag (3. Oktober) begr\u00fcndet. 1997 hatte die Linken-Vorl\u00e4ufer- partei PDS die\u2026","rel":"","context":"In &quot;Politik&quot;","img":{"alt_text":"","src":"","width":0,"height":0},"classes":[]},{"id":19791,"url":"http:\/\/marburg.news\/?p=19791","url_meta":{"origin":1566,"position":4},"title":"Stimmen f\u00fcr Kandidierende: Wahlergebnis der StVV in barrierefreier Form","date":"27. M\u00e4rz 2026","format":false,"excerpt":"B\u00fcrgermeisterin Nadine Bernshausen ist die beliebteste Politikerin Marburgs. Bei der Kommunalwahl am Sonntag (15. M\u00e4rz) bekam die Gr\u00fcne in der Stadt die meisten Stimmen. Auf dem zweiten Platz folgt mit deutlichem Abstand der CDU-Landtagsabgeordnete Dirk Bamberger. Bei der Wahl zur Stadtverordnetenversammlung (StVV) erhielt der SPD-Oberb\u00fcrgermeister Dr. Thomas Spies nur die\u2026","rel":"","context":"In &quot;Politik&quot;","img":{"alt_text":"","src":"","width":0,"height":0},"classes":[]},{"id":13242,"url":"http:\/\/marburg.news\/?p=13242","url_meta":{"origin":1566,"position":5},"title":"Marburger Milit\u00e4rn\u00e4chte: Kreistag debattiert \u00fcber Bundeswehr","date":"13. Juli 2023","format":false,"excerpt":"Der Kreistag debattiert am Freitag (14. Juli) \u00fcber Militarisierung. Der Landkreis solle verst\u00e4rkt mit der Bundeswehr zusammenarbeiten. In der Kreistagssitzung am Freitag (14. Juli) steht ein Antrag von SPD und CDU zur Diskussion. Die Koalitionsparteien wollen eine \"Kooperation von Bundeswehr mit Wirtschaft und Arbeitgebern zur St\u00e4rkung des Reservedienstes\" bef\u00f6rdern. Bereits\u2026","rel":"","context":"In &quot;Politik&quot;","img":{"alt_text":"","src":"","width":0,"height":0},"classes":[]}],"_links":{"self":[{"href":"http:\/\/marburg.news\/index.php?rest_route=\/wp\/v2\/posts\/1566"}],"collection":[{"href":"http:\/\/marburg.news\/index.php?rest_route=\/wp\/v2\/posts"}],"about":[{"href":"http:\/\/marburg.news\/index.php?rest_route=\/wp\/v2\/types\/post"}],"author":[{"embeddable":true,"href":"http:\/\/marburg.news\/index.php?rest_route=\/wp\/v2\/users\/2"}],"replies":[{"embeddable":true,"href":"http:\/\/marburg.news\/index.php?rest_route=%2Fwp%2Fv2%2Fcomments&post=1566"}],"version-history":[{"count":0,"href":"http:\/\/marburg.news\/index.php?rest_route=\/wp\/v2\/posts\/1566\/revisions"}],"wp:attachment":[{"href":"http:\/\/marburg.news\/index.php?rest_route=%2Fwp%2Fv2%2Fmedia&parent=1566"}],"wp:term":[{"taxonomy":"category","embeddable":true,"href":"http:\/\/marburg.news\/index.php?rest_route=%2Fwp%2Fv2%2Fcategories&post=1566"},{"taxonomy":"post_tag","embeddable":true,"href":"http:\/\/marburg.news\/index.php?rest_route=%2Fwp%2Fv2%2Ftags&post=1566"}],"curies":[{"name":"wp","href":"https:\/\/api.w.org\/{rel}","templated":true}]}}