{"id":15652,"date":"2024-05-26T14:16:19","date_gmt":"2024-05-26T12:16:19","guid":{"rendered":"http:\/\/marburg.news\/?p=15652"},"modified":"2024-05-26T14:16:19","modified_gmt":"2024-05-26T12:16:19","slug":"angriffe-abwehren-meinel-fuer-klare-haltung-gegen-rechtspopulismus","status":"publish","type":"post","link":"http:\/\/marburg.news\/?p=15652","title":{"rendered":"Angriffe abwehren: Meinel f\u00fcr klare Haltung gegen Rechtspopulismus"},"content":{"rendered":"<p>&#8222;Angriffe auf Ehrenamtliche sind Angriffe auf unsere Grundwerte.&#8220; Das erkl\u00e4rte Michael Meinel von den Gr\u00fcnen am Sonntag (26. Mai). <!--more--><br \/>\n&#8222;Derzeit m\u00fcssen viele, die als Diener des Staates, des Systems(!) angesehen werden, um ihr leibliches Wohl bangen&#8220;, stellte Michael Meinel von den Gr\u00fcnen Marburg-Biedenkopf fest. Betroffen sind Rettungssanit\u00e4ter und Feuerwehrleute, Polizisten und Politiker. Darunter befinden sich viele Ehrenamtliche. Manches f\u00e4ngt klein mit Sachbesch\u00e4digungen und Beleidigungen an und endet in t\u00e4tlichen Angriffen.<br \/>\n&#8222;Wir feiern gerade 75 Jahre Grundgesetz&#8220;, betonte Meinel. &#8222;Doch mehr denn je m\u00fcssen wir um unsere Demokratie, unsere Grundwerte k\u00e4mpfen!. Um Meinungs-<br \/>\nund Versammlungsfreiheit, um Diskriminierungsverbot und die W\u00fcrde des Menschen, um Freiheit und Gleichheit&#8220;, betonte Meinel.<br \/>\n&#8222;Doch nicht nur, dass Wahlkampfveranstaltungen Polizeischutz brauchen und Redner*innen niedergeschrien werden, ist erschreckend, dass auch keine Einigkeit unter verantwortlichen demokratischen Gruppierungen besteht, diese Angriffe auf unsere Grundwerte abzuwehren&#8220;, emp\u00f6rt ihn. &#8222;Manche verharmlosen diese Angriffe nicht nur, sie befeuern sie mit populistischen Aussagen wie, dass &#8222;wir unser Land zur\u00fcckholen&#8220; und Diffamierungen politischer Gegner.&#8220;<br \/>\nDas passiert nicht nur in Deutschland, sondern in allen europ\u00e4ischen L\u00e4ndern. Extremistische und populistische Gruppierungen wollen &#8222;ihr Land zur\u00fcck&#8220;. Das &#8211; jeweilige &#8211; Land und Volk sollen Vorrang vor anderen haben. Sie definieren, wer zum Volk geh\u00f6rt und wer nicht.<br \/>\n&#8222;Freiheit und Gleichheit in einem vereinten Europa sind ihnen verhasst&#8220;, erl\u00e4uterte Meinel. &#8222;Die Europawahl ist so wichtig wie nie, um diese Angriffe auf unsere Grundwerte zu stoppen und hoffentlich auch die Angriffe auf Ehrenamtliche und alle Diener des Staates.&#8220;<\/p>\n<p>* pm: Die Gr\u00fcnen Marburg-Biedenkopf<\/p>\n","protected":false},"excerpt":{"rendered":"<p>&#8222;Angriffe auf Ehrenamtliche sind Angriffe auf unsere Grundwerte.&#8220; Das erkl\u00e4rte Michael Meinel von den Gr\u00fcnen am Sonntag (26. Mai).<\/p>\n","protected":false},"author":2,"featured_media":0,"comment_status":"closed","ping_status":"open","sticky":false,"template":"","format":"standard","meta":{"advanced_seo_description":"","spay_email":"","jetpack_publicize_message":"","jetpack_is_tweetstorm":false,"jetpack_publicize_feature_enabled":true},"categories":[2,4],"tags":[712,165,1587],"jetpack_featured_media_url":"","jetpack_publicize_connections":[],"jetpack_sharing_enabled":true,"jetpack_shortlink":"https:\/\/wp.me\/p8mhvd-44s","jetpack-related-posts":[{"id":18858,"url":"http:\/\/marburg.news\/?p=18858","url_meta":{"origin":15652,"position":0},"title":"Aktion f\u00fcr Demokratie: Michael Meinel zum Menschenbild von Friedrich Merz","date":"20. Oktober 2025","format":false,"excerpt":"Die \u00c4u\u00dfterungen des Bundeskanzlers Friedrich Merz zum \"Stadtbild\" hat der Gr\u00fcnen-Kommunalpolitiker Michael Meinel kommentiert. Dabei bezieht er sich auf seine Herkunft aus Frankfurt. \"W\u00e4hlt macht beispielhaft das Stadtbild meiner Geburtsstadt Frankfurt am Main aus, dass es laut Kanzler Merz zu s\u00e4ubern gilt\" fragt Michael Meinel. \" \"Besonders das Bild um\u2026","rel":"","context":"In &quot;Politik&quot;","img":{"alt_text":"","src":"","width":0,"height":0},"classes":[]},{"id":16311,"url":"http:\/\/marburg.news\/?p=16311","url_meta":{"origin":15652,"position":1},"title":"Lehren aus Lahntal: Michael Meinel kritisiert Asylpolitik der Ampel","date":"11. September 2024","format":false,"excerpt":"Vor einer \"falschen Migrationspolitik\" hat Michael Meinel von den Gr\u00fcnen gewarnt. Kern seiner Argumentation war dabei die wirtschaftliche Bedeutung Gefl\u00fcchteter. \"Um Wohlstand, Renten und Infrastruktur zu sichern, braucht es dringend eine andere Migrationspolitik\", schrieb Michael Meinel am Dienstag (10. September). \"Die - seit Jahrzehnten von Wirtschafts- und Sozialinstituten geforderte, aber\u2026","rel":"","context":"In &quot;Politik&quot;","img":{"alt_text":"","src":"","width":0,"height":0},"classes":[]},{"id":16465,"url":"http:\/\/marburg.news\/?p=16465","url_meta":{"origin":15652,"position":2},"title":"Kein Weg: Warnung vor Destabilisierung der Demokratie","date":"29. September 2024","format":false,"excerpt":"Vor einem Zur\u00fcckweichen der demokratischen Kr\u00e4fte hat Michael Meinel, von den Gr\u00fcnen gewarnt. Seine Argumente ver\u00f6ffentlichte er am Sonntag (29. September). \"Die Kr\u00e4fte, die in ihrem politischen Interesse an der Destabilisierung der westlichen Demokratien arbeiten, scheinen erfolgreich zu sein\", bef\u00fcrchtet Michael Meinel. \"Die demokratischen Parteien lassen sich von rassistischen, menschenverachtenden\u2026","rel":"","context":"In &quot;Politik&quot;","img":{"alt_text":"","src":"","width":0,"height":0},"classes":[]},{"id":8403,"url":"http:\/\/marburg.news\/?p=8403","url_meta":{"origin":15652,"position":3},"title":"Spa\u00df beim Sparen: Gr\u00fcne lehnten Kreishaushalt ab","date":"18. Dezember 2021","format":false,"excerpt":"Bei der Kreistagssitzung am Freitag (17. Dezember) wurde der Haushalt des Landkreises f\u00fcr 2022 verabschiedet. Die Gr\u00fcnen haben ihm nicht zugestimmt. Die GR\u00dcNEN im Kreistag Marburg-Biedenkopf haben den Haushaltsplan 2022 des Landkreises als nicht zielf\u00fchrend kritisiert und abgelehnt. Insbesondere f\u00fcr den Klimaschutz, die Kinder- und Jugendhilfe, die Radmobilit\u00e4t und die\u2026","rel":"","context":"In &quot;Politik&quot;","img":{"alt_text":"","src":"","width":0,"height":0},"classes":[]},{"id":16218,"url":"http:\/\/marburg.news\/?p=16218","url_meta":{"origin":15652,"position":4},"title":"Auf dem Holzweg: Michael Meinel r\u00fcgt regierenden Rassismus","date":"29. August 2024","format":false,"excerpt":"Sein Unbehagen an den - als Konsequenzen des Attentats in Solingen verk\u00fcndeten - Ma\u00dfnahmen hat Michael c von den Gr\u00fcnen am Donnerstag (29. August) ge\u00e4u\u00dfert. Sein Statement \u00fcbertitelte er mit \"Wahlhelfer Merz und Scholz\". F\u00fcr Meinel ist es \"unglaublich, wie weit sich die Debatte in der Politik und den Medien\u2026","rel":"","context":"In &quot;Politik&quot;","img":{"alt_text":"","src":"","width":0,"height":0},"classes":[]},{"id":9544,"url":"http:\/\/marburg.news\/?p=9544","url_meta":{"origin":15652,"position":5},"title":"Gew\u00e4hlt: Gr\u00fcne zufrieden mit Platz 3","date":"17. Mai 2022","format":false,"excerpt":"Zufrieden blicken Die Gr\u00fcnen auf das Ergebnis der Landratswahlam Sonntag (15. Mai). Fast 20 Prozent seien ein toller Erfolg. Die GR\u00dcNEN Marburg-Biedenkopf haben ein positives Fazit der Landratswahl gezogen. Ihre Kandidatin Carola Carius aus C\u00f6lbe-Sch\u00f6nstadt erhielt am Sonntag (15. Mai) 19,55 Prozent der abgegebenen Stimmen. Damit verpassten die GR\u00dcNEN zwar\u2026","rel":"","context":"In &quot;Politik&quot;","img":{"alt_text":"Carola Carius","src":"https:\/\/i0.wp.com\/marburg.news\/wp-content\/uploads\/2022\/04\/Carola-Carius.jpg?fit=1200%2C1200&resize=350%2C200","width":350,"height":200},"classes":[]}],"_links":{"self":[{"href":"http:\/\/marburg.news\/index.php?rest_route=\/wp\/v2\/posts\/15652"}],"collection":[{"href":"http:\/\/marburg.news\/index.php?rest_route=\/wp\/v2\/posts"}],"about":[{"href":"http:\/\/marburg.news\/index.php?rest_route=\/wp\/v2\/types\/post"}],"author":[{"embeddable":true,"href":"http:\/\/marburg.news\/index.php?rest_route=\/wp\/v2\/users\/2"}],"replies":[{"embeddable":true,"href":"http:\/\/marburg.news\/index.php?rest_route=%2Fwp%2Fv2%2Fcomments&post=15652"}],"version-history":[{"count":0,"href":"http:\/\/marburg.news\/index.php?rest_route=\/wp\/v2\/posts\/15652\/revisions"}],"wp:attachment":[{"href":"http:\/\/marburg.news\/index.php?rest_route=%2Fwp%2Fv2%2Fmedia&parent=15652"}],"wp:term":[{"taxonomy":"category","embeddable":true,"href":"http:\/\/marburg.news\/index.php?rest_route=%2Fwp%2Fv2%2Fcategories&post=15652"},{"taxonomy":"post_tag","embeddable":true,"href":"http:\/\/marburg.news\/index.php?rest_route=%2Fwp%2Fv2%2Ftags&post=15652"}],"curies":[{"name":"wp","href":"https:\/\/api.w.org\/{rel}","templated":true}]}}