{"id":15513,"date":"2024-05-02T14:13:14","date_gmt":"2024-05-02T12:13:14","guid":{"rendered":"http:\/\/marburg.news\/?p=15513"},"modified":"2024-05-02T14:13:14","modified_gmt":"2024-05-02T12:13:14","slug":"wichtige-wahlempfehlung-lebenshilfe-warnt-vor-weltbild-der-afd","status":"publish","type":"post","link":"http:\/\/marburg.news\/?p=15513","title":{"rendered":"Wichtige Wahlempfehlung: Lebenshilfe warnt vor Weltbild der AfD"},"content":{"rendered":"<p>Anl\u00e4sslich des Europ\u00e4ischen Protesttags zur Gleichstellung von Menschen mit Behinderung am 5. Mai gibt die Lebenshilfe eine Wahlempfehlung ab. Sie lautet: &#8222;Teilhabe statt Ausgrenzung. Keine Stimme f\u00fcr die AfD!&#8220; <!--more--><br \/>\n&#8222;Die AfD ist gegen eine vielf\u00e4ltige, inklusive Gesellschaft und grenzt so Menschen mit Behinderung aus&#8220;, stellte Ulla Schmidt am Donnerstag (2. Mai) klar. &#8222;Als Verband, der sich seit mehr als 65 Jahren f\u00fcr die Rechte von Menschen mit Behinderung einsetzt, k\u00f6nnen wir das nicht hinnehmen und rufen dazu auf, bei der <a href=\"http:\/\/wahl.marburgviews.de\/2024\">Europawahl im Juni<\/a> und den anstehenden Kommunal- und Landtagswahlen nicht die AfD zu w\u00e4hlen.&#8220; Die Vorsitzende der &#8211; 1958 in Marburg gegr\u00fcndeten &#8211; Bundesvereinigung Lebenshilfe (BVLH) \u00e4u\u00dferte sich anl\u00e4sslich des Europ\u00e4ischen Protesttags zur Gleichstellung von Menschen mit Behinderung am 5. Mai.<br \/>\n&#8222;Wir stehen f\u00fcr Menschlichkeit und Vielfalt &#8211; daher haben wir bereits 2021 ein gleichnamiges B\u00fcndnis mit initiiert, dem sich mehr als 700 Vereine und Organisationen angeschlossen hatten. Schon damals wollten wir deutlich machen, dass die Ziele der AfD mit einer inklusiven und vielf\u00e4ltigen Gesellschaft nicht vereinbar sind. Das reicht angesichts der aktuellen Entwicklung der AfD heute nicht mehr aus&#8220;, erl\u00e4uterte die ehemalige Bundesministerin.<br \/>\n&#8222;Teilhabe statt Ausgrenzung. Keine Stimme f\u00fcr die AfD!&#8220;, hei\u00dft es deshalb klipp und klar bei der Lebenshilfe. Bundesvorstand und Bundeskammer &#8211; dazu geh\u00f6ren alle Landesvorsitzenden der Lebenshilfe &#8211; haben das jetzt gemeinsam beschlossen. Nie zuvor hat es eine solche Wahlempfehlung der rund 120.000 Mitglieder starken Vereinigung gegeben. Au\u00dferdem ist die Bundesvereinigung Lebenshilfe der &#8222;Initiative #Zusammenland &#8211; Vielfalt macht uns stark&#8220; beigetreten.<br \/>\n&#8222;Wir wollen damit Flagge zeigen und rechtspopulistischen und rechtsextremen Kr\u00e4ften die Stirn bieten&#8220;, betonte Schmidt. &#8222;Unsere Demokratie ist in gro\u00dfer Gefahr. Sp\u00e4testens nachdem bekannt wurde, dass sich AfD-Vertreter mit namhaften Rechtsradikalen in Potsdam getroffen haben, um unter dem Deckmantel einer sogenannten ,Remigration&#8220; massenhafte Abschiebungen auch deutscher B\u00fcrgerinnen und B\u00fcrger zu beraten, muss allen klar sein, was die Stunde geschlagen hat. Dieses Treffen weckt <a href=\"http:\/\/marburg.news\/?p=15495\">Erinnerungen an das dunkelste Kapitel unserer Geschichte<\/a>, als die Nazis die Macht in unserem Land \u00fcbernahmen.&#8220;<br \/>\nBereits am 21. M\u00e4rz 2017 haben Bundesvorstand und Bundeskammer in einem gemeinsamen Beschluss deutlich gemacht, dass Lebenshilfe und AfD unvereinbar sind. In der Folge hat die Lebenshilfe &#8211; auch gemeinsam mit anderen Verb\u00e4nden &#8211; immer wieder darauf hingewiesen, dass die AfD Inklusion als &#8222;Ideologie-Projekt&#8220; ablehnt und Menschen diskriminiert, die nicht ins v\u00f6lkisch-nationalistische Weltbild passen. &#8222;Die Wahlen in diesem Jahr werden dar\u00fcber entscheiden, ob unsere Demokratie wehrhaft bleibt oder weiter besch\u00e4digt wird&#8220;, warnte Schmidt.<br \/>\nAuf <a href=\"http:\/\/www.lebenshilfe.de\">www.lebenshilfe.de<\/a> gibt es unter der \u00dcberschrift &#8222;WIR f\u00fcr Menschlichkeit und Vielfalt&#8220; ausf\u00fchrliche Informationen. Darunter sind eine Brosch\u00fcre der Lebenshilfe mit Empfehlungen zum Umgang mit der AfD, ein Magazin mit Leichter Sprache zur Europawahl und eine Webseite in Leichter Sprache zum Thema &#8222;Menschen mit Behinderung in der Nazi-Zeit&#8220;.<\/p>\n<p>* pm: Bundesvereinigung Lebenshilfe, Berlin<\/p>\n","protected":false},"excerpt":{"rendered":"<p>Anl\u00e4sslich des Europ\u00e4ischen Protesttags zur Gleichstellung von Menschen mit Behinderung am 5. Mai gibt die Lebenshilfe eine Wahlempfehlung ab. Sie lautet: &#8222;Teilhabe statt Ausgrenzung. Keine Stimme f\u00fcr die AfD!&#8220;<\/p>\n","protected":false},"author":2,"featured_media":0,"comment_status":"closed","ping_status":"open","sticky":false,"template":"","format":"standard","meta":{"advanced_seo_description":"","spay_email":"","jetpack_publicize_message":"","jetpack_is_tweetstorm":false,"jetpack_publicize_feature_enabled":true},"categories":[2,4],"tags":[712,71,612],"jetpack_featured_media_url":"","jetpack_publicize_connections":[],"jetpack_sharing_enabled":true,"jetpack_shortlink":"https:\/\/wp.me\/p8mhvd-42d","jetpack-related-posts":[{"id":1117,"url":"http:\/\/marburg.news\/?p=1117","url_meta":{"origin":15513,"position":0},"title":"Geschichte weg: Lebenshilfe erkl\u00e4rt Unvereinbarkeit mit AfD","date":"19. September 2017","format":false,"excerpt":"\"Eine Politik wie die der AfD, die Menschen bewusst ausgrenzt, ist mit der Lebenshilfe nicht vereinbar\", erkl\u00e4rte Ulla Schmidt. Diese Aussage ihrer Bundesvorsitzenden verbreitete die Lebenshilfe am Dienstag (19. September). Die Lebenshilfe setze sich seit fast 60 Jahren f\u00fcr Menschen mit Behinderung und ihre Familien ein. Sie stehe f\u00fcr eine\u2026","rel":"","context":"In &quot;Politik&quot;","img":{"alt_text":"","src":"","width":0,"height":0},"classes":[]},{"id":14793,"url":"http:\/\/marburg.news\/?p=14793","url_meta":{"origin":15513,"position":1},"title":"Gestorbener gedacht: Lebenshilfe ruft zu Aktionen gegen AfD auf","date":"23. Januar 2024","format":false,"excerpt":"\"Wir alle m\u00fcssen jetzt Flagge zeigen\", forderte Ulla Schmidt anl\u00e4sslich des Gedenktags f\u00fcr die Opfer des Nationalsozialismus. Vor dem 27. Januar ruft die Lebenshilfe dazu auf, sich gegen Rechtsextremismus einzusetzen. Anl\u00e4sslich des Gedenktags f\u00fcr die Opfer des Nationalsozialismus am 27. Januar ruft die Bundesvereinigung Lebenshilfe (BVLH) ihre Mitglieder und die\u2026","rel":"","context":"In &quot;Politik&quot;","img":{"alt_text":"","src":"","width":0,"height":0},"classes":[]},{"id":15724,"url":"http:\/\/marburg.news\/?p=15724","url_meta":{"origin":15513,"position":2},"title":"Behinderte behindern: Lebenshilfe warnt vor Wahl der AfD","date":"4. Juni 2024","format":false,"excerpt":"\"Teilhabe statt Ausgrenzung. Keine Stimme f\u00fcr die AfD!\". Das fordert die Bundesvereinigung Lebenshilfe (BVLH) in einem Aufruf zum Wahlsonntag am 9. Juni. \"Die Europ\u00e4ische Union sch\u00f6pft ihre Kraft aus der Vielfalt und Solidarit\u00e4t ihrer rund 450 Millionen B\u00fcrgerinnen und B\u00fcrger\", erkl\u00e4rte die Lebenshilfe-Vorsitzende Ulla Schmidt. \"Das freie Europa wird jedoch\u2026","rel":"","context":"In &quot;Politik&quot;","img":{"alt_text":"","src":"","width":0,"height":0},"classes":[]},{"id":17434,"url":"http:\/\/marburg.news\/?p=17434","url_meta":{"origin":15513,"position":3},"title":"Ausgrenzungsma\u00dfnahme: Lebenshilfe warnt vor Zusammenarbeit mit AfD","date":"3. Februar 2025","format":false,"excerpt":"Die Zusammenarbeit mit der AfD macht Menschen mit Behinderung Angst. Daher ruft die Lebenshilfe die Parteien der demokratischen Mitte dazu auf, gegen Spaltung und Ausgrenzung einzutreten. Schockiert ist die Bundesvereinigung Lebenshilfe (BVLH) \u00fcber die Entwicklungen im Bundestag. Am Mittwoch (29. Januar) konnte die CDU ihren 5-Punkte-Plan nur mit den Stimmen\u2026","rel":"","context":"In &quot;Politik&quot;","img":{"alt_text":"","src":"","width":0,"height":0},"classes":[]},{"id":19966,"url":"http:\/\/marburg.news\/?p=19966","url_meta":{"origin":15513,"position":4},"title":"Umgebracht: Merz mangelt es an Respekt gegen\u00fcber Behinderten","date":"29. April 2026","format":false,"excerpt":"Die Bundesregierung will an Behinderten sparen. Zum Europ\u00e4ischen Protesttag am 5. Mai fordert die Lebenshilfe: \"Keine K\u00fcrzungen bei der Eingliederungshilfe!\" Angesichts anhaltender Diskussionen zu K\u00fcrzungen bei der Eingliederungshilfe hat die Lebenshilfe-Vorsitzende Ulla Schmidt eine Petition beim Deutschen Bundestag eingereicht. Die Lebenshilfe sagt klipp und klar: \"Einsparungen d\u00fcrfen nicht auf Kosten\u2026","rel":"","context":"In &quot;Politik&quot;","img":{"alt_text":"","src":"","width":0,"height":0},"classes":[]},{"id":13909,"url":"http:\/\/marburg.news\/?p=13909","url_meta":{"origin":15513,"position":5},"title":"Aktiv anpacken: Bundesversammlung der Lebenshilfe tagt im EPH","date":"29. September 2023","format":false,"excerpt":"Die Lebenshilfe spricht sich f\u00fcr Demokratie und gegen Diskriminierung aus. In Marburg hat am Freitag (29. September) ihre Mitgliederversammlung begonnen. Bundesvorsitzende Ulla Schmidt hat die Mitgliederversammlung der Lebenshilfe im Erwin-Piscator-Haus (EPH) er\u00f6ffnet. 350 Abgesandte aus ganz Deutschland beraten und morgen wichtige Zukunftsfragen. Mit einem kraftvollen Bekenntnis zur Demokratie und gegen\u2026","rel":"","context":"In &quot;Soziales&quot;","img":{"alt_text":"","src":"","width":0,"height":0},"classes":[]}],"_links":{"self":[{"href":"http:\/\/marburg.news\/index.php?rest_route=\/wp\/v2\/posts\/15513"}],"collection":[{"href":"http:\/\/marburg.news\/index.php?rest_route=\/wp\/v2\/posts"}],"about":[{"href":"http:\/\/marburg.news\/index.php?rest_route=\/wp\/v2\/types\/post"}],"author":[{"embeddable":true,"href":"http:\/\/marburg.news\/index.php?rest_route=\/wp\/v2\/users\/2"}],"replies":[{"embeddable":true,"href":"http:\/\/marburg.news\/index.php?rest_route=%2Fwp%2Fv2%2Fcomments&post=15513"}],"version-history":[{"count":0,"href":"http:\/\/marburg.news\/index.php?rest_route=\/wp\/v2\/posts\/15513\/revisions"}],"wp:attachment":[{"href":"http:\/\/marburg.news\/index.php?rest_route=%2Fwp%2Fv2%2Fmedia&parent=15513"}],"wp:term":[{"taxonomy":"category","embeddable":true,"href":"http:\/\/marburg.news\/index.php?rest_route=%2Fwp%2Fv2%2Fcategories&post=15513"},{"taxonomy":"post_tag","embeddable":true,"href":"http:\/\/marburg.news\/index.php?rest_route=%2Fwp%2Fv2%2Ftags&post=15513"}],"curies":[{"name":"wp","href":"https:\/\/api.w.org\/{rel}","templated":true}]}}