{"id":15403,"date":"2024-04-15T18:20:00","date_gmt":"2024-04-15T16:20:00","guid":{"rendered":"http:\/\/marburg.news\/?p=15403"},"modified":"2024-04-15T18:20:00","modified_gmt":"2024-04-15T16:20:00","slug":"keine-beruehrungsaengste-magistrat-informiert-bei-vereinen-ueber-move-35","status":"publish","type":"post","link":"http:\/\/marburg.news\/?p=15403","title":{"rendered":"Keine Ber\u00fchrungs\u00e4ngste: Magistrat informiert bei Vereinen \u00fcber MoVe 35"},"content":{"rendered":"<p>Der Magistrat informiert \u00fcber das Mobilit\u00e4ts- und Verkehrskonzept &#8222;MoVe 35&#8220;. Oberb\u00fcrgermeister Dr. Thomas Spies, B\u00fcrgermeisterin Nadine Bernshausen, Stadtr\u00e4tin Kirsten Dinnebier oder Stadtrat Dr. Michael Kopatz kommen auf Einladung zu Veranstaltungen. <!--more--><br \/>\nSchon im Herbst 2023 boten die Dezernentinnen und Dezernenten der Stadt Marburg in Stadtteilgemeinden und Ortsbeir\u00e4ten Informationstermine zu &#8222;MoVe 35&#8220; an und diskutierten mit Interessierten. Im Vorfeld des B\u00fcrgerentscheids gibt es nun erneut die Gelegenheit, den hauptamtlichen Magistrat zum Thema Mobilit\u00e4t in Marburg einzuladen. Wer eine Informationsveranstaltung, einen Stadtteilspaziergang oder ein Diskussionsformat zu &#8222;MoVe 35&#8220; organisieren m\u00f6chte, kann dazu einen Termin mit den Dezernent*innen der Stadt Marburg vereinbaren.<br \/>\nOberb\u00fcrgermeister Dr. Thomas Spies, B\u00fcrgermeisterin Nadine Bernshausen, Stadtr\u00e4tin Kirsten Dinnebier und Stadtrat Dr. Michael Kopatz haben f\u00fcr die Wochen bis Sonntag (9. Juni) Termine vorgesehen, an denen sie Gruppen, Ortsbeir\u00e4te, Stadtteilgemeinden oder auch Schulen besuchen und mit den Anwesenden gemeinsam \u00fcber Mobilit\u00e4t in Marburg sprechen. Wer selbst einen solchen Termin f\u00fcr die eigene Gruppe, den Ortsverein, die Initiative oder auch die Nachbarschaft vereinbaren m\u00f6chte, meldet sich per E-Mail bei clara.easthill@marburg-stadt.de. In einer E-Mail sollten Inteeressierte die bevorzugte Kalenderwoche, die zu erwartende Zahl der Teilnehmenden und den vorgesehenen Ort angeben. Die Termine werden nach Eingang der R\u00fcckmeldungen vergeben.<\/p>\n<p>* pm: Stadt Marburg<\/p>\n","protected":false},"excerpt":{"rendered":"<p>Der Magistrat informiert \u00fcber das Mobilit\u00e4ts- und Verkehrskonzept &#8222;MoVe 35&#8220;. Oberb\u00fcrgermeister Dr. Thomas Spies, B\u00fcrgermeisterin Nadine Bernshausen, Stadtr\u00e4tin Kirsten Dinnebier oder Stadtrat Dr. Michael Kopatz kommen auf Einladung zu Veranstaltungen.<\/p>\n","protected":false},"author":2,"featured_media":0,"comment_status":"closed","ping_status":"open","sticky":false,"template":"","format":"standard","meta":{"advanced_seo_description":"","spay_email":"","jetpack_publicize_message":"","jetpack_is_tweetstorm":false,"jetpack_publicize_feature_enabled":true},"categories":[2,4],"tags":[3464,3040,650],"jetpack_featured_media_url":"","jetpack_publicize_connections":[],"jetpack_sharing_enabled":true,"jetpack_shortlink":"https:\/\/wp.me\/p8mhvd-40r","jetpack-related-posts":[{"id":14162,"url":"http:\/\/marburg.news\/?p=14162","url_meta":{"origin":15403,"position":0},"title":"Informiert: Gespr\u00e4che \u00fcber MoVe 35","date":"25. Oktober 2023","format":false,"excerpt":"Auf Wunsch von zahlreichen Ortsbeir\u00e4ten und Stadtteilgemeinden gab es in mehreren Stadtteilen bereits \u00f6ffentliche Termine zum Thema MoVe 35. Dabei hat der Magistrat \u00fcber das Mobilit\u00e4ts- und Verkehrsentwicklungskonzept informiert. Weitere Termine stehen an. Zum Austausch und zur Information \u00fcber MoVe 35 l\u00e4dt die Siedlergemeinschaft Badestube am Montag (30. Oktober) ein.\u2026","rel":"","context":"In &quot;Politik&quot;","img":{"alt_text":"","src":"","width":0,"height":0},"classes":[]},{"id":15478,"url":"http:\/\/marburg.news\/?p=15478","url_meta":{"origin":15403,"position":1},"title":"Nun im EPH: Infomarkt zu MoVe 35","date":"25. April 2024","format":false,"excerpt":"Einen Infomarkt zu \"MoVe 35\" gibt es ab Freitag (3. Mai) im Erwin-Piscator-Haus. Der Magistrat l\u00e4dt ein, das Konzept kennenzulernen. \"MoVe 35\" ist ein umfassendes Konzept f\u00fcr die Mobilit\u00e4t der Menschen nach und in Marburg. Um den Inhalt des gro\u00dfen Konzepts transparent, kurz und auf den Punkt gebracht darzustellen, veranstaltet\u2026","rel":"","context":"In &quot;Politik&quot;","img":{"alt_text":"","src":"","width":0,"height":0},"classes":[]},{"id":14648,"url":"http:\/\/marburg.news\/?p=14648","url_meta":{"origin":15403,"position":2},"title":"Ja oder nein: Spies legt Frage f\u00fcr B\u00fcrgerentscheid vor","date":"21. Dezember 2023","format":false,"excerpt":"B\u00fcrgerinnen und B\u00fcrger sollen \u00fcber einen Stadtverordneten-Beschluss entscheiden. Oberb\u00fcrgermeister Dr. Thomas Spies legt die Frage f\u00fcr einen B\u00fcrgerentscheid \u00fcber \"MoVe 35\" vor. In Marburg sollen die B\u00fcrgerinnen und B\u00fcrger am 9. Juni 2024 \u00fcber \"MoVe 35\" abstimmen - das schl\u00e4gt Oberb\u00fcrgermeister Dr. Thomas Spies vor. Zudem empfiehlt er, dass die\u2026","rel":"","context":"In &quot;Politik&quot;","img":{"alt_text":"","src":"","width":0,"height":0},"classes":[]},{"id":14097,"url":"http:\/\/marburg.news\/?p=14097","url_meta":{"origin":15403,"position":3},"title":"Voll geplant: Diskussion \u00fcber MoVe35 in derVHS","date":"17. Oktober 2023","format":false,"excerpt":"Zum Austausch \u00fcber das Mobilit\u00e4ts- und Verkehrskonzept \"MoVe35\" l\u00e4dt der Ortsbeirat Campusviertel ein. Die Veranstaltung findet am Donnerstag (19. Oktober) statt. Auf Wunsch zahlreicher Ortsbeir\u00e4ten und Stadtteilgemeinden gab es in mehreren Marburger Stadtteilen bereits \u00f6ffentliche Termine, um sich \u00fcber das Mobilit\u00e4ts- und Verkehrsentwicklungskonzept MoVe 35 zu informieren und mit dem\u2026","rel":"","context":"In &quot;Politik&quot;","img":{"alt_text":"","src":"","width":0,"height":0},"classes":[]},{"id":9750,"url":"http:\/\/marburg.news\/?p=9750","url_meta":{"origin":15403,"position":4},"title":"F\u00fcr Fragen: Workshop suchte L\u00f6sungen f\u00fcr Verkehrsprobleme","date":"1. Juni 2022","format":false,"excerpt":"Rund 110 Interessierte haben L\u00f6sungsvorschl\u00e4ge zur Mobilit\u00e4t in Marburg diskutiert. Geschehen ist das bei einem Workshop zum \"Mobilit\u00e4ts- und Verkehrskonzept\" (MoVe35). Mobilit\u00e4t geh\u00f6rt zum Alltag: Die Menschen in Marburg begegnen sich auf den Stra\u00dfen, den Gehwegen, den Radwegen. Aber wie k\u00f6nnen sich die unterschiedlichen Menschen mit ihren unterschiedlichen Mobilit\u00e4tsbed\u00fcrfnissen am\u2026","rel":"","context":"In &quot;Politik&quot;","img":{"alt_text":"","src":"","width":0,"height":0},"classes":[]},{"id":6153,"url":"http:\/\/marburg.news\/?p=6153","url_meta":{"origin":15403,"position":5},"title":"Verkehrsplaner als Fragesteller: Umfrage &#8222;Move 35&#8220; l\u00e4uft bis Jahresende","date":"9. Dezember 2020","format":false,"excerpt":"Die Umfrage zu \"MoVe 35\" l\u00e4uft noch bis zum Jahresende. Zum Verkehrskonzept der Zukunft k\u00f6nnen Interessierte jetzt Ideen und W\u00fcnsche einbringen. Alle sollen mitreden: Im Oktober hat die Stadt Marburg eine Umfrage zum Thema Verkehr und Mobilit\u00e4t gestartet. Bisher haben sich mehr als 1.300 Menschen aus Marburg und der gesamten\u2026","rel":"","context":"In &quot;Politik&quot;","img":{"alt_text":"","src":"","width":0,"height":0},"classes":[]}],"_links":{"self":[{"href":"http:\/\/marburg.news\/index.php?rest_route=\/wp\/v2\/posts\/15403"}],"collection":[{"href":"http:\/\/marburg.news\/index.php?rest_route=\/wp\/v2\/posts"}],"about":[{"href":"http:\/\/marburg.news\/index.php?rest_route=\/wp\/v2\/types\/post"}],"author":[{"embeddable":true,"href":"http:\/\/marburg.news\/index.php?rest_route=\/wp\/v2\/users\/2"}],"replies":[{"embeddable":true,"href":"http:\/\/marburg.news\/index.php?rest_route=%2Fwp%2Fv2%2Fcomments&post=15403"}],"version-history":[{"count":0,"href":"http:\/\/marburg.news\/index.php?rest_route=\/wp\/v2\/posts\/15403\/revisions"}],"wp:attachment":[{"href":"http:\/\/marburg.news\/index.php?rest_route=%2Fwp%2Fv2%2Fmedia&parent=15403"}],"wp:term":[{"taxonomy":"category","embeddable":true,"href":"http:\/\/marburg.news\/index.php?rest_route=%2Fwp%2Fv2%2Fcategories&post=15403"},{"taxonomy":"post_tag","embeddable":true,"href":"http:\/\/marburg.news\/index.php?rest_route=%2Fwp%2Fv2%2Ftags&post=15403"}],"curies":[{"name":"wp","href":"https:\/\/api.w.org\/{rel}","templated":true}]}}