{"id":15402,"date":"2024-04-15T18:15:00","date_gmt":"2024-04-15T16:15:00","guid":{"rendered":"http:\/\/marburg.news\/?p=15402"},"modified":"2024-04-15T18:15:00","modified_gmt":"2024-04-15T16:15:00","slug":"keine-langeweile-figurentheater-gastiert-mit-dem-meinhorn-im-theaterzelt","status":"publish","type":"post","link":"http:\/\/marburg.news\/?p=15402","title":{"rendered":"Keine Langeweile: Figurentheater gastiert mit dem Meinhorn im Theaterzelt"},"content":{"rendered":"<p>&#8222;Fischer Entertainment for Kids&#8220; bringt die Kinderfigur &#8222;Das NEINhorn&#8220; auf die Theaterb\u00fchne. Damit kommen die Puppenspieler auch nach Marburg. <!--more--><br \/>\nDas Figurentheater gastiert von Donnerstag (18. April) bis Sonntag (28. April) im Theaterzelt auf dem Messeplatz Aff\u00f6ller. Vorstellungen gibt es donnerstags und freitags jeweils um 16.30 Uhr sowie samstags nur um 14.30 und sonntags nur um 11 Uhr. Montags bis mittwochs finden keine Vorstellungen statt.<br \/>\nDas &#8222;NEINhorn&#8220; stammt aus einem Kinderbuch von Marc-Uwe Kling und Astrid Henn. Das erste Buch erschien im Oktober 2019. Das trotzige Einhorn hat sich sofort in die Herzen aller Kinder gemotzt und geh\u00f6rt mittlerweile schon zu den absoluten Kinderbuch-Klassikern. Ebenso, wie die Gro\u00dfen ins Theater gehen, macht es auch vielen Kindern Spa\u00df beliebte Kinderfiguren live und in Aktion im Theater zu sehen.<br \/>\n&#8222;Fischer\u00b4s Figurentheater&#8220; pr\u00e4sentiert in diesem Jahr die beliebte Kinderbuchgeschichte um das NEINhorn. Bereits in der dritten Generation betreibt die Familie Fischer das Figurentheater. Die Ausbildung zum Puppenspieler dauert einige Jahre, denn sowohl der Umgang mit den Hand- und Stockpuppen als auch Sprachtechniker m\u00fcssen gelernt werden.<br \/>\nDas Besondere an der Produktion Das NEINhorn ist, dass die Texte und Dialoge von ausgebildeten Puppenspielern der Familie Fischer live gesprochen werden. So ist es den Spielern m\u00f6glich auf die Reaktionen der kleinen Theaterbesucher zu reagieren und sie im laufen St\u00fcck mit einzubringen. Die Vorstellung ist geeignet f\u00fcr Kinder ab zwei Jahre. Sie dauert ungef\u00e4hr 45 Minuten.<\/p>\n<p>* pm: Fischer Entertainment for Kids<\/p>\n","protected":false},"excerpt":{"rendered":"<p>&#8222;Fischer Entertainment for Kids&#8220; bringt die Kinderfigur &#8222;Das NEINhorn&#8220; auf die Theaterb\u00fchne. Damit kommen die Puppenspieler auch nach Marburg.<\/p>\n","protected":false},"author":2,"featured_media":0,"comment_status":"closed","ping_status":"open","sticky":false,"template":"","format":"standard","meta":{"advanced_seo_description":"","spay_email":"","jetpack_publicize_message":"","jetpack_is_tweetstorm":false,"jetpack_publicize_feature_enabled":true},"categories":[3],"tags":[5906,5907,5908],"jetpack_featured_media_url":"","jetpack_publicize_connections":[],"jetpack_sharing_enabled":true,"jetpack_shortlink":"https:\/\/wp.me\/p8mhvd-40q","jetpack-related-posts":[{"id":15436,"url":"http:\/\/marburg.news\/?p=15436","url_meta":{"origin":15402,"position":0},"title":"Umziehen: Circus Alberti kommt nach Marburg","date":"18. April 2024","format":false,"excerpt":"Der \"Circus Alberti\" kommt nach Marburg. Vom 17. bis 26. Mai gastiert er auf dem Messeplatz. Marburg hat ein neues immaterielles Kulturerbe in der Stadt: Der \"Circus Alberti\" gastiert ab Freitag (17. Mai) auf dem Messeplatz Aff\u00f6ller. Im M\u00e4rz 2023 hat die deutsche Unesco-Kommission den Zirkus \"als eigenst\u00e4ndige Form der\u2026","rel":"","context":"In &quot;Kultur&quot;","img":{"alt_text":"","src":"","width":0,"height":0},"classes":[]},{"id":10699,"url":"http:\/\/marburg.news\/?p=10699","url_meta":{"origin":15402,"position":1},"title":"Momo: Theaterst\u00fcck f\u00fcr Kinder zu Weihnachten","date":"25. September 2022","format":false,"excerpt":"\"Momo\" kommt nach Marburg. Das Theaterst\u00fcck nach dem Kinderbuch von Michael Ende feiert am Sonntag (13. November) Premiere. Das diesj\u00e4hrige Familienst\u00fcck zur Weihnachtszeit geht am Montag (26. September) in den Vorverkauf. F\u00fcnf Termine im regul\u00e4ren Verkauf bietet das Hessische Landestheater Marburg (HLTM) an. Am Sonntag (13. November) feiert die Inszenierung\u2026","rel":"","context":"In &quot;Kultur&quot;","img":{"alt_text":"","src":"","width":0,"height":0},"classes":[]},{"id":19793,"url":"http:\/\/marburg.news\/?p=19793","url_meta":{"origin":15402,"position":2},"title":"Begegnung: Ausstellung von Dinosauriern gastiert in Marburg","date":"29. M\u00e4rz 2026","format":false,"excerpt":"in wenigen Tagen sind in Marburg die gef\u00e4hrlichsten Tiere der Welt zu erleben. Die teilweise bis zu 8 Meter gro\u00dfen und bis zu mehrere Tonnen schweren Tiere werden inMarburg immer wieder gesichtet. Doch die Menschen m\u00fcssen keine Angst haben: Es besteht keine Bedrohung f\u00fcr die B\u00fcrgern, sondern Europas mobile Dinosaurier-Ausstellung\u2026","rel":"","context":"In &quot;Bildung&quot;","img":{"alt_text":"","src":"","width":0,"height":0},"classes":[]},{"id":174,"url":"http:\/\/marburg.news\/?p=174","url_meta":{"origin":15402,"position":3},"title":"Vaupel las: Im Rathaus Geschichten vom Rathausgockel","date":"19. Februar 2017","format":false,"excerpt":"\"Wenn ich was zu sagen h\u00e4tte, k\u00e4me das Bild weg\", hatte Egon Vaupel vor rund 40 Jahren beim Anblick des Gem\u00e4ldes im Historischen Saal des Rathauses gedacht. \"Das darf nie weg\", sagt er heute. \u00dcber die Geschichte des Gem\u00e4ldes \"Der Weg des Lebens\" von Carl Bantzer sprach der ehemalige Oberb\u00fcrgermeister\u2026","rel":"","context":"In &quot;Kultur&quot;","img":{"alt_text":"Egon Vaupel","src":"https:\/\/i0.wp.com\/marburg.news\/wp-content\/uploads\/2017\/02\/Lesung-Rathaus_19322-e1487700287509.jpg?fit=520%2C475&resize=350%2C200","width":350,"height":200},"classes":[]},{"id":11807,"url":"http:\/\/marburg.news\/?p=11807","url_meta":{"origin":15402,"position":4},"title":"Zum Krieg: Haratischwili gastiert mit &#8222;Herbst der Untertanen&#8220;","date":"1. Februar 2023","format":false,"excerpt":"\"Der Herbst der Untertanen\" gastiert am Freitag (10. Februar) am Hessischen Landestheater Marburg (HLTM). Regie f\u00fchrt Nino Haratischwili. \"Der Herbst der Untertanen\" kommt alsGastspiel des \"Royal District Theatre Tbilisi\" nach Marburg. Gezeigt wird das Theaterst\u00fcck in georgischer Sprache mit deutschen \u00dcbertiteln. Die Szenerie spiielt in einer herrschaftlichen Villa irgendwo auf\u2026","rel":"","context":"In &quot;Kultur&quot;","img":{"alt_text":"","src":"","width":0,"height":0},"classes":[]},{"id":8748,"url":"http:\/\/marburg.news\/?p=8748","url_meta":{"origin":15402,"position":5},"title":"Schauspielerische Entwicklungshilfe: KUSS-Festival vom 25. M\u00e4rz bis 2. April","date":"9. Februar 2022","format":false,"excerpt":"Die 25. Hessische Kinder- und Jugendtheaterwoche steht in den Startl\u00f6chern. Das KUSS-Festival beginnt am Freitag (25. M\u00e4rz). Das Programm der 25. Hessischen Kinder- und Jugendtheaterwoche \"KUSS - Theater sehen! Theater spielen!\" wurde am Dienstag (8. Februar) vorgestellt. Das Festival ist eine Kooperation zwischen dem Hessischen Landestheater Marburg (HLTM), dem Fachdienst\u2026","rel":"","context":"In &quot;Kultur&quot;","img":{"alt_text":"","src":"","width":0,"height":0},"classes":[]}],"_links":{"self":[{"href":"http:\/\/marburg.news\/index.php?rest_route=\/wp\/v2\/posts\/15402"}],"collection":[{"href":"http:\/\/marburg.news\/index.php?rest_route=\/wp\/v2\/posts"}],"about":[{"href":"http:\/\/marburg.news\/index.php?rest_route=\/wp\/v2\/types\/post"}],"author":[{"embeddable":true,"href":"http:\/\/marburg.news\/index.php?rest_route=\/wp\/v2\/users\/2"}],"replies":[{"embeddable":true,"href":"http:\/\/marburg.news\/index.php?rest_route=%2Fwp%2Fv2%2Fcomments&post=15402"}],"version-history":[{"count":0,"href":"http:\/\/marburg.news\/index.php?rest_route=\/wp\/v2\/posts\/15402\/revisions"}],"wp:attachment":[{"href":"http:\/\/marburg.news\/index.php?rest_route=%2Fwp%2Fv2%2Fmedia&parent=15402"}],"wp:term":[{"taxonomy":"category","embeddable":true,"href":"http:\/\/marburg.news\/index.php?rest_route=%2Fwp%2Fv2%2Fcategories&post=15402"},{"taxonomy":"post_tag","embeddable":true,"href":"http:\/\/marburg.news\/index.php?rest_route=%2Fwp%2Fv2%2Ftags&post=15402"}],"curies":[{"name":"wp","href":"https:\/\/api.w.org\/{rel}","templated":true}]}}