{"id":1511,"date":"2018-01-02T13:20:11","date_gmt":"2018-01-02T12:20:11","guid":{"rendered":"http:\/\/marburg.news\/?p=1511"},"modified":"2018-01-02T13:20:11","modified_gmt":"2018-01-02T12:20:11","slug":"stress-fuer-fahrgaeste-silvesternacht-mit-boellerwuerfen-und-messer","status":"publish","type":"post","link":"http:\/\/marburg.news\/?p=1511","title":{"rendered":"Stress f\u00fcr Fahrg\u00e4ste: Silvesternacht mit B\u00f6llerw\u00fcrfen und Messer"},"content":{"rendered":"<p>Eine Auseinandersetzung hat am Montag (1. Januar) gegen 22.05 Uhr an der Bushaltestelle &#8222;Am Richtsberg&#8220; stattgefunden. Nachdem B\u00f6ller unmittelbar neben aussteigenden Fahrg\u00e4sten eines Busses losgingen, gab es eine zun\u00e4chst verbale Auseinandersetzung mit drei Jugendlichen. <!--more--><br \/>\nNoch w\u00e4hrend sie eine Absicht verneinten, z\u00fcndete einer erneut einen B\u00f6ller an und warf ihn in Richtung der Passanten. Nach dem erneuten Wurf fl\u00fcchteten ein Junge und ein M\u00e4dchen.<br \/>\nDer Dritte beleidigte die Passanten, verschwand kurz und kehrte dann mit einem Messer in der Hand zur\u00fcck. Daraufhin entwickelte sich ein Gerangel, in dem es gelang, dem Jugendlichen das Messer abzunehmen.<br \/>\nDabei wurde niemand verletzt. Dem Jugendlichen gelang allerdings die Flucht. Die Polizeistellte das schwarze &#8222;Einhandmesser&#8220; sicher.<br \/>\nEin Feuerwerksk\u00f6rper besch\u00e4digte am Silvesterabend im Ginseldorfer Weg die Scheibe eines Fensters im zweiten Stock eines Mehrfamilienhauses. Ob es sich um eine gezielte oder fahrl\u00e4ssig herbeigef\u00fchrte Sachbesch\u00e4digung handelt, steht nicht fest. Leider gab sich der Verursacher des Schadens zwecks Regulierung nicht zu erkennen, sodass nunmehr die Polizei ermittelt.<\/p>\n<p>* pm: Polizei Marburg<\/p>\n","protected":false},"excerpt":{"rendered":"<p>Eine Auseinandersetzung hat am Montag (1. Januar) gegen 22.05 Uhr an der Bushaltestelle &#8222;Am Richtsberg&#8220; stattgefunden. Nachdem B\u00f6ller unmittelbar neben aussteigenden Fahrg\u00e4sten eines Busses losgingen, gab es eine zun\u00e4chst verbale Auseinandersetzung mit drei Jugendlichen.<\/p>\n","protected":false},"author":2,"featured_media":0,"comment_status":"closed","ping_status":"open","sticky":false,"template":"","format":"standard","meta":{"advanced_seo_description":"","spay_email":"","jetpack_publicize_message":"","jetpack_is_tweetstorm":false,"jetpack_publicize_feature_enabled":true},"categories":[6],"tags":[1025,409,16],"jetpack_featured_media_url":"","jetpack_publicize_connections":[],"jetpack_sharing_enabled":true,"jetpack_shortlink":"https:\/\/wp.me\/p8mhvd-on","jetpack-related-posts":[{"id":12377,"url":"http:\/\/marburg.news\/?p=12377","url_meta":{"origin":1511,"position":0},"title":"Nicht abgelassen: Gewaltt\u00e4tige Jugendliche beim Erlenring","date":"17. April 2023","format":false,"excerpt":"Nachdem ein 13-, ein 15- und ein 17-j\u00e4hriger Jugendlicher gleich mehrmals aufgefallen sind, sucht die Polizei Zeugen. Zudem sucht sie etwaige Opfer, die bislang noch keine Anzeige erstatteten. Der erste Vorfall war bereits am Donnerstag (13. April) gegen 16.45 Uhr an der Haltestelle \"Gutenbergstra\u00dfe\" vor dem Schlo\u00dfbergcenter an der Universit\u00e4tsstra\u00dfe.\u2026","rel":"","context":"In &quot;Sonstiges&quot;","img":{"alt_text":"","src":"","width":0,"height":0},"classes":[]},{"id":379,"url":"http:\/\/marburg.news\/?p=379","url_meta":{"origin":1511,"position":1},"title":"Streit angeheizt: Jugendlichen mit Messer am Oberk\u00f6rper verletzt","date":"3. April 2017","format":false,"excerpt":"Eine zun\u00e4chst verbale Auseinandersetzung zwischen zwei jungen M\u00e4nnern eskalierte am Samstag (1. April) an den Lahnterrassen. Einer von ihnen erlitt dabei Verletzungen am Oberk\u00f6rper. Gegen 22.10 Uhr lief der Streit zwischen den 18 und 19 Jahre alten Kontrahenten in H\u00f6he des Hermann-Cohen-Wegs aus dem Ruder. Dabei setzte der \u00c4ltere nach\u2026","rel":"","context":"In &quot;Sonstiges&quot;","img":{"alt_text":"","src":"","width":0,"height":0},"classes":[]},{"id":3754,"url":"http:\/\/marburg.news\/?p=3754","url_meta":{"origin":1511,"position":2},"title":"Messer gezogen: Betrunkener verletzte Passanten und eigenen Hund","date":"28. Mai 2019","format":false,"excerpt":"Nach Zeugenaussagen schrie ein Mann auf dem Marktplatz herum. Dabei fuchtelte er mit einem Messer mit teils abgebrochener Klinge, herum. Offenbar w\u00fcrgte er au\u00dferdem mehrfach seinen Hund und schleuderte ihn an einer Kette herum. Passanten schritten ein und nahmen ihm den Hund ab. Ein 25-j\u00e4hriger Mann erlitt dabei eine Schnittverletzung\u2026","rel":"","context":"In &quot;Sonstiges&quot;","img":{"alt_text":"","src":"","width":0,"height":0},"classes":[]},{"id":9223,"url":"http:\/\/marburg.news\/?p=9223","url_meta":{"origin":1511,"position":3},"title":"R\u00e4uber gesucht: Jugendliche \u00fcberfallen und bedroht","date":"13. April 2022","format":false,"excerpt":"Zwei Jugendgruppen gerieten am Dienstag (12. April) am Rudolphsplatz aneinander. Ersten Erkenntnissen zufolge forderte eine vierk\u00f6pfige Gruppe gegen 19.45 Uhr eine sechsk\u00f6pfige Gruppe auf, ihr Zigaretten und Wertsachen auszuh\u00e4ndigen. Das verweigerten die Jugendlichen, woraufhin zwei von ihnen Schl\u00e4ge und Tritte kassierten. Vermutlich um der Forderung Nachdruck zu verleihen, zeigte eine\u2026","rel":"","context":"In &quot;Sonstiges&quot;","img":{"alt_text":"","src":"","width":0,"height":0},"classes":[]},{"id":7246,"url":"http:\/\/marburg.news\/?p=7246","url_meta":{"origin":1511,"position":4},"title":"Vertreiben: Zwei R\u00e4uber bedrohten Passanten mit Messer","date":"21. Juni 2021","format":false,"excerpt":"Nach Angaben eines 28 Jahre alten Mannes versuchten zwei M\u00e4nner, ihm das Handy abzunehmen. Einer riss ihn dabei an der Schulter herum. Ein anderer drohte mit einem Messer. Als der Angegriffene sich wehrte und ein Taxi hupend an ihnen vorbeifuhr, ergriffen die Angreifer die Flucht. Der 28-j\u00e4hrige Mann blieb unverletzt\u2026","rel":"","context":"In &quot;Sonstiges&quot;","img":{"alt_text":"","src":"","width":0,"height":0},"classes":[]},{"id":12031,"url":"http:\/\/marburg.news\/?p=12031","url_meta":{"origin":1511,"position":5},"title":"Am Abend: Jugendlicher beim Stadion \u00fcberfallen","date":"27. Februar 2023","format":false,"excerpt":"Nach eigenen Angaben wurde ein Jugendlicher am Freitag (24. Februar) gegen 20.35 Uhr Opfer einer K\u00f6rperverletzung. Er erlitt eine Schnitt- oder Stichverletzung am Oberschenkel. Zur weiteren Versorgung der - nicht lebensbedrohlichen - Verletzung kam er ins Krankenhaus. Der 14-j\u00e4hrige Jugendliche befand sich zur Tatzeit an der Bushaltestelle vor dem Lebensmittelmarkt\u2026","rel":"","context":"In &quot;Sonstiges&quot;","img":{"alt_text":"","src":"","width":0,"height":0},"classes":[]}],"_links":{"self":[{"href":"http:\/\/marburg.news\/index.php?rest_route=\/wp\/v2\/posts\/1511"}],"collection":[{"href":"http:\/\/marburg.news\/index.php?rest_route=\/wp\/v2\/posts"}],"about":[{"href":"http:\/\/marburg.news\/index.php?rest_route=\/wp\/v2\/types\/post"}],"author":[{"embeddable":true,"href":"http:\/\/marburg.news\/index.php?rest_route=\/wp\/v2\/users\/2"}],"replies":[{"embeddable":true,"href":"http:\/\/marburg.news\/index.php?rest_route=%2Fwp%2Fv2%2Fcomments&post=1511"}],"version-history":[{"count":0,"href":"http:\/\/marburg.news\/index.php?rest_route=\/wp\/v2\/posts\/1511\/revisions"}],"wp:attachment":[{"href":"http:\/\/marburg.news\/index.php?rest_route=%2Fwp%2Fv2%2Fmedia&parent=1511"}],"wp:term":[{"taxonomy":"category","embeddable":true,"href":"http:\/\/marburg.news\/index.php?rest_route=%2Fwp%2Fv2%2Fcategories&post=1511"},{"taxonomy":"post_tag","embeddable":true,"href":"http:\/\/marburg.news\/index.php?rest_route=%2Fwp%2Fv2%2Ftags&post=1511"}],"curies":[{"name":"wp","href":"https:\/\/api.w.org\/{rel}","templated":true}]}}