{"id":15074,"date":"2024-02-28T19:15:00","date_gmt":"2024-02-28T18:15:00","guid":{"rendered":"http:\/\/marburg.news\/?p=15074"},"modified":"2024-03-13T16:21:13","modified_gmt":"2024-03-13T15:21:13","slug":"vortrag-zur-klimagerechtigkeit-yi-yi-prue-in-marburg","status":"publish","type":"post","link":"http:\/\/marburg.news\/?p=15074","title":{"rendered":"Vortrag zur Klimagerechtigkeit: Yi Yi Prue sprach in Marburg"},"content":{"rendered":"\n<p>Die Klima- und Menschenrechtsaktivistin Yi Yi Prue hat Marburg besucht. Am Dienstag (27. Februar) sprach sie im Technologie- und Tagungszentrum (TTZ) von ihren Erfahrungen mit Flutkatastrophen in ihrer Heimat und ihrer Klage vor dem Bundesverfassungsgericht (BVerfG).<\/p>\n\n\n<p><!--more--><\/p>\n\n\n<p>Organisiert wurde der Vortrag mit dem Titel \u201eClimate Justice\u201c von der Humanistischen Union (HU) Marburg, in Kooperation mit dem Weltladen und dem Verein Kulturelle Str\u00f6mungen. Die Idee dazu sei bei der Fritz-Bauer-Preisverleihung der HU in Rastatt gekommen, erz\u00e4hlte Vorsitzender der HU Marburg Franz-Josef Hanke. Dieser ging an die Kl\u00e4ger der sogenannte \u201eKlimaklage\u201c. Sie hatten 2021 vor dem BVerfG gefordert, dass sich Deutschland auch international, insbesondere in S\u00fcdasien, f\u00fcr Klimaschutz einsetzen muss. Das BVerfG gab ihnen Recht.<\/p>\n\n\n\n<p>Die aus Bangladesh stammende Anw\u00e4ltin Yi Yi Prue war Mitkl\u00e4gerin. Damit war sie die erste Verfassungskl\u00e4gerin, die keine deutsche Staatsangeh\u00f6rigkeit hatte. \u201eEs geht um viel mehr als um Klimaschutz, es geht um humane Gerechtigkeit weltweit\u201c, erinnerte Hanke. Denn Prues Kampf f\u00fcr Demokratie und Klimagerechtigkeit legt immer ein besonderes Augenmerk auf Menschen, die besonders davon betroffen sind.<\/p>\n\n\n\n<p>B\u00fcrgermeisterin Nadine Bernshausen begr\u00fc\u00dfte Prue im Namen des Magistrats. Sie wies auf die Stadtgeschichte hin, dass Elisabeth von Th\u00fcringen ebenfalls Barmherzigkeit gegen\u00fcber armen Menschen forderte, und das erste Speisegesetz hervorbrachte. Dieses besagte, dass B\u00e4uerinnen und Bauern von ihrer eigenen Hand auch leben k\u00f6nnen m\u00fcssen. Auch sei Marburg Teil des Klimab\u00fcndnis und setze sich f\u00fcr indigene Volksgruppen ein, die von Klimafolgen betroffen sind.<\/p>\n\n\n\n<p>Als Juristin sei Bernshausen besonders beeindruckt von Prue. Prue habe Geschichten gesammelt von Menschen in Nepal und Bangladesh, die vom Klimawandel extrem bedroht sind und sie vor das BVerfG gef\u00fchrt. \u201eMeine Hoffnung ist, dass sie uns allen helfen, und Perspektiven er\u00f6ffnen, auch in einer Minderheitenrolle die Stimme zu erheben und unglaubliches zu leisten und zu erreichen\u201c, richtete die B\u00fcrgermeisterin das Wort an Prue.<\/p>\n\n\n\n<p>Prue erz\u00e4hlte bei ihrem Vortrag von ihrer Heimat, der indigenen Volksgruppe der Marma in den Chittagong Hill Tracts im S\u00fcdosten Bangladesh. Diese Region sei besonders von Erdrutschen betroffen. Sie selbst erinnere sich an die katastrophale Zerst\u00f6rung, die bei einem Erdrutsch in ihrem Heimatdorf in ihrer Kindheit angerichtet wurde.<\/p>\n\n\n\n<p>Zun\u00e4chst wurde sie Anw\u00e4ltin, um die Marma vor Diskrimination zu sch\u00fctzen, denn sie wollten Rechte an ihrem Land zur\u00fcckfordern. Als 2017 in einem Monsun mehr als 100 Menschen bei Erdrutschen ums Leben kamen und viele die Chittagong Region verlassen mussten, besuchte und sprach sie mit den Opfern. \u201eEs war klar, dass die Naturkatastrophe von Menschen verursacht wurde\u201c, erkl\u00e4rte Prue. Grund daf\u00fcr sei zum Beispiel die radikale Abholzung der W\u00e4lder, die den Boden zu sehr auflockerte.<\/p>\n\n\n\n<p>Prue arbeitete mit vielen internationalen Anw\u00e4lten zusammen, so auch mit dem Menschenrechtsanwalt Prof. Dr. Remo Klinger, der auch f\u00fcr die \u201eRecht auf unsere Zukunft\u201c Klimaklage vom Fr\u00fchjahr 2021 bekannt ist. Gemeinsam wollten sie die f\u00fcr den Klimawandel mitverantwortlichen Nationen in Handlungspflicht bringen. Aber zu beweisen, dass der Klimawandel die Erdrutsche verursache, sei gar nicht so einfach, und Pr\u00e4zedenzf\u00e4lle seien zudem sehr teuer. Also reichten sie eine Verfassungsbeschwerde ein.<\/p>\n\n\n\n<p>Daf\u00fcr reiste Prue nach Bangladesh und Nepal, um mit den Opfern von Klimakatastrophen zu sprechen. Viele indigenen Klimafl\u00fcchtlinge mussten zum Beispiel ihre Reservate verlassen, um in den Gro\u00dfst\u00e4dten zu arbeiten. In einem Munda-Dorf im Mangrovenwald, berichtete Prue, z\u00f6gerten die Bewohner*innen ihr Wasser anzubieten, da ihr Grundwasser sehr dreckig und stark verseucht war. \u201eEs ist wichtig zu verstehen, dass die Klimakrise bereits jetzt viele Menschen in ihrem t\u00e4glichen Leben betrifft\u201c, machte Prue deutlich.<\/p>\n\n\n\n<p>Dabei haben die Menschen, die am st\u00e4rksten betroffen sind, am wenigsten dazu beigetragen. \u201eStellen Sie sich vor, Sie leben mit der st\u00e4ndigen Angst, ihre Freunde und Familie zu verlieren.\u201c Denn Zyklone, \u00dcberschwemmungen, Monsune und Erdrutsche werden immer h\u00e4ufiger. Au\u00dferdem sei es nicht einfach, langfristige Schutzma\u00dfnahmen zu etablieren. Andere Sorgen w\u00fcrden nach Bestehen einer kurzfristigen Krise wieder wichtiger werden.<\/p>\n\n\n\n<p>Prue erinnerte daran: \u201eWas heute unsere Situation in Bangladesh ist, kann morgen unsere Situation in Europa werden.\u201c In Europa habe man noch keine Angst vor Klimafolgen, da sie hier die Menschen noch nicht so stark betreffen. Doch Prue pl\u00e4dierte auf Mitgef\u00fchl f\u00fcr die Opfer des Klimawandels und deren Angeh\u00f6rige: \u201eIst ihr Schmerz kein Schmerz?\u201c<\/p>\n\n\n\n<p>Doch sie wolle nicht um Hilfe betteln, sondern hofft auf gegenseitige Unterst\u00fctzung. Die Aufmerksamkeit f\u00fcr die Klimakrise werde allerdings immer weniger. \u201eWir d\u00fcrfen diesen wichtigen Kampf f\u00fcr die Menschheit nicht vergessen, denn fr\u00fcher oder sp\u00e4ter wird es die ganze Welt betreffen\u201c.<\/p>\n\n\n\n<p>Marginalisierte Gruppen, wie indigene V\u00f6lker, d\u00fcrfen dabei nicht au\u00dfer Acht gelassen werden. In ihrem Kampf f\u00fcr Menschenrechte versucht Prue auch, auf die Diskriminierungen und Ungerechtigkeiten hinzuweisen, mit der Frauen in Bangladesch zu k\u00e4mpfen haben. Und sie versucht, die Stimme ihrer Heimat in Deutschland zu sein.<\/p>\n\n\n\n<p>Denn obwohl Politiker*innen in der Pflicht sind, gegen den Klimawandel vorzugehen, geht alles nur sehr langsam. Viele Menschen seien schon gestorben. In Deutschland lebe man in einer Box und vergesse schnell, was in der Welt passiert. Sie betonte, dass es deswegen wichtig sei, immer das Bewusstsein f\u00fcr die Folgen des Klimawandels beizubehalten.<\/p>\n\n\n\n<p>Prues gesamter Vortrag mit \u00dcbersetzung von Ada Spie\u00df sowie die Redebeitr\u00e4ge von Hanke, Bernshausen, Lina Blumenr\u00f6der vom Weltladen und der Moderatorin Paula Weppert gibt es auf dem YouTube Kanal \u201eOnlinezeitung marburgnews\u201c zu sehen. Prue reiste von Marburg weiter nach Bremen, um dort bei einer internationalen Klimademonstration zu sprechen. Auch in Marburg findet am Freitag (1. M\u00e4rz) eine \u00e4hnliche <a href=\"http:\/\/marburg.news\/?p=14909\">Veranstaltung<\/a> statt, Treffpunkt ist um 15 Uhr vor dem Erwin-Piscator-Haus (EPH).<\/p>\n","protected":false},"excerpt":{"rendered":"<p>Die Klima- und Menschenrechtsaktivistin Yi Yi Prue hat Marburg besucht. Am Dienstag (27. Februar) sprach sie im Technologie- und Tagungszentrum (TTZ) von ihren Erfahrungen mit Flutkatastrophen in ihrer Heimat und ihrer Klage vor dem Bundesverfassungsgericht (BVerfG).<\/p>\n","protected":false},"author":13,"featured_media":15075,"comment_status":"closed","ping_status":"open","sticky":false,"template":"","format":"standard","meta":{"advanced_seo_description":"","spay_email":"","jetpack_publicize_message":"","jetpack_is_tweetstorm":false,"jetpack_publicize_feature_enabled":true},"categories":[2,4],"tags":[5724,4486,5723],"jetpack_featured_media_url":"https:\/\/i0.wp.com\/marburg.news\/wp-content\/uploads\/2024\/02\/WhatsApp-Bild-2024-02-29-um-14.11.57_e3c2338c.jpg?fit=1500%2C1000","jetpack_publicize_connections":[],"jetpack_sharing_enabled":true,"jetpack_shortlink":"https:\/\/wp.me\/p8mhvd-3V8","jetpack-related-posts":[{"id":14854,"url":"http:\/\/marburg.news\/?p=14854","url_meta":{"origin":15074,"position":0},"title":"Neuer Vortrag: Yi Yi Prue spricht im TTZ","date":"1. Februar 2024","format":false,"excerpt":"Die Umwelt- und B\u00fcrgerrechtsaktivistin Yi Yi Prue wird am Dienstag (27. Februar) einen Vortrag zur Klimagerechtigkeit halten. Dazu l\u00e4dt die Humanistische Union Marburg (HU) ein. Yi Yi Prue ist eine der Preistr\u00e4ger*innen des Fritz-Bauer-Preises der HU, den sie f\u00fcr ihren Einsatz f\u00fcr Klimagerechtigkeit erhielt. Vor dem Bundesverfassungsgericht (BVerfG) hatten sie\u2026","rel":"","context":"In &quot;Politik&quot;","img":{"alt_text":"Yi Yi Prue","src":"https:\/\/i0.wp.com\/marburg.news\/wp-content\/uploads\/2024\/02\/WhatsApp-Bild-2024-02-06-um-10.53.39_6deb6c0d.jpg?fit=1200%2C800&resize=350%2C200","width":350,"height":200},"classes":[]},{"id":14917,"url":"http:\/\/marburg.news\/?p=14917","url_meta":{"origin":15074,"position":1},"title":"Prue im TTZ: Menschenrechtsanw\u00e4ltin aus Bangladesh berichtet vom Klimawandel","date":"12. Februar 2024","format":false,"excerpt":"Yi Yi Prue hat internationale Rechtsgeschichte geschrieben. Die indigene Menschenrechtsanw\u00e4ltin aus Bangladesch spricht am Dienstag (27. Februar) in Marburg \u00fcber Klimagerechtigkeit. Klimaschutz ist f\u00fcr Yi Yi Prue vor allem eine soziale Frage. Als Kind hat die Angeh\u00f6rige der indigenen Bev\u00f6lkerungsgruppe der Marma miterlebt, wie eine Flutwelle die H\u00e4user ihrer Nachbarn\u2026","rel":"","context":"In &quot;Politik&quot;","img":{"alt_text":"Yi Yi Prue","src":"https:\/\/i0.wp.com\/marburg.news\/wp-content\/uploads\/2024\/02\/WhatsApp-Bild-2024-02-06-um-10.53.39_6deb6c0d.jpg?fit=1200%2C800&resize=350%2C200","width":350,"height":200},"classes":[]},{"id":14829,"url":"http:\/\/marburg.news\/?p=14829","url_meta":{"origin":15074,"position":2},"title":"Mit Menschenrechten: HU verst\u00e4rkt Einsatz f\u00fcr Demokratie","date":"29. Januar 2024","format":false,"excerpt":"Verst\u00e4rken m\u00f6chte die Humanistische Union (HU) ihren Einsatz f\u00fcr gelebte Demokratie. Das ist das Ergebnis des HU-Neujahrsessens 2024 in Marburg. Bei ihrer Jahreshauptversammlung am Sonntag (28. Januar) best\u00e4tigte die Humanistische Union Marburg ihren Vorsitzenden Franz-Josef Hanke, seinen Stellvertreter Tronje D\u00f6hmer sowie den Beisitzer Matthias Schulz im Amt. Alle drei wurden\u2026","rel":"","context":"In &quot;Politik&quot;","img":{"alt_text":"","src":"","width":0,"height":0},"classes":[]},{"id":14750,"url":"http:\/\/marburg.news\/?p=14750","url_meta":{"origin":15074,"position":3},"title":"Anstehende Aktivit\u00e4ten: Jahresplanung f\u00fcr 2024 beim HU-Neujahrsessen","date":"15. Januar 2024","format":false,"excerpt":"Schutz und St\u00e4rkung der Demokratie sind Kernaufgaben der Humanistischen Union (HU). Ihre Agenda f\u00fcr 2024 bespricht die HU Marburg bei ihrem traditionellen Neujahrsessen am Sonntag (28. Januar). \"Die j\u00fcngsten Informationen \u00fcber Geheimgespr\u00e4che rechtspopulistischer und rassistischer Personen mit Parlamentariern der AfD und m\u00f6glichen Financiers sollten alle Demokratinnen und Demokraten wachr\u00fctteln\", erkl\u00e4rte\u2026","rel":"","context":"In &quot;Politik&quot;","img":{"alt_text":"","src":"","width":0,"height":0},"classes":[]},{"id":8466,"url":"http:\/\/marburg.news\/?p=8466","url_meta":{"origin":15074,"position":4},"title":"Im Notfall: HU plant Tagung zu Triage in Marburg","date":"30. Dezember 2021","format":false,"excerpt":"Das Thema \"Triage\" ist ein Arbeitsschwerpunkt der Humanistischen Union (HU) f\u00fcr 2022. Dazu soll im Sommer eine bundesweite Tagung in Marburg stattfinden. Mit dem Begriff \"Triage\" bezeichnet die Kriegs- und Notfallmedizin die Priorisierung Behandlungsbed\u00fcrftiger im Fall von begrenzten Behandlungsm\u00f6glichkeiten. Im Zuge der Corona-Pandemie wurde eine solche Selektion auch in Deutschland\u2026","rel":"","context":"In &quot;Bildung&quot;","img":{"alt_text":"","src":"","width":0,"height":0},"classes":[]},{"id":17245,"url":"http:\/\/marburg.news\/?p=17245","url_meta":{"origin":15074,"position":5},"title":"Politik 2024: Erfolgreiche Massendemos und ern\u00fcchternde Entwicklungen","date":"31. Dezember 2024","format":false,"excerpt":"Begonnen hat das Jahr 2024 mit Massendemonstrationen. Inzwischen ist die erste Euphorie der demokratischen Kr\u00e4fte jedoch weitgehend verflogen. Gut 16.000 Menschen haben am Samstag (27. Januar) vor dem Erwin-Piscator-Haus (EPH) gegen Forderungen nach einer \"Remigration\" Gefl\u00fcchteter demonstriert. Das war die gr\u00f6\u00dfte Demonstration in Marburg seit Jahrzehnten. Im Anschluss daran haben\u2026","rel":"","context":"In &quot;Politik&quot;","img":{"alt_text":"","src":"","width":0,"height":0},"classes":[]}],"_links":{"self":[{"href":"http:\/\/marburg.news\/index.php?rest_route=\/wp\/v2\/posts\/15074"}],"collection":[{"href":"http:\/\/marburg.news\/index.php?rest_route=\/wp\/v2\/posts"}],"about":[{"href":"http:\/\/marburg.news\/index.php?rest_route=\/wp\/v2\/types\/post"}],"author":[{"embeddable":true,"href":"http:\/\/marburg.news\/index.php?rest_route=\/wp\/v2\/users\/13"}],"replies":[{"embeddable":true,"href":"http:\/\/marburg.news\/index.php?rest_route=%2Fwp%2Fv2%2Fcomments&post=15074"}],"version-history":[{"count":3,"href":"http:\/\/marburg.news\/index.php?rest_route=\/wp\/v2\/posts\/15074\/revisions"}],"predecessor-version":[{"id":15151,"href":"http:\/\/marburg.news\/index.php?rest_route=\/wp\/v2\/posts\/15074\/revisions\/15151"}],"wp:featuredmedia":[{"embeddable":true,"href":"http:\/\/marburg.news\/index.php?rest_route=\/wp\/v2\/media\/15075"}],"wp:attachment":[{"href":"http:\/\/marburg.news\/index.php?rest_route=%2Fwp%2Fv2%2Fmedia&parent=15074"}],"wp:term":[{"taxonomy":"category","embeddable":true,"href":"http:\/\/marburg.news\/index.php?rest_route=%2Fwp%2Fv2%2Fcategories&post=15074"},{"taxonomy":"post_tag","embeddable":true,"href":"http:\/\/marburg.news\/index.php?rest_route=%2Fwp%2Fv2%2Ftags&post=15074"}],"curies":[{"name":"wp","href":"https:\/\/api.w.org\/{rel}","templated":true}]}}