{"id":15073,"date":"2024-02-28T18:40:00","date_gmt":"2024-02-28T17:40:00","guid":{"rendered":"http:\/\/marburg.news\/?p=15073"},"modified":"2024-02-28T18:40:00","modified_gmt":"2024-02-28T17:40:00","slug":"ankuendigung-von-streiks-stadtbusse-stehen-am-freitag-still","status":"publish","type":"post","link":"http:\/\/marburg.news\/?p=15073","title":{"rendered":"Ank\u00fcndigung von Streiks: Stadtbusse stehen am Freitag still"},"content":{"rendered":"<p>Bundesweite Streiks gibt es derzeit im \u00d6ffentlichen Personennahverkehr (\u00d6PNV). Auch die Marburger Stadtbusse stehen am Freitag (1. M\u00e4rz) still. <!--more--><br \/>\nDie Gewerkschaften ver.di und Nahverkehrsgewerkschaft (NahVG) rufen zu Streiks im \u00f6ffentlichen Personennahverkehr auf. Nach jetzigem Stand ist davon am Freitag (1. M\u00e4rz) auch der Marburger Stadtbusverkehr betroffen. Aus diesem Grund ist am Freitag mit einem Ausfall s\u00e4mtlicher Linien im Stadtbusverkehr zu rechnen. Auch der Schulbusverkehr findet dann nicht statt. Voraussichtlich ab Samstag (2. M\u00e4rz) kann der Linienbusverkehr wieder aufgenommen werden.<\/p>\n<p>* pm: Stadtwerke Marburg<\/p>\n","protected":false},"excerpt":{"rendered":"<p>Bundesweite Streiks gibt es derzeit im \u00d6ffentlichen Personennahverkehr (\u00d6PNV). Auch die Marburger Stadtbusse stehen am Freitag (1. M\u00e4rz) still.<\/p>\n","protected":false},"author":2,"featured_media":0,"comment_status":"closed","ping_status":"open","sticky":false,"template":"","format":"standard","meta":{"advanced_seo_description":"","spay_email":"","jetpack_publicize_message":"","jetpack_is_tweetstorm":false,"jetpack_publicize_feature_enabled":true},"categories":[4],"tags":[30,102,31],"jetpack_featured_media_url":"","jetpack_publicize_connections":[],"jetpack_sharing_enabled":true,"jetpack_shortlink":"https:\/\/wp.me\/p8mhvd-3V7","jetpack-related-posts":[{"id":17639,"url":"http:\/\/marburg.news\/?p=17639","url_meta":{"origin":15073,"position":0},"title":"In Deutschland: Busse bleiben im Depot","date":"10. M\u00e4rz 2025","format":false,"excerpt":"Erneut trifft der Streik im \u00d6ffentlichen Dienst auch wieder Marburg. Die Stadtbusse bleiben am Dienstag (11. M\u00e4rz) im Depot. Der Streik der Vereinten Dienstleistungsgewerkschaft ver.di hat am Montag (10. M\u00e4rz) fast den gesamten Flugverkehr in Deutschland lahmgelegt. Bislang hatten die Arbeitgeber - der Bund und die Kommunen - aber noch\u2026","rel":"","context":"In &quot;Soziales&quot;","img":{"alt_text":"","src":"","width":0,"height":0},"classes":[]},{"id":14861,"url":"http:\/\/marburg.news\/?p=14861","url_meta":{"origin":15073,"position":1},"title":"Neue Welle: Stadtbusfahrer streiken nicht","date":"1. Februar 2024","format":false,"excerpt":"Marburgs Busfahrer streiken nicht. Im Gegensatz zu 80 anderen St\u00e4dten bundesweit gibt es bei der Marburger Verkehrsgesellschaft (MVG) am Freitag (2. Februar) keine Arbeitsniederlegung. Zu Streiks im \u00d6ffentlichen Personennahverkehr (\u00d6PNV) hatte die Vereinte Dienstleistungsgewerkschaft (Verdi) f\u00fcr Freigag (2. Februar) aufgerufen. Angestrebt wurde neben einer Lohnerh\u00f6hung zum Inflationsausgleich auch ein h\u00f6heres\u2026","rel":"","context":"In &quot;Soziales&quot;","img":{"alt_text":"","src":"","width":0,"height":0},"classes":[]},{"id":17431,"url":"http:\/\/marburg.news\/?p=17431","url_meta":{"origin":15073,"position":2},"title":"Stadtbus statt Stadtwerke: Neue Homepage erlaubt direkten Zugriff","date":"2. Februar 2025","format":false,"excerpt":"Marburgs Stadtbusse haben neuerdings eine eigene Homepage. Das haben die Stadtwerke Marburg (SWM) Ende Januar mitgeteilt. Der Nahverkehr der Stadtwerke Marburg (SWM) ist seit Mittwoch (29. Januar) mit seiner eigenen und vollkommen neu konzipierten Homepage unter www.stadtbus-marburg.de online. Warum war dieser Schritt notwendig? Die Stadtwerke Marburg sind in vielen Gesch\u00e4ftsfeldern\u2026","rel":"","context":"In &quot;Soziales&quot;","img":{"alt_text":"","src":"","width":0,"height":0},"classes":[]},{"id":12195,"url":"http:\/\/marburg.news\/?p=12195","url_meta":{"origin":15073,"position":3},"title":"Kein Bus: Ganzt\u00e4giger Warnstreik am Mittwoch","date":"21. M\u00e4rz 2023","format":false,"excerpt":"Das Fahrpersonal der Marburger Stadtbusse streikt am Mittwoch (22. M\u00e4rz). Der Busverkehr ruht voraussichtlich den gesamten Tag \u00fcber. Busfahrerinnen und Busfahrer der Marburger Verkehrsgesellschaft (MVG) legen nicht nur den gesamten Stadtbusverkehr lahm, sondern auch den Betrieb der Anruf-Sammeltaxis (AST). Au\u00dferdem ist der Schulbusverkehr betroffen. Zudem werden auch die M\u00fcllabfuhr und\u2026","rel":"","context":"In &quot;Soziales&quot;","img":{"alt_text":"","src":"","width":0,"height":0},"classes":[]},{"id":12051,"url":"http:\/\/marburg.news\/?p=12051","url_meta":{"origin":15073,"position":4},"title":"Umleitung mit Aussicht: Umgehungsstra\u00dfe in Cappel gesperrt","date":"1. M\u00e4rz 2023","format":false,"excerpt":"Eine Sperrung der Umgehungsstra\u00dfe in Richtung Ronhausen erfolgt ab Freitag (3. M\u00e4rz). Auch die Linienbusse werden umgeleitet. Die Umgehungsstra\u00dfe im Stadtteil Cappel ist aufgrund von Bauarbeiten zwischen dem Kreisverkehr in H\u00f6he der Firma Herzog und der Einm\u00fcndung \"Auf der Appeling\" ab Freitag (3. M\u00e4rz) nur als Einbahnstra\u00dfe in Richtung Innenstadt\u2026","rel":"","context":"In &quot;Sonstiges&quot;","img":{"alt_text":"","src":"","width":0,"height":0},"classes":[]},{"id":14903,"url":"http:\/\/marburg.news\/?p=14903","url_meta":{"origin":15073,"position":5},"title":"Es wird sp\u00e4t: Mit dem Marburger Nachtstern in Bus und Bahn heimkommen","date":"9. Februar 2024","format":false,"excerpt":"Mit dem \"Marburger Nachstern\" kommen Feiernde nach der Karnevals-Veranstaltung oder dem Kneipenbesuch mit dem \u00d6PNV noch sp\u00e4t nach Hause. Daran hat der Landkreis am Freitag (9. Februar) erinnert. Mit dem \"Marburger Nachtstern\" haben Feierfreudige auch in der Hochphase des Karnevals die Chance, mit \u00f6ffentlichen Verkehrsmitteln nach Hause zu kommen. Der\u2026","rel":"","context":"In &quot;Soziales&quot;","img":{"alt_text":"","src":"","width":0,"height":0},"classes":[]}],"_links":{"self":[{"href":"http:\/\/marburg.news\/index.php?rest_route=\/wp\/v2\/posts\/15073"}],"collection":[{"href":"http:\/\/marburg.news\/index.php?rest_route=\/wp\/v2\/posts"}],"about":[{"href":"http:\/\/marburg.news\/index.php?rest_route=\/wp\/v2\/types\/post"}],"author":[{"embeddable":true,"href":"http:\/\/marburg.news\/index.php?rest_route=\/wp\/v2\/users\/2"}],"replies":[{"embeddable":true,"href":"http:\/\/marburg.news\/index.php?rest_route=%2Fwp%2Fv2%2Fcomments&post=15073"}],"version-history":[{"count":0,"href":"http:\/\/marburg.news\/index.php?rest_route=\/wp\/v2\/posts\/15073\/revisions"}],"wp:attachment":[{"href":"http:\/\/marburg.news\/index.php?rest_route=%2Fwp%2Fv2%2Fmedia&parent=15073"}],"wp:term":[{"taxonomy":"category","embeddable":true,"href":"http:\/\/marburg.news\/index.php?rest_route=%2Fwp%2Fv2%2Fcategories&post=15073"},{"taxonomy":"post_tag","embeddable":true,"href":"http:\/\/marburg.news\/index.php?rest_route=%2Fwp%2Fv2%2Ftags&post=15073"}],"curies":[{"name":"wp","href":"https:\/\/api.w.org\/{rel}","templated":true}]}}