{"id":15001,"date":"2024-02-19T15:04:54","date_gmt":"2024-02-19T14:04:54","guid":{"rendered":"http:\/\/marburg.news\/?p=15001"},"modified":"2024-02-19T15:04:54","modified_gmt":"2024-02-19T14:04:54","slug":"gemeinsam-gelernt-digitaltruck-zu-besuch-in-marburg","status":"publish","type":"post","link":"http:\/\/marburg.news\/?p=15001","title":{"rendered":"Gemeinsam gelernt: DigitalTruck zu Besuch in Marburg"},"content":{"rendered":"<p>Der DigitalTruck Hessen war zu Besuch in Marburg. Sch\u00fclerinnen und Sch\u00fcler lernten Coding, Robotik, Stop Motion und mehr. <!--more--><br \/>\neine Woche lang tauchten mehr als 100 Sch\u00fclerinnen und Sch\u00fcler der Sophie-von-Brabant-Schule in die Welt der Digitalisierung ein. M\u00f6glich gemacht hat das der DigitalTruck des Hessischen Ministeriums f\u00fcr Kultus, Bildung und Chancen. An seinem kurzzeitigen Standort im Georg-Ga\u00dfmann-Stadion (GGS) nahmen dritte und vierte Klassen an verschiedenen Workshops teil und vertieften so ihre Medienkenntnisse.<br \/>\n&#8222;In der heutigen digitalen Welt spielt Medienkompetenz eine entscheidende Rolle&#8220;, erkl\u00e4rte B\u00fcrgermeisterin Nadine Bernshausen. &#8222;Daher freut es uns, verk\u00fcnden zu k\u00f6nnen, dass der DigitalTruck nach einer zweij\u00e4hrigen Pause wieder in Marburg Halt macht. Er bietet den Sch\u00fcler*innen eine Vielzahl von Workshops an, um ihnen den Umgang mit digitalen Tools sowie das Programmieren &#8211; auch bekannt als Coding &#8211; n\u00e4herzubringen.&#8220;<br \/>\nNachdem 2022 Sch\u00fclerinnen und Sch\u00fcler der Astrid-Lindgren-Schule das Angebot wahrnahmen, gestalteten diesmal 112 Dritt- und Viertkl\u00e4ssler*innen der Sophie-von-Brabant-Schule in Workshops ein digitales Buch, lernten die Grundlagen des Programmierens kennen und besch\u00e4ftigten sich mit Robotern und k\u00fcnstlicher Intelligenz. Au\u00dferdem widmeten sich beispielsweise an einem Vormittag die Sch\u00fclerinnen und Sch\u00fcler der 4a der Filmtechnik &#8222;Stop Motion&#8220;. Dabei handelt es sich um eine Art digitalem Daumenkino.<br \/>\nNachdem der Medienp\u00e4dagoge Maximilian Plag von &#8222;Helliwood Media &amp; Education&#8220; sowie seine Kollegin Morven Agnew den Grundsch\u00fclerinnen und -sch\u00fclern die Grundlagen n\u00e4hergebracht hatten, ging es ans &#8222;Storyboard&#8220;: Die M\u00e4dchen und Jungen dachten sich in Kleingruppen kurze Geschichten aus. Dann w\u00e4hlten sie Spielfiguren, die sie in kleine Kulissen in Szene(n) setzten. Minimal ver\u00e4nderten sie die Positionierungen der Figuren, fotografierten jede einzelne Szene mit Tablets und f\u00fcgten die Fotos in eine spezielle App ein. Abschlie\u00dfend vertonten sie ihr digitales Daumenkino mit eigenen Stimmen oder auch mit Hintergrundmusik und -ger\u00e4uschen.<br \/>\nInnerhalb von etwa viereinhalb Stunden entstanden so aus jeweils mehr als 200 Fotos knapp 90-sek\u00fcndige Filme. Sie trugen Titel wie &#8222;Der Albtraum&#8220;, &#8222;Galaxy Wars Film&#8220;, &#8222;Es help me&#8220; oder &#8222;Klon-Krieg&#8220;. Im Anschluss an die Film-Vorf\u00fchrung waren sich die Teilnehmenden einig, dass der Workshop &#8222;richtig cool&#8220; war und gleichzeitig herausfordernd. Sp\u00e4ter am Tag stand dann noch das Programmieren einer digitalen Schildkr\u00f6te auf dem Plan.<br \/>\nIm Rahmen der Digitalen Schule Hessen setzt der DigitalTruck des Hessischen Ministeriums f\u00fcr Kultus, Bildung und Chancen seit 2021 Ma\u00dfst\u00e4be in der digitalen Bildung an Grundschulen in den 15 hessischen Schulbezirken. Das &#8211;<br \/>\nvon &#8222;Helliwood media &amp; education&#8220; durchgef\u00fchrte &#8211; Projekt besteht aus zwei mobilen Klassenzimmern, in denen die verschiedenen Lerninhalte gut vermittelt werden k\u00f6nnen. Denn der DigitalTruck, den die Rainbow Promotion gebaut hat, ist mit digitalen Endger\u00e4ten, Robotern und KI-Tools ausgestattet.<br \/>\nZwei Wochen lang macht der DigitalTruck Halt am Georg-Ga\u00dfmann-Stadion. Die Sch\u00fclerinnen und Sch\u00fcler der dritten und vierten Klassen der Sophie-von-Brabant-Schule nahmen in der ersten Woche am DigitalTruck teil. In der Woche danach folgt die Grundschule Frohnhausen aus dem Landkreis Marburg-Biedenkopf.<br \/>\nDoch nicht nur die Sch\u00fclerinnen und Sch\u00fcler profitieren vom Angebot des DigitalTrucks. Auch die Lehrkr\u00e4fte erhalten Fortbildungen, um den effektiven Einsatz digitaler Medien im Unterricht zu optimieren. Zudem haben Eltern und Erziehungsberechtigte die M\u00f6glichkeit, das Programm des DigitalTrucks bei einem Infonachmittag kennenzulernen und sich \u00fcber die digitale Bildung ihrer Kinder zu informieren.<br \/>\nDie Entscheidung, den DigitalTruck wieder nach Marburg zu bringen, erfolgte im Rahmen des Auftrags des Hessischen Ministeriums f\u00fcr Kultus, Bildung und Chancen. Er sieht vor, jeden Schulamtsbezirk innerhalb einer Tourphase zweiw\u00f6chig anzufahren, um fl\u00e4chendeckend digitale Bildung zu f\u00f6rdern.Der DigitalTruck Hessen hat das klare Ziel, Grundschulen fit f\u00fcr die digitale Zukunft zu machen. Dabei geht es nicht nur darum, die Neugier der Kinder f\u00fcr digitale Technologien zu wecken, sondern auch konkrete Impulse f\u00fcr eine zeitgem\u00e4\u00dfe Unterrichtsgestaltung zu liefern.<br \/>\nDie Mobile Digitalschule m\u00f6chte einen nachhaltigen Beitrag zur Entwicklung der Digitalisierung an Grundschulen leisten und eine fortschrittliche P\u00e4dagogik f\u00f6rdern. Durch die interaktiven Workshops und Lehrkr\u00e4ftefortbildungen soll die junge Generation optimal auf eine von Digitalisierung gepr\u00e4gte Zukunft vorbereitet werden. Auch Schulen, die nicht an der Aktionswoche teilnehmen, k\u00f6nnen die Inhalte der Tour online einsehen, Handreichungen und Unterrichtsmaterialien abrufen und sich mit den besuchten Schulen vernetzen.<br \/>\nDer DigitalTruck Hessen setzt damit ein Zeichen f\u00fcr die F\u00f6rderung digitaler Bildung und einen zukunftsorientierten Unterricht an Grundschulen in Hessen. Weitere Informationen zum Projekt und den Stationen des DigitalTrucks finden sich unter <a href=\"https:\/\/www.digitaltruck.de\/\">www.digitaltruck.de\/<\/a>.<\/p>\n<p>* pm: Stadt Marburg<\/p>\n","protected":false},"excerpt":{"rendered":"<p>Der DigitalTruck Hessen war zu Besuch in Marburg. Sch\u00fclerinnen und Sch\u00fcler lernten Coding, Robotik, Stop Motion und mehr.<\/p>\n","protected":false},"author":2,"featured_media":0,"comment_status":"closed","ping_status":"open","sticky":false,"template":"","format":"standard","meta":{"advanced_seo_description":"","spay_email":"","jetpack_publicize_message":"","jetpack_is_tweetstorm":false,"jetpack_publicize_feature_enabled":true},"categories":[5],"tags":[3930,1832,375],"jetpack_featured_media_url":"","jetpack_publicize_connections":[],"jetpack_sharing_enabled":true,"jetpack_shortlink":"https:\/\/wp.me\/p8mhvd-3TX","jetpack-related-posts":[{"id":10084,"url":"http:\/\/marburg.news\/?p=10084","url_meta":{"origin":15001,"position":0},"title":"Besuch aus Marseille: Sch\u00fcleraustausch mit Erasmus+","date":"8. Juli 2022","format":false,"excerpt":"Im Rahmen von \"Erasmus+\" hat Stadtr\u00e4tin Kirsten Dinnebier eine Sch\u00fclergruppe aus Marseille empfangen. Die franz\u00f6sischen Jugendlichen sind zu Gast in Stadtallendorf. Die europ\u00e4ische Identit\u00e4t st\u00e4rken und Innovation vorantreiben will das Programm \"Erasmus+\" der Europ\u00e4ischen Union (EU). Stadtr\u00e4tin Kirsten Dinnebier hat eine Sch\u00fclergruppe aus Marseille im Historischen Saal des Marburger Rathauses\u2026","rel":"","context":"In &quot;Bildung&quot;","img":{"alt_text":"","src":"","width":0,"height":0},"classes":[]},{"id":12265,"url":"http:\/\/marburg.news\/?p=12265","url_meta":{"origin":15001,"position":1},"title":"Nachhaltigkeit beleuchtet: Israelische Sch\u00fclergruppe in Marburg","date":"30. M\u00e4rz 2023","format":false,"excerpt":"Sch\u00fclerinnen und Sch\u00fcler aus Israel hat B\u00fcrgermeisterin Nadine Bernshausen im Rathaus begr\u00fc\u00dft. Nachhaltigkeit ist Thema des deutsch-israelischen Austauschprojekts. Die Jugendlichen aus Israel verbringen eine Woche in Deutschland und tauschen sich dabei mit Sch\u00fclerinnen und Sch\u00fclern der Adolf-Reichwein-Schule (ARS) aus. Sie besch\u00e4ftigen sich mit Nachhaltigkeit in den Bereichen Gesellschaft, Politik, Familie\u2026","rel":"","context":"In &quot;Bildung&quot;","img":{"alt_text":"","src":"","width":0,"height":0},"classes":[]},{"id":12738,"url":"http:\/\/marburg.news\/?p=12738","url_meta":{"origin":15001,"position":2},"title":"Am Europatag: Austauschgruppe aus Poitiers in Marburg","date":"5. Juni 2023","format":false,"excerpt":"Sch\u00fclerinnen und Sch\u00fcler aus Poitiers waren zu Gast in Marburg. Ihr Besuch hat bereits am Europatag stattgefunden. Der Sch\u00fcleraustausch zwischen Marburg und seiner Partnerstadt Poitiers bringt regelm\u00e4\u00dfig junge Menschen aus beiden St\u00e4dten zusammen. Die Jugendlichen besuchten im Rahmen des Austauschs das Marburger Rathaus. B\u00fcrgermeisterin Nadine Bernshausen empfing die Gruppe am\u2026","rel":"","context":"In &quot;Bildung&quot;","img":{"alt_text":"","src":"","width":0,"height":0},"classes":[]},{"id":15530,"url":"http:\/\/marburg.news\/?p=15530","url_meta":{"origin":15001,"position":3},"title":"Partnerstadt besuchen: Junge G\u00e4ste aus Poitiers in Marburg","date":"3. Mai 2024","format":false,"excerpt":"Junge G\u00e4ste aus Poitiers waren in Marburg zu Besuch. B\u00fcrgermeisterin Nadine Bernshausen gab einen Empfang f\u00fcr die Franz\u00f6sinnen und Franzosen. Auch 2024 haben wieder rund 40 Sch\u00fclerinnen und Sch\u00fcler aus der Marburger Partnerstadt Poitiers die Martin-Luther-Schule (MLS) besucht. Sie wurden von B\u00fcrgermeisterin Nadine Bernshausen empfangen. Etwa 40 Sch\u00fcler*innen der Mittelstufenschule\u2026","rel":"","context":"In &quot;Bildung&quot;","img":{"alt_text":"","src":"","width":0,"height":0},"classes":[]},{"id":2238,"url":"http:\/\/marburg.news\/?p=2238","url_meta":{"origin":15001,"position":4},"title":"Unter Freunden: Sch\u00fcleraustausch zwischen Marburg und Spanien","date":"17. Mai 2018","format":false,"excerpt":"19 Sch\u00fcler aus La Uni\u00f3n in der Region Murcia sind zu Gast in Marburg. Stadtr\u00e4tin Kirsten Dinnebier empfing die 14- bis 17-J\u00e4hrigen im Historischen Saal des Rathauses. Es ist der erste Besuch der spanischen Jugendlichen in Marburg. Im Oktober 2017 waren bereits Sch\u00fclerinnen und Sch\u00fcler aus Marburg und Heskem in\u2026","rel":"","context":"In &quot;Bildung&quot;","img":{"alt_text":"","src":"","width":0,"height":0},"classes":[]},{"id":18057,"url":"http:\/\/marburg.news\/?p=18057","url_meta":{"origin":15001,"position":5},"title":"Am KFZ: 400 Sch\u00fcler performen auf Stra\u00dfen und Pl\u00e4tzen","date":"23. Mai 2025","format":false,"excerpt":"\u00dcber 400 Sch\u00fclerinnen und Sch\u00fcler der RGS machen Marburg zur B\u00fchne. Unter dem Motto \"Better Together\" wollen sie raus aus der Schule. Am Donnerstag (5. Juni) wird die Marburger Innenstadt zur B\u00fchne: \u00dcber 400 Sch\u00fclerinnen und Sch\u00fcler der Richtsberg-Gesamtschule (RGS) gestalten unter dem Motto \"Better together\" Performances an Pl\u00e4tzen, auf\u2026","rel":"","context":"In &quot;Bildung&quot;","img":{"alt_text":"","src":"","width":0,"height":0},"classes":[]}],"_links":{"self":[{"href":"http:\/\/marburg.news\/index.php?rest_route=\/wp\/v2\/posts\/15001"}],"collection":[{"href":"http:\/\/marburg.news\/index.php?rest_route=\/wp\/v2\/posts"}],"about":[{"href":"http:\/\/marburg.news\/index.php?rest_route=\/wp\/v2\/types\/post"}],"author":[{"embeddable":true,"href":"http:\/\/marburg.news\/index.php?rest_route=\/wp\/v2\/users\/2"}],"replies":[{"embeddable":true,"href":"http:\/\/marburg.news\/index.php?rest_route=%2Fwp%2Fv2%2Fcomments&post=15001"}],"version-history":[{"count":0,"href":"http:\/\/marburg.news\/index.php?rest_route=\/wp\/v2\/posts\/15001\/revisions"}],"wp:attachment":[{"href":"http:\/\/marburg.news\/index.php?rest_route=%2Fwp%2Fv2%2Fmedia&parent=15001"}],"wp:term":[{"taxonomy":"category","embeddable":true,"href":"http:\/\/marburg.news\/index.php?rest_route=%2Fwp%2Fv2%2Fcategories&post=15001"},{"taxonomy":"post_tag","embeddable":true,"href":"http:\/\/marburg.news\/index.php?rest_route=%2Fwp%2Fv2%2Ftags&post=15001"}],"curies":[{"name":"wp","href":"https:\/\/api.w.org\/{rel}","templated":true}]}}