{"id":14943,"date":"2024-02-15T18:56:58","date_gmt":"2024-02-15T17:56:58","guid":{"rendered":"http:\/\/marburg.news\/?p=14943"},"modified":"2024-02-15T18:56:58","modified_gmt":"2024-02-15T17:56:58","slug":"wissenschaft-trifft-geschichte-portal-zur-uni-in-der-ns-zeit","status":"publish","type":"post","link":"http:\/\/marburg.news\/?p=14943","title":{"rendered":"Wissenschaft trifft Geschichte: Portal zur Uni in der NS-Zeit"},"content":{"rendered":"<p>Mit ihrer Geschichte in der NS-Zeit setzt sich die Philipps-Universit\u00e4t weiterhin auseinander. Dazu hat sie ein Portal zur Geschichte der Universit\u00e4t im Nationalsozialismus freigeschaltet. <!--more--><br \/>\nDie Philipps-Universit\u00e4t setzt sich weiterhin mit ihrer Geschichte w\u00e4hrend der Zeit des Nationalsozialismus auseinander. Einen entsprechenden Beschluss hat der Senat der Universit\u00e4t im M\u00e4rz 2022 gefasst: &#8222;Die Philipps-Universit\u00e4t steht in der Verantwortung, sich weiterhin kritisch mit ihrer nationalsozialistischen Vergangenheit und der ihrer ehemaligen Universit\u00e4tsangeh\u00f6rigen auseinanderzusetzen. Besonders vor dem Hintergrund der letzten Jahre, in denen Antisemitismus und Rechtsextremismus wieder erstarkt sind, soll eine kritische Erinnerungskultur dazu beitragen, Hass und Hetze entgegenzuwirken.&#8220; Vor diesem Hintergrund entstand das Portal &#8222;Die Philipps-Universit\u00e4t &#8211;<br \/>\nWissenschaft &#8211; Politik &#8211; Gesellschaft im Nationalsozialismus&#8220;. Es soll Informationen zur weiteren Vertiefung zusammenf\u00fchren mit dem Ziel, einen kritischen Umgang mit dieser Zeit anzusto\u00dfen und eine weitere wissenschaftliche Erforschung anzuregen.<br \/>\nDas Portal ist als eine erste Version angelegt, die weiter ausgebaut werden soll. Ein wichtiger Baustein daf\u00fcr ist, dass sich die Anliegen und Fragen aus der Universit\u00e4t wiederfinden, ebenso Ergebnisse aus Lehrveranstaltungen und aus Forschungsvorhaben und Fragestellungen und Anregungen aus der Bev\u00f6lkerung.<br \/>\nDas Portal bietet verschiedene thematische Zug\u00e4nge, die vielschichtige Aspekte des Universit\u00e4tslebens w\u00e4hrend der Zeit des Nationalsozialismus beleuchten. Dabei werden nicht nur die Mitglieder der Universit\u00e4t und ihre formale Verfasstheit betrachtet, sondern auch die Interaktion mit Marburg und der Region sowie Aufgaben der Universit\u00e4t als Institution in der Zeit des Nationalsozialismus.<br \/>\nWie in der gesamten Bev\u00f6lkerung gab es im Nationalsozialismus auch an der Philipps-Universit\u00e4t Opfer und T\u00e4ter. Von 1933 bis 1945 erlebten viele Menschen in Forschung und Studium Entrechtung und Verfolgung, etwa durch den Raub ihres Eigentums, Zwangsarbeit oder Entlassung. Das geschah an und durch die Universit\u00e4t. Zum Beispiel wurde der Sprachwissenschaftler Hermann Jacobsohn im April 1933 aus politischen Gr\u00fcnden entlassen. Am 27. April 1933 nahm er sich daraufhin das Leben.<br \/>\nEin Beispiel daf\u00fcr, wie die gezielte Militarisierung akademischer Ausbildung im Nationalsozialismus umgesetzt wurde, ist die Abteilung f\u00fcr Luftfahrt, die 1934 am Institut f\u00fcr Leibes\u00fcbungen der Philipps-Universit\u00e4t aufgebaut wurde. Universit\u00e4ten und Sporthochschulen wurden in die weitere zivile und zunehmend milit\u00e4rische Ausbildung und Forschung in der Luftfahrt einbezogen.<br \/>\nDie Philipps-Universit\u00e4t l\u00e4dt alle Interessierten dazu ein, das Portal zu erkunden und dazu beizutragen, es best\u00e4ndig weiter auszubauen. Abrufbar ist es unter <a href=\"http:\/\/www.uni-marburg.de\/portal-ns-geschichte\">www.uni-marburg.de\/portal-ns-geschichte<\/a>.<\/p>\n<p>* pm: Philipps-Universit\u00e4t Marburg<\/p>\n","protected":false},"excerpt":{"rendered":"<p>Mit ihrer Geschichte in der NS-Zeit setzt sich die Philipps-Universit\u00e4t weiterhin auseinander. Dazu hat sie ein Portal zur Geschichte der Universit\u00e4t im Nationalsozialismus freigeschaltet.<\/p>\n","protected":false},"author":2,"featured_media":0,"comment_status":"closed","ping_status":"open","sticky":false,"template":"","format":"standard","meta":{"advanced_seo_description":"","spay_email":"","jetpack_publicize_message":"","jetpack_is_tweetstorm":false,"jetpack_publicize_feature_enabled":true},"categories":[5,2],"tags":[354,355,64],"jetpack_featured_media_url":"","jetpack_publicize_connections":[],"jetpack_sharing_enabled":true,"jetpack_shortlink":"https:\/\/wp.me\/p8mhvd-3T1","jetpack-related-posts":[{"id":8873,"url":"http:\/\/marburg.news\/?p=8873","url_meta":{"origin":14943,"position":0},"title":"Ethik-Regeln: Conze untersucht Haltung von Alfried Krupp im Nationalsozialismus","date":"2. M\u00e4rz 2022","format":false,"excerpt":"Prof. Dr. Eckart Conze von der Philipps-Universit\u00e4t leitet eine unabh\u00e4ngige Untersuchung zur Haltung des Unternehmers Alfried Krupp zum Nationalsozialismus. Das hat die Krupp-Stiftung am Montag (28. Februar) bekanntgegeben. Das unternehmerische Handeln Alfried Krupp von Bohlen und Halbachs im Nationalsozialismus ist im Kontext des N\u00fcrnberger Krupp-Prozesses und in sp\u00e4teren wissenschaftlichen Studien\u2026","rel":"","context":"In &quot;Bildung&quot;","img":{"alt_text":"","src":"","width":0,"height":0},"classes":[]},{"id":16881,"url":"http:\/\/marburg.news\/?p=16881","url_meta":{"origin":14943,"position":1},"title":"Recht im Unrechtsstaat : Vortrag von Franz Josef D\u00fcwell zurNS-Justiz","date":"12. November 2024","format":false,"excerpt":"Ein Vortrag \u00dcber Recht und Unrecht in der NS-Zeit beleuchtet die Rolle der Rechtswissenschaften von der Weimarer Republik bis in die Zeit des Nationalsozialismus. Prof. Franz Josef D\u00fcwell h\u00e4lt ihn am Montag (18. November) in der Alten Aula. Die Rolle der Justiz vor und im Nationalsozialismus ist ein wichtiges Thema\u2026","rel":"","context":"In &quot;Bildung&quot;","img":{"alt_text":"","src":"","width":0,"height":0},"classes":[]},{"id":17841,"url":"http:\/\/marburg.news\/?p=17841","url_meta":{"origin":14943,"position":2},"title":"In Jahrhunderten: Studium Generale behandelt Universit\u00e4tsgeschichte","date":"15. April 2025","format":false,"excerpt":"Die Geschichte der Philipps-Universit\u00e4t steht im Fokus beim \"Studium Generale\" im Sommersemester. Die Vortragsreihe in der Universit\u00e4tsbibliothek beginnt am Mittwoch (30. April). Im Sommersemester 2025 steht das \"Studium Generale\" der Philipps-Universit\u00e4t unter dem Titel \"Universit\u00e4t - wozu?\". Mit dieser Leitfrage l\u00e4dt die Vortragsreihe zu einer spannenden Zeitreise durch die Geschichte\u2026","rel":"","context":"In &quot;Bildung&quot;","img":{"alt_text":"","src":"","width":0,"height":0},"classes":[]},{"id":6849,"url":"http:\/\/marburg.news\/?p=6849","url_meta":{"origin":14943,"position":3},"title":"Digitale Vortragsreihe: Die Geschichte der Behringwerke im 20. Jahrhundert","date":"10. April 2021","format":false,"excerpt":"Eine digitale Vortragsreihe behandelt die Geschichte der Behringwerke im 20. Jahrhundert. Sie startet am Mittwoch (21. April). Impfstoffforschung und -produktion steht wegen der Corona-Pandemie derzeit besonders im Fokus der \u00d6ffentlichkeit. Marburg spielt in beiden Feldern seit mehr als 100 Jahren eine wichtige Rolle. Die mittelhessische Universit\u00e4tsstadt ist seit der Gr\u00fcndung\u2026","rel":"","context":"In &quot;Bildung&quot;","img":{"alt_text":"","src":"","width":0,"height":0},"classes":[]},{"id":2533,"url":"http:\/\/marburg.news\/?p=2533","url_meta":{"origin":14943,"position":4},"title":"Geschichtliches Ende: Sabine Mecking \u00fcbernimmt Professur f\u00fcr hessische Landeskunde","date":"15. August 2018","format":false,"excerpt":"Prof. Dr. Sabine Mecking wird ab dem Wintersemester 2018\/19 an der Philipps-Universit\u00e4t zur neuzeitlichen Landesgeschichte lehren und forschen. Sie \u00fcbernimmt die neue Professur f\u00fcr Hessische Landesgeschichte. Gemeinsam mit dem Land Hessen hat die Philipps-Universit\u00e4t diese neue, neuzeitlich ausgerichtete Professur f\u00fcr Hessische Landesgeschichte eingerichtet. Ab den Wintersemester wird die Historikerin Mecking\u2026","rel":"","context":"In &quot;Bildung&quot;","img":{"alt_text":"","src":"","width":0,"height":0},"classes":[]},{"id":11901,"url":"http:\/\/marburg.news\/?p=11901","url_meta":{"origin":14943,"position":5},"title":"Marburger Geschichte: Buchvorstellung zu Walter Sch\u00fccking","date":"8. Februar 2023","format":false,"excerpt":"Dr. Harald Maier-Metz stellt im \"Forum Universit\u00e4tsgeschichte\" sein Buch \u00fcber Prof. Dr. walter Sch\u00fccking vor. Der Marburger V\u00f6lkerrechtler war ein engagierter Pazifist. In der Reihe \"Forum Universit\u00e4tsgeschichte\" l\u00e4dt der Arbeitskreis Universit\u00e4tsgeschichte der Philipps-Universit\u00e4t zum n\u00e4chsten \u00f6ffentlichen Vortrag ein. Der Literaturwissenschaftler Dr. Harald Maier-Metz stellt am Montag (13. Februar) von 18.15\u2026","rel":"","context":"In &quot;Bildung&quot;","img":{"alt_text":"","src":"","width":0,"height":0},"classes":[]}],"_links":{"self":[{"href":"http:\/\/marburg.news\/index.php?rest_route=\/wp\/v2\/posts\/14943"}],"collection":[{"href":"http:\/\/marburg.news\/index.php?rest_route=\/wp\/v2\/posts"}],"about":[{"href":"http:\/\/marburg.news\/index.php?rest_route=\/wp\/v2\/types\/post"}],"author":[{"embeddable":true,"href":"http:\/\/marburg.news\/index.php?rest_route=\/wp\/v2\/users\/2"}],"replies":[{"embeddable":true,"href":"http:\/\/marburg.news\/index.php?rest_route=%2Fwp%2Fv2%2Fcomments&post=14943"}],"version-history":[{"count":0,"href":"http:\/\/marburg.news\/index.php?rest_route=\/wp\/v2\/posts\/14943\/revisions"}],"wp:attachment":[{"href":"http:\/\/marburg.news\/index.php?rest_route=%2Fwp%2Fv2%2Fmedia&parent=14943"}],"wp:term":[{"taxonomy":"category","embeddable":true,"href":"http:\/\/marburg.news\/index.php?rest_route=%2Fwp%2Fv2%2Fcategories&post=14943"},{"taxonomy":"post_tag","embeddable":true,"href":"http:\/\/marburg.news\/index.php?rest_route=%2Fwp%2Fv2%2Ftags&post=14943"}],"curies":[{"name":"wp","href":"https:\/\/api.w.org\/{rel}","templated":true}]}}