{"id":14869,"date":"2024-02-04T12:35:55","date_gmt":"2024-02-04T11:35:55","guid":{"rendered":"http:\/\/marburg.news\/?p=14869"},"modified":"2024-02-04T12:35:55","modified_gmt":"2024-02-04T11:35:55","slug":"operette-ungehobelt-gesangsabend-mit-judika-tschammer-im-turm-cafe","status":"publish","type":"post","link":"http:\/\/marburg.news\/?p=14869","title":{"rendered":"Operette ungehobelt: Gesangsabend mit Judika Tschammer im Turm-Caf\u00e9"},"content":{"rendered":"<p>&#8222;Operette ungehobelt&#8220; ist der Titel eines Gesangsabends mit Charakter Ohne Filter, unverstellt. Er findet am Samstag (17. Februar) um 20 Uhr im TurmCaf\u00e9 auf Spiegelslust statt. <!--more--><br \/>\nAn diesem Abend werden Operettenst\u00fccke von Judika Tschammer direkt ans Ohr serviert. Die Musik aus der Operette ist ehrlich. Das Gef\u00fchl \u00fcbertr\u00e4gt sich leicht. Mit Leichtigkeit und Gef\u00fchl gestaltet die Sopranistin Judika Tschammer auch diesen Gesangsabend.<br \/>\nBegleitet wird sie dabei von der Pianistin Dagmar Steffens, die mit ihrer Flexibilit\u00e4t und Ausdruckskraft den Gesang vielf\u00e4ltig bereichert. Ganz ehrlich ist Judika Tschammer aber nicht, denn es werden sich auch St\u00fccke aus anderen Genres in das Repertoire des Abends einschleichen. Doch das geschieht ganz heimlich.<br \/>\nAuch das ist ganz sch\u00f6n ungehobelt. Aber eines ist sicher: &#8222;Die Christel von der Post&#8220; steht auf jeden Fall bereit genauso wie die &#8222;Julischka aus Budapest&#8220;. Darf\u00b4s noch etwas mehr sein?<\/p>\n<p>* pm: MObiLO e.V., Marburg<\/p>\n","protected":false},"excerpt":{"rendered":"<p>&#8222;Operette ungehobelt&#8220; ist der Titel eines Gesangsabends mit Charakter Ohne Filter, unverstellt. Er findet am Samstag (17. Februar) um 20 Uhr im TurmCaf\u00e9 auf Spiegelslust statt.<\/p>\n","protected":false},"author":2,"featured_media":0,"comment_status":"closed","ping_status":"open","sticky":false,"template":"","format":"standard","meta":{"advanced_seo_description":"","spay_email":"","jetpack_publicize_message":"","jetpack_is_tweetstorm":false,"jetpack_publicize_feature_enabled":true},"categories":[3],"tags":[5528,359,5733],"jetpack_featured_media_url":"","jetpack_publicize_connections":[],"jetpack_sharing_enabled":true,"jetpack_shortlink":"https:\/\/wp.me\/p8mhvd-3RP","jetpack-related-posts":[{"id":10168,"url":"http:\/\/marburg.news\/?p=10168","url_meta":{"origin":14869,"position":0},"title":"In den Alt-Keller: Der &#8222;Lumpensamler&#8220; der Marburger Kneipen","date":"20. Juli 2022","format":false,"excerpt":"Vor 40 Jahren gab es in Marburg nur zwei Kneipen mit Nachtkonzession. Eine davon war der \"Alt-Keller\". Der \"Alt-Keller\" befand sich direkt an der Kreuzung vor der Elisabethkirche. In diesem Haus residiert heute der \"Elisabeth-Braukeller\". Zwischendurch trug die Kneipe auch einmal den Namen \"Alt-Berlin\". Mit dem einstigen \"Alt-Keller\" ist der\u2026","rel":"","context":"In &quot;Kultur&quot;","img":{"alt_text":"","src":"","width":0,"height":0},"classes":[]},{"id":18739,"url":"http:\/\/marburg.news\/?p=18739","url_meta":{"origin":14869,"position":1},"title":"Zusammen singen: Im wei\u00dfen R\u00f6ssl am Wolfgangsee","date":"24. September 2025","format":false,"excerpt":"\"Im wei\u00dfen R\u00f6ssl\" geht es wieder rund vom 1. bis 19. Oktober. Die Waggonhalle bringt das gleichnamige Singspiel auf die B\u00fchne. frei nach dem Lustspiel von Blumenthal und Kadelburg von Hans M\u00fcller und Erik Charell pr\u00e4sentiert es Gesangstexte von Robert Gilbert und Musik von Ralph Benatzky. Hinzu kommen sechs musikalische\u2026","rel":"","context":"In &quot;Sonstiges&quot;","img":{"alt_text":"","src":"","width":0,"height":0},"classes":[]},{"id":14266,"url":"http:\/\/marburg.news\/?p=14266","url_meta":{"origin":14869,"position":2},"title":"Ausverkauft: A-Cappella-Comedy von LaLeLu","date":"4. November 2023","format":false,"excerpt":"Das Konzert von \"LaLeLu\" am Donnerstag (16. November) ist ausverkauft! Wegen der gro\u00dfen Nachfrage gibt es einen Zusatztermin am 22. Mai 2024. \"Lalelu\" bringt a-cappella-comedy auf die B\u00fchne. Das neue Programm \"Alles richtig gemahct\" beinhaltet wundersch\u00f6ne neue A-Cappella-Songs, Satire-Chor\u00e4le im festlichen Gewand, eine fast perfekte Hammondorgelparodie, ein Mann im Rock\u2026","rel":"","context":"In &quot;Kultur&quot;","img":{"alt_text":"","src":"","width":0,"height":0},"classes":[]},{"id":17704,"url":"http:\/\/marburg.news\/?p=17704","url_meta":{"origin":14869,"position":3},"title":"Neue Andachtsgestaltung: Besonderer Gottesdienst f\u00fcr chronisch Ersch\u00f6pfte","date":"21. M\u00e4rz 2025","format":false,"excerpt":"Ein \"Gottesdienst in sanften T\u00f6nen\" verzichtet auf Orgelkl\u00e4nge und Chorgesang. Vielmehr bietet er Gemeinschaft f\u00fcr Menschen mit Chronischer Ersch\u00f6pfung. Was f\u00fcr die meisten nach einem gelungenen Gottesdienst klingt, ist f\u00fcr Menschen, die unter ME\/CFS leiden, eine massive Reiz\u00fcberflutung. Licht und Ger\u00e4usche, aber auch l\u00e4ngeres Sitzen bedeutet f\u00fcr viele Betroffene eine\u2026","rel":"","context":"In &quot;Kultur&quot;","img":{"alt_text":"","src":"","width":0,"height":0},"classes":[]},{"id":3373,"url":"http:\/\/marburg.news\/?p=3373","url_meta":{"origin":14869,"position":4},"title":"Lebensziel Gl\u00fcck: Ein Welttag im Jahr ist nicht genug","date":"20. M\u00e4rz 2019","format":false,"excerpt":"Wenn ich gute Musik h\u00f6re, bekomme ich eine gute Stimmung. \u00dcber meine Vorstellung von Gl\u00fcck schreibe ich zum Weltgl\u00fcckstag am Mittwoch (20. M\u00e4rz). Gl\u00fcck ist vielf\u00e4ltig. Jeder Mensch hat seine eigene Vorstellung von Gl\u00fcck. Gl\u00fcck ist ein Gef\u00fchl. Gef\u00fchle sind wie Wellen: Sie kommen und gehen. F\u00fcr mich ist Gl\u00fcck,\u2026","rel":"","context":"In &quot;Soziales&quot;","img":{"alt_text":"","src":"","width":0,"height":0},"classes":[]},{"id":7877,"url":"http:\/\/marburg.news\/?p=7877","url_meta":{"origin":14869,"position":5},"title":"Begegnungen auf Fest: Tag der kulturellen Vielfalt am Tag der deutschen Einheit","date":"5. Oktober 2021","format":false,"excerpt":"Ein buntes Programm gab es am \"Tag der Deutschen Einheit\". Rund 1.600 Menschen haben den \"Tag der kulturellen Vielfalt \" besucht. Auch 2021 hat die Stadtgesellschaft in Marburg wieder den \"Tag der Deutschen Einheit\" gemeinsam mit dem \"Tag der kulturellen Vielfalt\" gefeiert. Vor dem Erwin-Piscator-Haus (EPH) informierten Vereine und Initiativen\u2026","rel":"","context":"In &quot;Kultur&quot;","img":{"alt_text":"","src":"","width":0,"height":0},"classes":[]}],"_links":{"self":[{"href":"http:\/\/marburg.news\/index.php?rest_route=\/wp\/v2\/posts\/14869"}],"collection":[{"href":"http:\/\/marburg.news\/index.php?rest_route=\/wp\/v2\/posts"}],"about":[{"href":"http:\/\/marburg.news\/index.php?rest_route=\/wp\/v2\/types\/post"}],"author":[{"embeddable":true,"href":"http:\/\/marburg.news\/index.php?rest_route=\/wp\/v2\/users\/2"}],"replies":[{"embeddable":true,"href":"http:\/\/marburg.news\/index.php?rest_route=%2Fwp%2Fv2%2Fcomments&post=14869"}],"version-history":[{"count":0,"href":"http:\/\/marburg.news\/index.php?rest_route=\/wp\/v2\/posts\/14869\/revisions"}],"wp:attachment":[{"href":"http:\/\/marburg.news\/index.php?rest_route=%2Fwp%2Fv2%2Fmedia&parent=14869"}],"wp:term":[{"taxonomy":"category","embeddable":true,"href":"http:\/\/marburg.news\/index.php?rest_route=%2Fwp%2Fv2%2Fcategories&post=14869"},{"taxonomy":"post_tag","embeddable":true,"href":"http:\/\/marburg.news\/index.php?rest_route=%2Fwp%2Fv2%2Ftags&post=14869"}],"curies":[{"name":"wp","href":"https:\/\/api.w.org\/{rel}","templated":true}]}}