{"id":14810,"date":"2024-01-26T11:50:00","date_gmt":"2024-01-26T10:50:00","guid":{"rendered":"http:\/\/marburg.news\/?p=14810"},"modified":"2024-01-26T11:50:00","modified_gmt":"2024-01-26T10:50:00","slug":"erneute-umleitung-vollsperrung-der-strasse-im-koehlersgrund","status":"publish","type":"post","link":"http:\/\/marburg.news\/?p=14810","title":{"rendered":"Erneute Umleitung: Vollsperrung der Stra\u00dfe &#8222;Im K\u00f6hlersgrund&#8220;"},"content":{"rendered":"<p>Erneut gibt es die Vollsperrung einer Stra\u00dfe in Marbach. Die Ma\u00dfnahme Im K\u00f6hlersgrund ab Montag (29. Januar) hat die Stadt am Freitag (26. Januar) angek\u00fcndigt. <!--more--><br \/>\nWegen Bauarbeiten wird die Stra\u00dfe &#8222;Im K\u00f6hlersgrund&#8220; an der Einm\u00fcndung Bienenweg ab Montag (29. Januar) bis voraussichtlich Freitag (16. Februar) voll gesperrt. Die Umleitung erfolgt \u00fcber die Emil-von-Behring-Stra\u00dfe und die Brunnenstra\u00dfe. Die Umleitungsstrecke ist entsprechend beschildert. Der Fu\u00dfverkehr wird an der Baustelle vorbeigef\u00fchrt.<\/p>\n<p>* pm: Stadt Marburg<\/p>\n","protected":false},"excerpt":{"rendered":"<p>Erneut gibt es die Vollsperrung einer Stra\u00dfe in Marbach. Die Ma\u00dfnahme Im K\u00f6hlersgrund ab Montag (29. Januar) hat die Stadt am Freitag (26. Januar) angek\u00fcndigt.<\/p>\n","protected":false},"author":2,"featured_media":0,"comment_status":"closed","ping_status":"open","sticky":false,"template":"","format":"standard","meta":{"advanced_seo_description":"","spay_email":"","jetpack_publicize_message":"","jetpack_is_tweetstorm":false,"jetpack_publicize_feature_enabled":true},"categories":[6],"tags":[5706,98,638],"jetpack_featured_media_url":"","jetpack_publicize_connections":[],"jetpack_sharing_enabled":true,"jetpack_shortlink":"https:\/\/wp.me\/p8mhvd-3QS","jetpack-related-posts":[{"id":13756,"url":"http:\/\/marburg.news\/?p=13756","url_meta":{"origin":14810,"position":0},"title":"Brunnenstra\u00dfe gesperrt: Verkehrsregelung w\u00e4hrend der Bauarbeiten im September","date":"1. September 2023","format":false,"excerpt":"Die erneute Vollsperrung der Brunnenstra\u00dfe bis Freitag (29. September) hat die Stadt am Donnerstag (31. August) angek\u00fcndigt. Gesperrt wird die Brunnenstra\u00dfe ab Montag (4. September). Aufgrund von - noch ausstehenden - Restarbeiten wird die Brunnenstra\u00dfe im Stadtteil Marbach erneut voll gesperrt. Die Restarbeiten wurden wegen der Bauma\u00dfnahmen am Wilhelmsplatz und\u2026","rel":"","context":"In &quot;Sonstiges&quot;","img":{"alt_text":"","src":"","width":0,"height":0},"classes":[]},{"id":18102,"url":"http:\/\/marburg.news\/?p=18102","url_meta":{"origin":14810,"position":1},"title":"Bauarbeiten an Brunnenstra\u00dfe: Vollsperrung verl\u00e4ngert bis 31. Oktoer","date":"28. Mai 2025","format":false,"excerpt":"Die Brunnenstra\u00dfe bleibt bis Freitag (31. Oktober) gesperrt. Das hat die Stadt am Mittwoch (28. Mai) bekanntgegeben. Aufgrund von Arbeiten an den Ver- und Entsorgungsleitungen in der Brunnenstra\u00dfe kommt es zu einer Verl\u00e4ngerung der Vollsperrung bis voraussichtlich Freitag (31. Oktober). Die Sperrung erstreckt sich vom Kreuzungsbereich \"Am Engelsberg\"\/\"Auf der Hube\"\u2026","rel":"","context":"In &quot;Soziales&quot;","img":{"alt_text":"","src":"","width":0,"height":0},"classes":[]},{"id":18134,"url":"http:\/\/marburg.news\/?p=18134","url_meta":{"origin":14810,"position":2},"title":"Erneute Verl\u00e4ngerung: Brunnenstra\u00dfe bleibt bis Ende Oktober gesperrt","date":"5. Juni 2025","format":false,"excerpt":"Die Brunnenstra\u00dfe bleibt bis Freitag (31. Oktober) gesperrt. Das hat die Stadt am Donnerstag (5. Juni) bekanntgegeben. Aufgrund von Arbeiten an den Ver- und Entsorgungsleitungen in der Brunnenstra\u00dfe kommt es zu einer Verl\u00e4ngerung der Vollsperrung bis voraussichtlich zum 31. Oktober 2025. Die Vollsperrung erstreckt sich vom Kreuzungsbereich \"Am Engelsberg\/Auf der\u2026","rel":"","context":"In &quot;Soziales&quot;","img":{"alt_text":"","src":"","width":0,"height":0},"classes":[]},{"id":15964,"url":"http:\/\/marburg.news\/?p=15964","url_meta":{"origin":14810,"position":3},"title":"Andauernde Arbeiten: H\u00f6henweg in Marbach erneut gesperrt","date":"11. Juli 2024","format":false,"excerpt":"Der H\u00f6henweg wird an der Einm\u00fcndung des Falkenwegs von 15. Juli bis 9. August 2024 gesperrt. Betroffen von der Bauma\u00dfnahme ist aber nur der Autoverkehr. Der Wasserschieber im H\u00f6henweg an der Ecke zum Falkenweg muss erneuert werden. Daher wird der H\u00f6henweg in diesem Bereich von Montag (15. Juli) bis Freitag\u2026","rel":"","context":"In &quot;Soziales&quot;","img":{"alt_text":"","src":"","width":0,"height":0},"classes":[]},{"id":15381,"url":"http:\/\/marburg.news\/?p=15381","url_meta":{"origin":14810,"position":4},"title":"Arbeiten in der Marbach: Vollsperrung des Annablickwegs","date":"12. April 2024","format":false,"excerpt":"Aufgrund der Verlegung von Versorgungsleitungen kommt es ab Montag (22. April) bis voraussichtlich Montag (15. Juli) zu einer Vollsperrung des Annablickweges ab Einm\u00fcndung Emil-von-Behring-Stra\u00dfe bis Ecke Am Berg. Das hat die Stadt Marburg am Freitag (12. April) bekannt gegeben. Die Umleitung f\u00fcr den motorisierten Verkehr erfolgt \u00fcber Emil-von-Behring-Stra\u00dfe, Marbacher Weg,\u2026","rel":"","context":"In &quot;Soziales&quot;","img":{"alt_text":"","src":"","width":0,"height":0},"classes":[]},{"id":18010,"url":"http:\/\/marburg.news\/?p=18010","url_meta":{"origin":14810,"position":5},"title":"Angek\u00fcndigt: Vollsperrung der Geschwister-Scholl-Stra\u00dfe","date":"16. Mai 2025","format":false,"excerpt":"Eine Vollsperrung der Geschwister-Scholl-Stra\u00dfe hat die Stadt am Freitag (16. Mai) angek\u00fcndigt. Wirksam wird sie ab Montag (19. Mai). Die Geschwister-Scholl-Stra\u00dfe im Stadtteil Waldtal ist ab Montag (19. Mai) auf H\u00f6he der Einm\u00fcndung zur Pasternakstra\u00dfe voll gesperrt. Grund f\u00fcr die Sperrung sind Asphaltarbeiten, die aufgrund der schmalen Fahrbahn unter Vollsperrung\u2026","rel":"","context":"In &quot;Soziales&quot;","img":{"alt_text":"","src":"","width":0,"height":0},"classes":[]}],"_links":{"self":[{"href":"http:\/\/marburg.news\/index.php?rest_route=\/wp\/v2\/posts\/14810"}],"collection":[{"href":"http:\/\/marburg.news\/index.php?rest_route=\/wp\/v2\/posts"}],"about":[{"href":"http:\/\/marburg.news\/index.php?rest_route=\/wp\/v2\/types\/post"}],"author":[{"embeddable":true,"href":"http:\/\/marburg.news\/index.php?rest_route=\/wp\/v2\/users\/2"}],"replies":[{"embeddable":true,"href":"http:\/\/marburg.news\/index.php?rest_route=%2Fwp%2Fv2%2Fcomments&post=14810"}],"version-history":[{"count":0,"href":"http:\/\/marburg.news\/index.php?rest_route=\/wp\/v2\/posts\/14810\/revisions"}],"wp:attachment":[{"href":"http:\/\/marburg.news\/index.php?rest_route=%2Fwp%2Fv2%2Fmedia&parent=14810"}],"wp:term":[{"taxonomy":"category","embeddable":true,"href":"http:\/\/marburg.news\/index.php?rest_route=%2Fwp%2Fv2%2Fcategories&post=14810"},{"taxonomy":"post_tag","embeddable":true,"href":"http:\/\/marburg.news\/index.php?rest_route=%2Fwp%2Fv2%2Ftags&post=14810"}],"curies":[{"name":"wp","href":"https:\/\/api.w.org\/{rel}","templated":true}]}}