{"id":14762,"date":"2024-01-16T12:54:35","date_gmt":"2024-01-16T11:54:35","guid":{"rendered":"http:\/\/marburg.news\/?p=14762"},"modified":"2024-01-16T12:54:35","modified_gmt":"2024-01-16T11:54:35","slug":"nicht-der-landrat-kreis-laedt-zur-kulturpolitischen-konferenz-ein","status":"publish","type":"post","link":"http:\/\/marburg.news\/?p=14762","title":{"rendered":"Nicht der Landrat: Kreis l\u00e4dt zur Kulturpolitischen Konferenz ein"},"content":{"rendered":"<p>Der Kreis l\u00e4dt zur Kulturkonferenz. Dabei stehen Kulturpolitische Leitlinien im Fokus. <!--more--><br \/>\nF\u00fcr Freitag (26. Januar) um 15 Uhr l\u00e4dt der Landkreis Marburg-Biedenkopf zur \u00f6ffentlichen Kulturkonferenz ein. Im Fokus steht dabei wieder die Fortschreibung der kulturpolitischen Leitlinien des Kreises. Aber auch das Programm &#8222;LandKulturPerlen&#8220; steht auf der Agenda.<br \/>\nVeranstaltungsort ist das Tagungsgeb\u00e4ude im Landratsamt &#8222;Im Lichtenholz 60&#8220;. Die Teilnahme ist kostenlos.<br \/>\nDie kulturpolitischen Leitlinien sind die Basis f\u00fcr das kulturpolitische Handeln und f\u00fcr kulturpolitische Entscheidungen im Landkreis. Der aktuelle Entwurf der Leitlinien wird w\u00e4hrend der Veranstaltung er\u00f6rtert. Die Teilnehmenden der Veranstaltung k\u00f6nnen sich dazu \u00e4u\u00dfern und ihre Anregungen einbringen.<br \/>\nDie Transparenz in diesem Prozess ist dem Landkreis sehr wichtig genauso wie die Beteiligungsm\u00f6glichkeiten der B\u00fcrgerinnen und B\u00fcrger. Schon in den ersten kulturpolitischen Leitlinien haben Ideen und Anregungen aus der Bev\u00f6lkerung Ber\u00fccksichtigung in den Leitlinien gefunden. Der Landkreis will bei den Leitlinien wieder auf die Kompetenzen der Kulturvereine, Kulturinstitutionen, Gruppen, Initiativen und Einzelpersonen aus dem Kulturbereich zur\u00fcckgreifen. Nat\u00fcrlich sind auch diejenigen willkommen, die sich erstmals mit einbringen m\u00f6chten.<br \/>\nDie Leitlinien im Entwurf mit derzeit vierzehn Zielen werden zeitnah auf den Kulturseiten des Landkreises unter <a href=\"http:\/\/www.kultur-info-netz.de\">www.kultur-info-netz.de<\/a> und dann unter &#8222;Kulturpolitische Leitlinien&#8220; ver\u00f6ffentlicht. Alternativ werden sie unter dem Direktlink <a href=\"https:\/\/www.marburg-biedenkopf.de\/bildung_und_freizeit\/kultur\/kulturpolitische-leitlinien.php\">www.marburg-biedenkopf.de\/bildung_und_freizeit\/kultur\/kulturpolitische-leitlinien.php<\/a> verf\u00fcgbar sein. Nach der Kulturkonferenz und den darauffolgenden M\u00f6glichkeiten im Februar, sich auch online zu den Leitlinien entsprechend einzubringen, wird der Entwurf abschlie\u00dfend in den politischen Gremien des Kreises beraten. Dann wird der Kreistag dar\u00fcbere abstimmen.<br \/>\nDar\u00fcber hinaus stellt Sebastian Hartings w\u00e4hrend der Kulturkonferenz das Programm &#8222;LandKulturPerlen&#8220; des Landes Hessen vor. Das Programm widmet sich der kulturellen Bildung in l\u00e4ndlichen R\u00e4umen in Hessen in drei Regionalb\u00fcros (Nord-, Mittel- und S\u00fcdhessen). Hartings ist Ansprechpartner f\u00fcr die Region Mittelhessen.<br \/>\nZiel ist, bestehende Kulturarbeit sichtbar zu machen, Akteurinnen und Akteure zu vernetzen und Impulse f\u00fcr gemeinsame kulturelle Bildungsarbeit zu geben. Das Team der Regionalbeauftragten ber\u00e4t, begleitet und st\u00e4rkt Kulturschaffende: Es bietet Weiterbildungen an, unterst\u00fctzt die Entwicklung von Projekten und ber\u00e4t zu verschiedenen F\u00f6rderm\u00f6glichkeiten der kulturellen Bildung.<br \/>\nZudem gibt es in allen l\u00e4ndlichen R\u00e4umen eine Projektf\u00f6rderung f\u00fcr kulturelle Bildungsprojekte. Die Angebote richten sich zum Beispiel an Vereine, Kommunen, Kunstschaffende oder Einzelpersonen, die kulturelle Bildung in l\u00e4ndlichen R\u00e4umen durch Projekte oder Initiativen bereichern m\u00f6chten. Aus organisatorischen Gr\u00fcnden wird um eine Anmeldung zur Teilnahme an der Kulturkonferenz bis Dienstag (23. Januar) per E-Mail an kultur@marburg-biedenkopf.de gebeten.<\/p>\n<p>* pm: Landkreis Marburg-Biedenkopf<\/p>\n","protected":false},"excerpt":{"rendered":"<p>Der Kreis l\u00e4dt zur Kulturkonferenz. Dabei stehen Kulturpolitische Leitlinien im Fokus.<\/p>\n","protected":false},"author":2,"featured_media":0,"comment_status":"closed","ping_status":"open","sticky":false,"template":"","format":"standard","meta":{"advanced_seo_description":"","spay_email":"","jetpack_publicize_message":"","jetpack_is_tweetstorm":false,"jetpack_publicize_feature_enabled":true},"categories":[3,2],"tags":[2803,89,4424],"jetpack_featured_media_url":"","jetpack_publicize_connections":[],"jetpack_sharing_enabled":true,"jetpack_shortlink":"https:\/\/wp.me\/p8mhvd-3Q6","jetpack-related-posts":[{"id":11554,"url":"http:\/\/marburg.news\/?p=11554","url_meta":{"origin":14762,"position":0},"title":"Kreis vor Konferenz: Kulturpolitische Leitlinien weiterentwickeln","date":"30. Dezember 2022","format":false,"excerpt":"Zu einer Kulturkonferenz am 20. Januar 2023 l\u00e4dt der Landkreis ein. Dabei steht die Fortschreibung der kulturpolitischen Leitlinien im Fokus. Der Landkreis Marburg-Biedenkopf l\u00e4dt f\u00fcr Freitag (20. Januar) ab 15 Uhr zu einer \u00f6ffentlichen Kulturkonferenz ins Tagungsgeb\u00e4ude des Landratsamts Im Lichtenholz 60 in Cappel ein. Die Konferenz r\u00fcckt die Fortschreibung\u2026","rel":"","context":"In &quot;Kultur&quot;","img":{"alt_text":"","src":"","width":0,"height":0},"classes":[]},{"id":474,"url":"http:\/\/marburg.news\/?p=474","url_meta":{"origin":14762,"position":1},"title":"Vieles mehr: Landkreis l\u00e4dt zu Kulturkonferenz ein","date":"3. Mai 2017","format":false,"excerpt":"Eine \u00f6ffentliche Kulturkonferenz f\u00fchrt der Kreis am Samstag (20. Mai) im Landratsamt durch. Er will sich neue Kulturpolitische Leitlinien geben und damit die Ziele der Kulturpolitik f\u00fcr die n\u00e4chsten Jahre erarbeiten. \"Dazu werden wir im Rahmen der B\u00fcrgerbeteiligung mit einer \u00f6ffentlichen Kulturkonferenz im Landratsamt starten, um St\u00e4rken und Schw\u00e4chen zu\u2026","rel":"","context":"In &quot;Kultur&quot;","img":{"alt_text":"","src":"","width":0,"height":0},"classes":[]},{"id":11803,"url":"http:\/\/marburg.news\/?p=11803","url_meta":{"origin":14762,"position":2},"title":"Zum Kreis: Kulturpolitische Leitlinien fortschreiben","date":"1. Februar 2023","format":false,"excerpt":"Der Kreis schreibt seine kulturpolitischen Leitlinien fort. Eine digitale Mitwirkung ist ab sofort m\u00f6glich. Mit einer Kulturkonferenz ist die Arbeit an der Fortschreibung der kulturpolitischen Leitlinien des Landkreises Marburg-Biedenkopf gestartet. Nun haben Interessierte bis Mittwoch (15. Februar) die M\u00f6glichkeit, digital auf der Online-Beteiligungsplattform www.mein-marburg-biedenkopf.de\/kultur an der Fortschreibung mitzuwirken. Rund 200\u2026","rel":"","context":"In &quot;Kultur&quot;","img":{"alt_text":"","src":"","width":0,"height":0},"classes":[]},{"id":15721,"url":"http:\/\/marburg.news\/?p=15721","url_meta":{"origin":14762,"position":3},"title":"Kultur kultivieren: Kreistag verabschiedete ausdiskutierte Leitlinien","date":"4. Juni 2024","format":false,"excerpt":"Einstimmig hat der Kreistag die Fortschreibung Kulturpolitischer Leitlinien beschlossen. Dabei hat er auf ein breites Beteiligungsverfahren gesetzt. In seiner Sitzung am Freitag (24. Mai) hat der Kreistag einstimmig die Fortschreibung der Kulturpolitischen Leitlinien des Landkreises Marburg-Biedenkopf beschlossen. Die Leitlinien legen die Rahmenbedingungen f\u00fcr die strategischen und operativen Ziele f\u00fcr die\u2026","rel":"","context":"In &quot;Kultur&quot;","img":{"alt_text":"","src":"","width":0,"height":0},"classes":[]},{"id":1355,"url":"http:\/\/marburg.news\/?p=1355","url_meta":{"origin":14762,"position":4},"title":"Kulturplan: Landkreis legt Leitlinie mit B\u00fcrgerbeteiligung vor","date":"22. November 2017","format":false,"excerpt":"Die Ziele f\u00fcr neue kulturpolitische Leitlinien f\u00fcr den Landkreis liegen in einem Entwurf vor. Sie wurden mit Beteiligung der B\u00fcrger erarbeitet. Das Ergebnis stammt aus den Kulturkonferenzen, den Online-Beteiligungen und der Arbeit der interfraktionellen Arbeitsgruppe aus dem Kreistag. Die Kulturpolitischen Leitlinien bilden die Basis f\u00fcr das k\u00fcnftige kulturpolitische Handeln und\u2026","rel":"","context":"In &quot;Kultur&quot;","img":{"alt_text":"","src":"","width":0,"height":0},"classes":[]},{"id":13421,"url":"http:\/\/marburg.news\/?p=13421","url_meta":{"origin":14762,"position":5},"title":"Serie von Konzepten: Kreis erneuert seniorenpolitische Leitlinien","date":"27. Juli 2023","format":false,"excerpt":"Eine Erweiterung der Seniorenpolitischen Leitlinien hat der Kreistag beschlossen. Der Landkreis unterst\u00fctzt Seniorinnen und Senioren umfassend. Der Landkreis Marburg-Biedenkopf schreibt seine Seniorenpolitischen Leitlinien fort und erweitert sie . Den entsprechenden Beschluss hat der Kreistag in seiner j\u00fcngsten Sitzung im Juli gefasst. Die Leitlinien sind der ma\u00dfgebliche Rahmen f\u00fcr die Altenpolitik\u2026","rel":"","context":"In &quot;Soziales&quot;","img":{"alt_text":"","src":"","width":0,"height":0},"classes":[]}],"_links":{"self":[{"href":"http:\/\/marburg.news\/index.php?rest_route=\/wp\/v2\/posts\/14762"}],"collection":[{"href":"http:\/\/marburg.news\/index.php?rest_route=\/wp\/v2\/posts"}],"about":[{"href":"http:\/\/marburg.news\/index.php?rest_route=\/wp\/v2\/types\/post"}],"author":[{"embeddable":true,"href":"http:\/\/marburg.news\/index.php?rest_route=\/wp\/v2\/users\/2"}],"replies":[{"embeddable":true,"href":"http:\/\/marburg.news\/index.php?rest_route=%2Fwp%2Fv2%2Fcomments&post=14762"}],"version-history":[{"count":0,"href":"http:\/\/marburg.news\/index.php?rest_route=\/wp\/v2\/posts\/14762\/revisions"}],"wp:attachment":[{"href":"http:\/\/marburg.news\/index.php?rest_route=%2Fwp%2Fv2%2Fmedia&parent=14762"}],"wp:term":[{"taxonomy":"category","embeddable":true,"href":"http:\/\/marburg.news\/index.php?rest_route=%2Fwp%2Fv2%2Fcategories&post=14762"},{"taxonomy":"post_tag","embeddable":true,"href":"http:\/\/marburg.news\/index.php?rest_route=%2Fwp%2Fv2%2Ftags&post=14762"}],"curies":[{"name":"wp","href":"https:\/\/api.w.org\/{rel}","templated":true}]}}