{"id":14676,"date":"2023-12-29T15:40:01","date_gmt":"2023-12-29T14:40:01","guid":{"rendered":"http:\/\/marburg.news\/?p=14676"},"modified":"2023-12-29T15:40:01","modified_gmt":"2023-12-29T14:40:01","slug":"polternde-politiker-hu-marburg-fuer-deep-democracy","status":"publish","type":"post","link":"http:\/\/marburg.news\/?p=14676","title":{"rendered":"Polternde Politiker: HU Marburg f\u00fcr &#8222;Deep Democracy&#8220;"},"content":{"rendered":"<p>Sorgenvoll blickt die Humanistische Union (HU) ins Neue Jahr. Die Vielzahl von Krisen und Katastrophen sowie der &#8211; oft unangemessene &#8211; Umgang damit gef\u00e4hrden nach Ansicht der HU Marburg den Weltfrieden und die Demokratie. <!--more--><br \/>\n&#8222;Keiner m\u00f6chte das wirklich noch \u00f6ren&#8220;, stellte der Marburger HU-Vorsitzende Franz-Josef Hanke ern\u00fcchtert fest. Diese Tatsache beg\u00fcnstigt nach seiner Einsch\u00e4tzung den gef\u00e4hrlichen &#8222;Ruf nach dem starken Mann&#8220; und &#8222;einfachen L\u00f6sungen&#8220;. Dabei erwiesen sich diese vollmundigen &#8222;L\u00f6sungen&#8220; in aller Regel jedoch als unhaltbare Versprechen oder problematische Verschiebungen der Verantwortung auf Andere.<br \/>\n&#8222;Als S\u00fcndenb\u00f6cke werden da gerne die Beziehenden von Sozialleistungen angeprangert, wie dass gerade jetzt erst beim B\u00fcrgergeld mit der Forderung nach eine vollst\u00e4ndigen Sperrung der Zahlung bei angeblichen Verweigerern geschieht&#8220;, kritisierte der Marburger B\u00fcrgerrechtler. Oft k\u00e4men solche Schuldzuweisungen aber von Politikern, die selbst erhebliche Nebeneink\u00fcnfte neben ihren Abgeordnetendi\u00e4ten oder Ministergeh\u00e4ltern bez\u00f6gen. Angesichts des geringen Ausma\u00dfes des Missbrauchs von Sozialleistungen werde damit auf Kosten der Leistungsberechtigten eine \u00fcberzogene Diskriminierungskampagne befeuert, die den Sozialen Frieden in Deutschland unn\u00f6tig geef\u00e4hrde.<br \/>\n&#8222;Gleichzeitig wird zuwenig f\u00fcr nachhaltigen Klima- und Umweltschutz unternommen&#8220;, bem\u00e4ngelte Hanke. Auch in diesem Bereich w\u00fcrden Aktivistinnen und Aktivisten kriminalisiert anstatt derjenigen, die durch unverantwortliche Gier f\u00fcr das \u00fcberm\u00e4\u00dfige Ausma\u00df des Raubbaus an den nat\u00fcrlichen Lebensgrundlagen verantwortlich seien. &#8222;Die Heranziehung gro\u00dfer Verm\u00f6gen, die oft Ergebnis auspl\u00fcnderischer Gesch\u00e4ftemacherei sind, w\u00e4re eine gerechte Belastung der Verantwortlichen und zugleich eine Form angemessenerer Belastung der Zahlungsf\u00e4higen f\u00fcr die Lasten der katastrophalen Situation&#8220;, erl\u00e4uterte Hanke.<br \/>\nAbschlie\u00dfend forderte er die Bev\u00f6lkerung wie auch die Politik auf, eine nachhaltigeund sozial gerechte Klimapolitik mit Nachdruck voranzutreiben und all denjenigen eine Absage zu erteilen, die rasche Umsetzungen von Ma\u00dfnahmen zu wirksamem Klimaschutz ausbremsen. Zugleich sollte die gesamte Gesellschaft sich auf eine Erneuerung demokratischer Strukturen verst\u00e4ndigen, die den B\u00fcrgerinnen und B\u00fcrgern mehr Einflussm\u00f6glichkeiten einr\u00e4umen. Als eine M\u00f6glichkeit sieht Hanke hier eine Verkn\u00fcpfung von B\u00fcrgerr\u00e4ten mit Volksentscheiden zur &#8222;Erg\u00e4nzung der &#8211; leider oft zu schwerf\u00e4lligen &#8211; repr\u00e4sentativen Demokratie&#8220; an, die dadurch seine Auffassung nach letztlich gefestigt werden k\u00f6nnte.<\/p>\n<p>* pm: Humanistische Union Marburg<\/p>\n","protected":false},"excerpt":{"rendered":"<p>Sorgenvoll blickt die Humanistische Union (HU) ins Neue Jahr. Die Vielzahl von Krisen und Katastrophen sowie der &#8211; oft unangemessene &#8211; Umgang damit gef\u00e4hrden nach Ansicht der HU Marburg den Weltfrieden und die Demokratie.<\/p>\n","protected":false},"author":2,"featured_media":0,"comment_status":"closed","ping_status":"open","sticky":false,"template":"","format":"standard","meta":{"advanced_seo_description":"","spay_email":"","jetpack_publicize_message":"","jetpack_is_tweetstorm":false,"jetpack_publicize_feature_enabled":true},"categories":[2,4],"tags":[4654,271,506],"jetpack_featured_media_url":"","jetpack_publicize_connections":[],"jetpack_sharing_enabled":true,"jetpack_shortlink":"https:\/\/wp.me\/p8mhvd-3OI","jetpack-related-posts":[{"id":5149,"url":"http:\/\/marburg.news\/?p=5149","url_meta":{"origin":14676,"position":0},"title":"Erneute Warnung: Grundgesetz gerade jetzt sch\u00fctzen","date":"22. Mai 2020","format":false,"excerpt":"Demokratie muss sich gerade in Krisenzeiten beweisen. Daran erinnert die Humanistische Union (HU() zum \"Verfassungstag\" am 23. Mai. Zum Jahrestag der Verabschiedung des Grundgesetzes mahnt die HU Marburg die Unverletzlichkeit elementarer Menschenrechte an. Nach Artikel 1 der deutschen Verfassung muss sie im Mittelpunkt aller staatlichen Ma\u00dfnahmen stehen. Das gilt selbstverst\u00e4ndlich\u2026","rel":"","context":"In &quot;Politik&quot;","img":{"alt_text":"","src":"","width":0,"height":0},"classes":[]},{"id":5887,"url":"http:\/\/marburg.news\/?p=5887","url_meta":{"origin":14676,"position":1},"title":"H\u00f6chste Dringlichkeit: HU fordert Debatte \u00fcber Demokratie in der Pandemie","date":"22. Oktober 2020","format":false,"excerpt":"Eine breite gesellschaftliche Debatte \u00fcber Demokratie in der Pandemie fordert die Humanistische Union (HU). M\u00f6gliche Ma\u00dfnahmen zum Infektionsschutz sollten nach Ansicht der HU Marburg im Deutschen Bundestag, den Landtagen und Kommunalparlamenten diskutiert werden. \"Wirksamen Schutz vor einer weiteren Verbreitung von Corona erreichen wir nur in einer gemeinschaftlichen Anstrengung der gesamten\u2026","rel":"","context":"In &quot;Politik&quot;","img":{"alt_text":"","src":"","width":0,"height":0},"classes":[]},{"id":16256,"url":"http:\/\/marburg.news\/?p=16256","url_meta":{"origin":14676,"position":2},"title":"Schaurig und traurig: HU kritisiert Abschiebewettbewerb","date":"5. September 2024","format":false,"excerpt":"\"Es ist 5 vor 33\", warnt auch die Humanistische Union (HU). Die vielzitierte \"Brandmauer\" m\u00fcsste in erster Linie ein Schutzwall gegen menschenfeindliche und undemokratische Positionen sein. Stattdessen beobachtet die HU Marburg nach den Landtagswahlen in Th\u00fcringen und Sachsen eine zunehmend erbittert gef\u00fchrte Debatte \u00fcber \"mehr Abschiebungen\" und eine \"Versch\u00e4rfung der\u2026","rel":"","context":"In &quot;Politik&quot;","img":{"alt_text":"","src":"","width":0,"height":0},"classes":[]},{"id":12657,"url":"http:\/\/marburg.news\/?p=12657","url_meta":{"origin":14676,"position":3},"title":"Angriff und Auswirkungen: HU Hessen zu Razzia bei Letzter Generation","date":"24. Mai 2023","format":false,"excerpt":"Besorgnis beschleicht die Humanistische Union Hessen angesichts der Razzia gegen Unterst\u00fctzerinnen und Unterst\u00fctzer der \"Letzten Generation\". Die Kriminalisierung der Protestbewegung betrachtet die HU Hessen als Gef\u00e4hrdung der Demokratie. Auf Antrag der generalstaatsanwaltschaft M\u00fcnchen waren am Mittwoch (24. Mai) 15 Objekte in sieben Bundesl\u00e4ndern durchsucht worden. Darunter war auch ein Haus\u2026","rel":"","context":"In &quot;Politik&quot;","img":{"alt_text":"","src":"","width":0,"height":0},"classes":[]},{"id":1782,"url":"http:\/\/marburg.news\/?p=1782","url_meta":{"origin":14676,"position":4},"title":"Konstruktiv kritisieren: HU fordert Rote Karte f\u00fcr AfD","date":"28. Februar 2018","format":false,"excerpt":"Das Eintreten f\u00fcr Demokratie und Freiheitsrechte ist eine Kernaufgabe aller B\u00fcrgerinnen und B\u00fcrger. Darauf hat die Humanistische Union (HU) nach dem Urteil des Bundesverfassungsgerichts (BVerfG) vom Dienstag (27. Februar) hingewiesen. Das h\u00f6chste Deutsche Gericht r\u00fcgte eine Presseerkl\u00e4rung der Bundesbildungsministerin Johanna Wanka. Darin hatte die Ministerin den Aufruf zu einer Demonstration\u2026","rel":"","context":"In &quot;Politik&quot;","img":{"alt_text":"","src":"","width":0,"height":0},"classes":[]},{"id":2688,"url":"http:\/\/marburg.news\/?p=2688","url_meta":{"origin":14676,"position":5},"title":"Abstimmung in Hessen: HU ruft zu Einsatz f\u00fcr das Grundgesetz auf","date":"27. September 2018","format":false,"excerpt":"Konsequentes Eintreten f\u00fcr das Grundgesetz sollten Wahlberechtigte zum Pr\u00fcfstein ihrer Wahlentscheidung machen. Das r\u00e4t die Humanistische Union (HU) einen Monat vor der Landtagswahl in Hessen. \"Das Grundgesetz ist der verbindliche Katalog der politischen, kulturellen und sozialen Werte in Deutschland\", stellte der hessische HU-Landessprecher Jens Bertrams am Donnerstag (27. September) in\u2026","rel":"","context":"In &quot;Politik&quot;","img":{"alt_text":"","src":"","width":0,"height":0},"classes":[]}],"_links":{"self":[{"href":"http:\/\/marburg.news\/index.php?rest_route=\/wp\/v2\/posts\/14676"}],"collection":[{"href":"http:\/\/marburg.news\/index.php?rest_route=\/wp\/v2\/posts"}],"about":[{"href":"http:\/\/marburg.news\/index.php?rest_route=\/wp\/v2\/types\/post"}],"author":[{"embeddable":true,"href":"http:\/\/marburg.news\/index.php?rest_route=\/wp\/v2\/users\/2"}],"replies":[{"embeddable":true,"href":"http:\/\/marburg.news\/index.php?rest_route=%2Fwp%2Fv2%2Fcomments&post=14676"}],"version-history":[{"count":0,"href":"http:\/\/marburg.news\/index.php?rest_route=\/wp\/v2\/posts\/14676\/revisions"}],"wp:attachment":[{"href":"http:\/\/marburg.news\/index.php?rest_route=%2Fwp%2Fv2%2Fmedia&parent=14676"}],"wp:term":[{"taxonomy":"category","embeddable":true,"href":"http:\/\/marburg.news\/index.php?rest_route=%2Fwp%2Fv2%2Fcategories&post=14676"},{"taxonomy":"post_tag","embeddable":true,"href":"http:\/\/marburg.news\/index.php?rest_route=%2Fwp%2Fv2%2Ftags&post=14676"}],"curies":[{"name":"wp","href":"https:\/\/api.w.org\/{rel}","templated":true}]}}