{"id":14296,"date":"2023-11-07T10:55:47","date_gmt":"2023-11-07T09:55:47","guid":{"rendered":"http:\/\/marburg.news\/?p=14296"},"modified":"2023-11-07T10:55:47","modified_gmt":"2023-11-07T09:55:47","slug":"schutz-vor-diskriminierung-lebenshilfe-zum-allgemeinen-gleichbehandlungsgesetz","status":"publish","type":"post","link":"http:\/\/marburg.news\/?p=14296","title":{"rendered":"Schutz vor Diskriminierung: Lebenshilfe zum Allgemeinen Gleichbehandlungsgesetz"},"content":{"rendered":"<p>Einen l\u00fcckenlosen Schutz vor Diskriminierung hat die Lebenshilfe am Dienstag (7. November) gefordert. Anlass ist eine Anh\u00f6rung des Deutschen Bundestags zum Allgemeinen Gleichbehandlungsgesetz (AGG). <!--more--><br \/>\nDie Bundesregierung muss jetzt ihr Versprechen einl\u00f6sen und das Allgemeine Gleichbehandlungsgesetz (AGG) umfassend reformieren. Das fordert die Bundesvereinigung Lebenshilfe anl\u00e4sslich der Anh\u00f6rung zum AGG am Mittwoch (8. November) im Deutschen Bundestag. &#8222;Damit private Dienstleistungen endlich barrierefrei zug\u00e4nglich werden, darf die Reform nicht weiter auf die lange Bank geschoben werden&#8220;, erkl\u00e4rte die Lebenshilfe-Vorsitzende Ulla Schmidt.<br \/>\nIm Koalitionsvertrag hei\u00dft es auf Seite 121: &#8222;Das Allgemeine Gleichbehandlungsgesetz (AGG) werden wir evaluieren, Schutzl\u00fccken schlie\u00dfen, den Rechtsschutz verbessern und den Anwendungsbereich ausweiten.&#8220; Bislang liegt aber noch kein entsprechender Gesetzesentwurf des zust\u00e4ndigen Ministeriums vor, obwohl nicht mehr viel Zeit bleibt, um dieses Vorhaben umzusetzen. &#8222;Die Bundesregierung muss nun endlich handeln, denn immer noch werden Menschen mit Behinderung in Deutschland durch bestehende Barrieren diskriminiert&#8220;, erkl\u00e4rte die &#8211; 1958 in Marburg gegr\u00fcndete &#8211; Bundesvereinigung Lebenshilfe (BVLH) an Dienstag (7. November).<br \/>\nBauliche oder sprachliche Hindernisse erschweren beispielsweise das Einkaufen, das Geldabheben am Bankautomat, den Arzt- oder Friseurbesuch. Um diese Barrieren abzubauen und die Teilhabe von Menschen mit Behinderung zu unterst\u00fctzen, k\u00f6nnen die Verpflichtung zur Barrierefreiheit und sogenannte &#8222;angemessene Vorkehrungen&#8220; helfen. Schon ein bereitgestellter Strohhalm kann eine &#8222;angemessene Vorkehrung&#8220; sein, wenn ein Gast im Restaurant wegen seiner Beeintr\u00e4chtigung sein Glas nicht heben kann. &#8222;Der Gesetzgeber muss deshalb auch die Privatwirtschaft zur Barrierefreiheit sowie zu angemessenen Vorkehrungen verpflichten und ein einklagbares Recht im AGG verankern&#8220;, fordert die Lebenshilfe.<\/p>\n<p>* pm: Bundesvereinigung Lebenshilfe<\/p>\n","protected":false},"excerpt":{"rendered":"<p>Einen l\u00fcckenlosen Schutz vor Diskriminierung hat die Lebenshilfe am Dienstag (7. November) gefordert. Anlass ist eine Anh\u00f6rung des Deutschen Bundestags zum Allgemeinen Gleichbehandlungsgesetz (AGG).<\/p>\n","protected":false},"author":2,"featured_media":0,"comment_status":"closed","ping_status":"open","sticky":false,"template":"","format":"standard","meta":{"advanced_seo_description":"","spay_email":"","jetpack_publicize_message":"","jetpack_is_tweetstorm":false,"jetpack_publicize_feature_enabled":true},"categories":[4],"tags":[4310,586,71],"jetpack_featured_media_url":"","jetpack_publicize_connections":[],"jetpack_sharing_enabled":true,"jetpack_shortlink":"https:\/\/wp.me\/p8mhvd-3IA","jetpack-related-posts":[{"id":10385,"url":"http:\/\/marburg.news\/?p=10385","url_meta":{"origin":14296,"position":0},"title":"\u00c4nderung an AGG: Lebenshilfe fordert einklagbare Gleichbehandlung","date":"16. August 2022","format":false,"excerpt":"Das Allgemeine Gleichbehandlungsgesetz (AGG) muss reformiert werden. Das hat die Bundesvereinigung Lebenshilfe am Dienstag (16. August) gefordert. In Berlin hatte die neue Antidiskriminierungsbeauftragte Ferda Ataman am Dienstag (16. August) den Jahresbericht der Antidiskriminierungsstelle des Bundes vorgelegt. Die Lebenshilfe-Vorsitzende Ulla Schmidt schloss sich ihrer Forderung nach einer Reform des AGG an.\u2026","rel":"","context":"In &quot;Soziales&quot;","img":{"alt_text":"","src":"","width":0,"height":0},"classes":[]},{"id":15257,"url":"http:\/\/marburg.news\/?p=15257","url_meta":{"origin":14296,"position":1},"title":"Inklusion im Inland: Lebenshilfe zu 15 Jahren Behindertenrechtskonvention","date":"21. M\u00e4rz 2024","format":false,"excerpt":"Deutschland muss viel mehr f\u00fcr die Inklusion tun. Das fordert die Lebenshilfe zum 15. Jahrestag der UN-Behindertenrechtskonvention (UN BRK) am 26. M\u00e4rz. Am Dienstag (26. M\u00e4rz) ist es 15 Jahre her, dass die UN-Behindertenrechtskonvention in Deutschland rechtskr\u00e4ftig wurde. Dazu erkl\u00e4rte die Lebenshilfe-Bundesvorsitzende Ulla Schmidt: \"Leider m\u00fcssen wir als Lebenshilfe feststellen:\u2026","rel":"","context":"In &quot;Politik&quot;","img":{"alt_text":"","src":"","width":0,"height":0},"classes":[]},{"id":16373,"url":"http:\/\/marburg.news\/?p=16373","url_meta":{"origin":14296,"position":2},"title":"In Berlin: Barrierefreiheit ist ein B\u00fcrgerrecht","date":"19. September 2024","format":false,"excerpt":"\"Barrierefreiheit ist ein B\u00fcrgerrecht.\", betont dieLebenshilfe. \"Die Ampel muss endlich die Gesetze zur Gleichstellung von Menschen mit Behinderung besser machen!\" Die - 1958 in Marburg gegr\u00fcndete - Bundesvereinigung Lebenshilfe (BVLH) fordert die Bundesregierung nachdr\u00fccklich auf, endlich die - im Koalitionsvertrag angek\u00fcndigten - Reformen zur Barrierefreiheit f\u00fcr Menschen mit Behinderung voranzubringen:\u2026","rel":"","context":"In &quot;Politik&quot;","img":{"alt_text":"","src":"","width":0,"height":0},"classes":[]},{"id":7394,"url":"http:\/\/marburg.news\/?p=7394","url_meta":{"origin":14296,"position":3},"title":"Ansprache und Unterst\u00fctzung: Antidiskriminierungsberatung startet am Donnerstag","date":"13. Juli 2021","format":false,"excerpt":"Die Antidiskriminierungsberatung der Stadt startet am Donnerstag (15. Juli). Das hat der Magistrat am Dienstag (13. Juli) angek\u00fcndigt. Antidiskriminierungsarbeit wird bei der Universit\u00e4tsstadt Marburg seit Mitte Juni mit einer eigens daf\u00fcr eingerichteten Stelle betreut. Dabei geht es um die Vernetzung mit st\u00e4dtischen Gremien, Institutionen und freien Tr\u00e4gern, die sich gegen\u2026","rel":"","context":"In &quot;Soziales&quot;","img":{"alt_text":"","src":"","width":0,"height":0},"classes":[]},{"id":19966,"url":"http:\/\/marburg.news\/?p=19966","url_meta":{"origin":14296,"position":4},"title":"Umgebracht: Merz mangelt es an Respekt gegen\u00fcber Behinderten","date":"29. April 2026","format":false,"excerpt":"Die Bundesregierung will an Behinderten sparen. Zum Europ\u00e4ischen Protesttag am 5. Mai fordert die Lebenshilfe: \"Keine K\u00fcrzungen bei der Eingliederungshilfe!\" Angesichts anhaltender Diskussionen zu K\u00fcrzungen bei der Eingliederungshilfe hat die Lebenshilfe-Vorsitzende Ulla Schmidt eine Petition beim Deutschen Bundestag eingereicht. Die Lebenshilfe sagt klipp und klar: \"Einsparungen d\u00fcrfen nicht auf Kosten\u2026","rel":"","context":"In &quot;Politik&quot;","img":{"alt_text":"","src":"","width":0,"height":0},"classes":[]},{"id":13909,"url":"http:\/\/marburg.news\/?p=13909","url_meta":{"origin":14296,"position":5},"title":"Aktiv anpacken: Bundesversammlung der Lebenshilfe tagt im EPH","date":"29. September 2023","format":false,"excerpt":"Die Lebenshilfe spricht sich f\u00fcr Demokratie und gegen Diskriminierung aus. In Marburg hat am Freitag (29. September) ihre Mitgliederversammlung begonnen. Bundesvorsitzende Ulla Schmidt hat die Mitgliederversammlung der Lebenshilfe im Erwin-Piscator-Haus (EPH) er\u00f6ffnet. 350 Abgesandte aus ganz Deutschland beraten und morgen wichtige Zukunftsfragen. Mit einem kraftvollen Bekenntnis zur Demokratie und gegen\u2026","rel":"","context":"In &quot;Soziales&quot;","img":{"alt_text":"","src":"","width":0,"height":0},"classes":[]}],"_links":{"self":[{"href":"http:\/\/marburg.news\/index.php?rest_route=\/wp\/v2\/posts\/14296"}],"collection":[{"href":"http:\/\/marburg.news\/index.php?rest_route=\/wp\/v2\/posts"}],"about":[{"href":"http:\/\/marburg.news\/index.php?rest_route=\/wp\/v2\/types\/post"}],"author":[{"embeddable":true,"href":"http:\/\/marburg.news\/index.php?rest_route=\/wp\/v2\/users\/2"}],"replies":[{"embeddable":true,"href":"http:\/\/marburg.news\/index.php?rest_route=%2Fwp%2Fv2%2Fcomments&post=14296"}],"version-history":[{"count":0,"href":"http:\/\/marburg.news\/index.php?rest_route=\/wp\/v2\/posts\/14296\/revisions"}],"wp:attachment":[{"href":"http:\/\/marburg.news\/index.php?rest_route=%2Fwp%2Fv2%2Fmedia&parent=14296"}],"wp:term":[{"taxonomy":"category","embeddable":true,"href":"http:\/\/marburg.news\/index.php?rest_route=%2Fwp%2Fv2%2Fcategories&post=14296"},{"taxonomy":"post_tag","embeddable":true,"href":"http:\/\/marburg.news\/index.php?rest_route=%2Fwp%2Fv2%2Ftags&post=14296"}],"curies":[{"name":"wp","href":"https:\/\/api.w.org\/{rel}","templated":true}]}}