{"id":14114,"date":"2023-10-19T15:50:00","date_gmt":"2023-10-19T13:50:00","guid":{"rendered":"http:\/\/marburg.news\/?p=14114"},"modified":"2023-10-19T15:50:00","modified_gmt":"2023-10-19T13:50:00","slug":"landkreis-wie-naturschutz-auch-im-herbst-gelingt","status":"publish","type":"post","link":"http:\/\/marburg.news\/?p=14114","title":{"rendered":"Landkreis: Wie Naturschutz auch im Herbst gelingt"},"content":{"rendered":"<p>Die Untere Naturschutzbeh\u00f6rde des Landkreises gibt Hinweise f\u00fcr den Alltag. Sie zeigen, wie Naturschutz auch im Herbst gelingt. <!--more--><br \/>\nAuch im Herbst k\u00f6nnen Menschen im Alltag ganz leicht einen Beitrag im Garten, auf dem Balkon oder beim Spaziergang f\u00fcr den Naturschutz leisten. Die Untere Naturschutzbeh\u00f6rde des Landkreises Marburg-Biedenkopf gibt daf\u00fcr Tipps und Hinweise.<br \/>\nBei Spazierg\u00e4ngen durch Wald und Feld sollte man R\u00fccksicht auf Tiere nehmen: Damit Wandertouren f\u00fcr die tierischen Bewohner von Wald und Natur keinen Anlass zur Beunruhigung darstellen, sollten Hunde beim Spaziergang an der Leine gef\u00fchrt und die vorhandenen beziehungsweise ausgewiesenen Wege nicht verlassen werden. Das dient auch der eigenen Sicherheit &#8211; denn besonders abseits dieser Wege kann durch St\u00fcrme oder Starkregen herunterfallendes Totholz eine erhebliche Gefahr bedeuten.<br \/>\nWem auf der Wanderung Jungtiere begegnen, die auf den ersten Blick verlassen zu sein scheinen, sollte sie nie anfassen oder gar vorschnell in Obhut nehmen. Denn meist werden diese Tiere auch weiterhin versorgt. In der Regel ist also erst bei sichtbaren gr\u00f6\u00dferen Verletzungen Handlungsbedarf gegeben und Kontakt zu einer Auffangstation herzustellen. Gleiches gilt grunds\u00e4tzlich auch f\u00fcr Igel und Flederm\u00e4use.<br \/>\nAuch der eigene Garten kann als R\u00fcckzugsort f\u00fcr Wildtiere dienen, wenn er gen\u00fcgend M\u00f6glichkeiten f\u00fcr einen Unterschlupf bietet. Igel nutzen Anh\u00e4ufungen von Astschnitt und Laub gerne als Schlafstuben, weshalb diese nach November nicht mehr umgesetzt werden sollten. Auch Eichh\u00f6rnchen freuen sich \u00fcber dieses Angebot f\u00fcr ihren Nestbau und Kr\u00f6ten sowie Eidechsen finden darin Schutz und Nahrung. Verbl\u00fchte Stauden schm\u00fccken nicht nur mit ihren Samenst\u00e4nden den Garten &#8211;<br \/>\nauch Insekten profitieren von stehengelassenen Halmen und Bl\u00e4ttern, die der Eiablage und Aufzucht neuer Generationen und somit potentieller Best\u00e4uber dienen. Auf diese Weise wird auch an die Obsternte des kommenden Jahres gedacht, f\u00fcr die die Obstb\u00e4ume erst best\u00e4ubt werden m\u00fcssen.<br \/>\nWer auf den Laubsauger verzichtet, kann eine gro\u00dfe Zahl an Insekten, Spinnen und weiteren n\u00fctzlichen Kleinstlebewesen retten. Auch der Aussto\u00df von Schadstoffen und die entstehende L\u00e4rmbel\u00e4stigung sprechen gegen dieses Ger\u00e4t. Stattdessen bei Laub lieber zu Harke und Rechen greifen.<br \/>\nSamen, Fr\u00fcchte oder gegebenenfalls Insekten- sowie Fettfutter helfen unter anderem Singv\u00f6geln durch den Winter. Futterstationen sollten dabei \u00fcberdacht und auf einer ebenen &#8211; leicht zu reinigenden &#8211; Fl\u00e4che errichtet werden. Dabei sollte darauf geachtet werden, dass die Futterst\u00e4tte f\u00fcr Ratten, Waschb\u00e4ren und Katzen unzug\u00e4nglich ist.<br \/>\nDoch nicht nur im Garten, sondern auch auf dem Balkon lassen sich Futterst\u00e4tten f\u00fcr V\u00f6gel und Eichh\u00f6rnchen einrichten. F\u00fcr Eichh\u00f6rnchen k\u00f6nnen ungew\u00fcrzte N\u00fcsse, Fr\u00fcchte, Kerne und Samen beispielsweise in regengesch\u00fctzten Blumenk\u00fcbeln serviert werden.<br \/>\nWer sich bunte Farben &#8211; ob in Blumenk\u00fcbeln oder im Gartenbeet &#8211; nach Hause holen m\u00f6chte, kann das mit heimischen Pflanzen schaffen. Bl\u00fctenpflanzen wie Moschus-Malve, Glockenblume, Fetthenne und Berg-Aster locken dabei auch nach den Sommermonaten noch Insekten an. Auch Geh\u00f6lze wie die Felsenbirne, der Gemeine Schneeball, das Europ\u00e4ische Pfaffenh\u00fctchen oder die Eberesche bringen Farbe in den Garten. Wer sich zus\u00e4tzlich f\u00fcr Beerenstr\u00e4ucher im Garten entscheidet, wird nicht nur Freude an der Ernte der Beeren haben; V\u00f6gel und Kleins\u00e4uger haben so auch weitere Nahrungsquellen und M\u00f6glichkeiten zum Verstecken.<br \/>\nObstb\u00e4ume lassen sich in den Herbstmonaten besonders gut pflanzen. Baumschulen bieten gerade auch im Herbst ihre Obsttage an, an denen Obst probiert und B\u00e4ume f\u00fcr den eigenen Garten oder die Obstwiese erworben werden k\u00f6nnen. Weiterhin ist der Herbst auch die optimale Jahreszeit, um Fr\u00fchbl\u00fcher-Zwiebeln in die Erde einzubringen. Beim Setzen von Schachbrettblumen, Krokussen, Schneegl\u00f6ckchen, M\u00e4rzenbechern und Traubenhyazinthen besteht bereits jetzt Grund zur Freude auf bunte Farben im kommenden Fr\u00fchling.<br \/>\nDa innerhalb der Fr\u00fchlings- und Sommermonate keine umfangreichen Geh\u00f6lzr\u00fcckschnitte oder Baumf\u00e4llungen ohne Weiteres vorgenommen werden d\u00fcrfen, werden diese Arbeiten gerne auf das Winterhalbjahr gelegt. Doch Strukturen wie Baumh\u00f6hlen oder Rindenspalten k\u00f6nnen Kleins\u00e4ugern geeignete \u00dcberwinterungsst\u00e4tten bieten. Vor solchen Arbeiten sind diese daher unbedingt zu kontrollieren, um sicherzustellen, dass keine Lebewesen zu Schaden kommen.<br \/>\nWer gr\u00f6\u00dfere Ma\u00dfnahmen oder Arbeiten plant oder Fragen zum Natur- und Artenschutz hat, erreicht die Mitarbeitenden der Unteren Naturschutzbeh\u00f6rde per Mail an FBBWN@marburg-biedenkopf.de. Zus\u00e4tzliche Informationen \u00fcber den richtigen R\u00fcckschnitt von Geh\u00f6lzen finden sich auf der Homepage des Landkreises unter <a href=\"http:\/\/www.marburg-biedenkopf.de\">www.marburg-biedenkopf.de<\/a> oder \u00fcber den Direktlink <a href=\"https:\/\/www.marburg-biedenkopf.de\/umwelt_und_laendlicher_raum\/naturschutz-und-wasserschutz\/eingriffsregelung-im-naturschutz.php\">www.marburg-biedenkopf.de\/umwelt_und_laendlicher_raum\/naturschutz-und-wasserschutz\/eingriffsregelung-im-naturschutz.php<\/a>.<\/p>\n<p>* pm: Landkreis Marburg-Biedenkopf<\/p>\n","protected":false},"excerpt":{"rendered":"<p>Die Untere Naturschutzbeh\u00f6rde des Landkreises gibt Hinweise f\u00fcr den Alltag. Sie zeigen, wie Naturschutz auch im Herbst gelingt.<\/p>\n","protected":false},"author":2,"featured_media":0,"comment_status":"closed","ping_status":"open","sticky":false,"template":"","format":"standard","meta":{"advanced_seo_description":"","spay_email":"","jetpack_publicize_message":"","jetpack_is_tweetstorm":false,"jetpack_publicize_feature_enabled":true},"categories":[4],"tags":[1504,4478,943],"jetpack_featured_media_url":"","jetpack_publicize_connections":[],"jetpack_sharing_enabled":true,"jetpack_shortlink":"https:\/\/wp.me\/p8mhvd-3FE","jetpack-related-posts":[{"id":10885,"url":"http:\/\/marburg.news\/?p=10885","url_meta":{"origin":14114,"position":0},"title":"Herannahender Herbst: Kreis gibt Tipps f\u00fcr Umgang mit Natur","date":"14. Oktober 2022","format":false,"excerpt":"Der Kreis gibt Tipps f\u00fcr die Natur im Herbst. Sie sollen Lebewesen in der k\u00e4lteren Jahreszeit sch\u00fctzen. Wie jedes Jahr verabschiedet sich der Sommer, um dem Herbst mit seinen bunten Farben Platz zu machen. Die Untere Naturschutzbeh\u00f6rde des Landkreises gibt Tipps, wie Menschen - unabh\u00e4ngig von ihrer Wohnsituation - diese\u2026","rel":"","context":"In &quot;Soziales&quot;","img":{"alt_text":"","src":"","width":0,"height":0},"classes":[]},{"id":18768,"url":"http:\/\/marburg.news\/?p=18768","url_meta":{"origin":14114,"position":1},"title":"Zur\u00fcckschneiden: Hecken und Str\u00e4ucher im Herbst stutzen","date":"1. Oktober 2025","format":false,"excerpt":"Hecken und Str\u00e4ucher sollte man im Herbst und Winter schneiden. Darauf hat die Stadt Marburg am Mittwoch (1. Oktober) hingewiesen. Der Sommer hat sich verabschiedet. Nun ist es an der Zeit, den Garten f\u00fcr das Fr\u00fchjahr vorzubereiten. Denn Hecken und Str\u00e4ucher werden im Herbst und Winter zur\u00fcckgeschnitten. Ab M\u00e4rz startet\u2026","rel":"","context":"In &quot;Soziales&quot;","img":{"alt_text":"","src":"","width":0,"height":0},"classes":[]},{"id":13955,"url":"http:\/\/marburg.news\/?p=13955","url_meta":{"origin":14114,"position":2},"title":"Ab Herbst: Hecken und Str\u00e4ucher schneiden","date":"5. Oktober 2023","format":false,"excerpt":"Im Herbst und Winter sollte man Hecken und Str\u00e4ucher schneiden. Das empfahl die Stadt Marburg am Mittwoch (4. Oktober). Ein Geh\u00f6lzschnitt im Herbst beziehungsweise Winter hat einige Vorteile, unter anderem den Erhalt der Artenvielfalt. Dar\u00fcber informiert die Untere Naturschutzbeh\u00f6rde (UNB) der Universit\u00e4tsstadt Marburg und gibt Tipps zur Entsorgung des Baum-\u2026","rel":"","context":"In &quot;Soziales&quot;","img":{"alt_text":"","src":"","width":0,"height":0},"classes":[]},{"id":16686,"url":"http:\/\/marburg.news\/?p=16686","url_meta":{"origin":14114,"position":3},"title":"Herbst-Hecken: Str\u00e4ucher schneiden schon vor dem Fr\u00fchjahr","date":"21. Oktober 2024","format":false,"excerpt":"Hecken und Str\u00e4ucher sollte man im Herbst und Winter schneiden. Darauf hat die Stadt am Montag (21. Oktober) hingewiesen. Viele Menschen werkeln gerne mit den ersten warmen Sonnenstrahlen im Fr\u00fchjahr in ihrem Garten. Hecken und Str\u00e4ucher sollten jedoch bereits im Herbst und Winter zur\u00fcckgeschnitten werden. Denn ab M\u00e4rz startet die\u2026","rel":"","context":"In &quot;Soziales&quot;","img":{"alt_text":"","src":"","width":0,"height":0},"classes":[]},{"id":16861,"url":"http:\/\/marburg.news\/?p=16861","url_meta":{"origin":14114,"position":4},"title":"Streuobstsch\u00e4tze: Kreis f\u00f6rdert Naturschutzma\u00dfnahmen finanziell","date":"8. November 2024","format":false,"excerpt":"Der Kreis m\u00f6chte \"Streuobst-Sch\u00e4tze\" bewahren. Die Naturschutzbeh\u00f6rde des Kreises f\u00f6rdert den Erhalt von Streuobstwiesen finanziell. Streuobstwiesen sind ein bedeutender Teil der Kulturlandschaft in Marburg-Biedenkopf und st\u00e4rken gleichzeitig die Artenvielfalt. Deshalb unterst\u00fctzt die Untere Naturschutzbeh\u00f6rde des Landkreises B\u00fcrgerinnen und B\u00fcrger bei dem Erhalt bestehender Streuobstwiesen finanziell. Eine F\u00f6rderung ist sowohl f\u00fcr\u2026","rel":"","context":"In &quot;Politik&quot;","img":{"alt_text":"","src":"","width":0,"height":0},"classes":[]},{"id":13519,"url":"http:\/\/marburg.news\/?p=13519","url_meta":{"origin":14114,"position":5},"title":"Nutzen in Natur: Auch giftige Pflanzen und Lebewesen sind sch\u00fctzenswert","date":"4. August 2023","format":false,"excerpt":"Auch giftige Lebewesen brauchen Schutz. Die Naturschutzbeh\u00f6rde hat \u00fcber Hintergr\u00fcnde informiert. Giftige Pflanzen und Tiere sind in der Natur allt\u00e4glich und wichtig f\u00fcr die Artenvielfalt. Dennoch k\u00f6nnen sie f\u00fcr Menschen unter Umst\u00e4nden gef\u00e4hrlich werden. Die Untere Naturschutzbeh\u00f6rde des Landkreises Marburg-Biedenkopf informiert \u00fcber die Hintergr\u00fcnde und gibt Tipps zum Umgang. Tiere\u2026","rel":"","context":"In &quot;Bildung&quot;","img":{"alt_text":"","src":"","width":0,"height":0},"classes":[]}],"_links":{"self":[{"href":"http:\/\/marburg.news\/index.php?rest_route=\/wp\/v2\/posts\/14114"}],"collection":[{"href":"http:\/\/marburg.news\/index.php?rest_route=\/wp\/v2\/posts"}],"about":[{"href":"http:\/\/marburg.news\/index.php?rest_route=\/wp\/v2\/types\/post"}],"author":[{"embeddable":true,"href":"http:\/\/marburg.news\/index.php?rest_route=\/wp\/v2\/users\/2"}],"replies":[{"embeddable":true,"href":"http:\/\/marburg.news\/index.php?rest_route=%2Fwp%2Fv2%2Fcomments&post=14114"}],"version-history":[{"count":0,"href":"http:\/\/marburg.news\/index.php?rest_route=\/wp\/v2\/posts\/14114\/revisions"}],"wp:attachment":[{"href":"http:\/\/marburg.news\/index.php?rest_route=%2Fwp%2Fv2%2Fmedia&parent=14114"}],"wp:term":[{"taxonomy":"category","embeddable":true,"href":"http:\/\/marburg.news\/index.php?rest_route=%2Fwp%2Fv2%2Fcategories&post=14114"},{"taxonomy":"post_tag","embeddable":true,"href":"http:\/\/marburg.news\/index.php?rest_route=%2Fwp%2Fv2%2Ftags&post=14114"}],"curies":[{"name":"wp","href":"https:\/\/api.w.org\/{rel}","templated":true}]}}