{"id":14081,"date":"2023-10-15T15:45:00","date_gmt":"2023-10-15T13:45:00","guid":{"rendered":"http:\/\/marburg.news\/?p=14081"},"modified":"2023-10-15T15:45:00","modified_gmt":"2023-10-15T13:45:00","slug":"sicher-sein-webinar-der-polizei-zu-eigentumsschutz","status":"publish","type":"post","link":"http:\/\/marburg.news\/?p=14081","title":{"rendered":"Sicher sein: Webinar der Polizei zu Eigentumsschutz"},"content":{"rendered":"<p>&#8222;Sicher! Dein Fahrzeug&#8220; ist der Titel eines Online-&#8222;Webinars&#8220; der Polizei. Es bietet Tipps gegen Diebstahl an. <!--more--><br \/>\nKriminalhauptkommissar Jan-Oliver Karo ist Kriminalpolizeilicher Berater des Polizeipr\u00e4sidiums Mittelhessen. Er l\u00e4dt zu Onlineveranstaltungen rund um das Thema &#8222;Diebstahlsicherung bei Fahrzeugen&#8220; an.<br \/>\nDas Auto ist kein Safe &#8211; egal ob Bargeld, Geldb\u00f6rsen, Taschen und R\u00fccks\u00e4cke oder Laptops, Tablets oder Mobiltelefone &#8211; im Fahrzeug gelagerte Wertsachen ziehen Langfinger an. Ein kurzer Blick, ein Schlag gegen die Scheibe und ein schneller Griff reichen den Dieben, um die Beute an sich zu nehmen.<br \/>\nKaro gibt in seinen etwa 30-min\u00fctigen Vortr\u00e4gen wertvolle Tipps und Ratschl\u00e4ge zum effektiven Diebstahlschutz. Interessiert k\u00f6nnen sich f\u00fcr zwei Termine anmelden: Sie finden am Dienstag (31. Oktober) ab 17Uhr und Dienstag (14. November) ab 17 Uhr statt.<br \/>\nDie Anmeldung erfolgt online \u00fcber <a href=\"https:\/\/join.next.edudip.com\/de\/webinar\/sicher-ihr-fahrzeug-tipps-gegen-diebstahl-aus-fahrzeugen\/1941267\">join.next.edudip.com\/de\/webinar\/sicher-ihr-fahrzeug-tipps-gegen-diebstahl-aus-fahrzeugen\/1941267<\/a>.<\/p>\n<p>* pm: Polizei Marburg<\/p>\n","protected":false},"excerpt":{"rendered":"<p>&#8222;Sicher! Dein Fahrzeug&#8220; ist der Titel eines Online-&#8222;Webinars&#8220; der Polizei. Es bietet Tipps gegen Diebstahl an.<\/p>\n","protected":false},"author":2,"featured_media":0,"comment_status":"closed","ping_status":"open","sticky":false,"template":"","format":"standard","meta":{"advanced_seo_description":"","spay_email":"","jetpack_publicize_message":"","jetpack_is_tweetstorm":false,"jetpack_publicize_feature_enabled":true},"categories":[5,6],"tags":[342,16,1247],"jetpack_featured_media_url":"","jetpack_publicize_connections":[],"jetpack_sharing_enabled":true,"jetpack_shortlink":"https:\/\/wp.me\/p8mhvd-3F7","jetpack-related-posts":[{"id":13764,"url":"http:\/\/marburg.news\/?p=13764","url_meta":{"origin":14081,"position":0},"title":"Polizei online: Sein Fahrzeug sichern gegen Diebstahl","date":"2. September 2023","format":false,"excerpt":"Unter dem Titel \"Sicher! Ihr Fahrzeug - Tipps gegen Diebstahl\" informiert die Polizei \u00fcber Eigentumsschutz. Die Onlineveranstaltung findet am 4. und 11. September statt. Regelm\u00e4\u00dfig ver\u00f6ffentlicht die Polizei Mittelhessen Pressemitteilungen \u00fcber Fahrzeugaufbr\u00fcche in den vier Landkreisen Gie\u00dfen, Wetterau, Marburg sowie Lahn-Dill. Tagt\u00e4glich kommt das vor - Diebe schlagen zum Beispiel\u2026","rel":"","context":"In &quot;Bildung&quot;","img":{"alt_text":"","src":"","width":0,"height":0},"classes":[]},{"id":20437,"url":"http:\/\/marburg.news\/?p=20437","url_meta":{"origin":14081,"position":1},"title":"Umstellung: Unfall an Ampel bei der S\u00fcdspange","date":"14. August 2026","format":false,"excerpt":"Ein unbekannter Autofahrer fl\u00fcchtete nach einem Unfall an einer Ampel. Die Polizei sucht Zeugen. Mit einem wei\u00dfen VW Polo befuhr ein 37-j\u00e4hriger Mann aus Marburg am Donnerstag (13. August) die Stra\u00dfe \"Am Krekel\". Gegen 9.30 Uhr hielt er an der dortigen Ampel an der Einm\u00fcndung zur S\u00fcdspange hinter einem weiteren\u2026","rel":"","context":"In &quot;Sonstiges&quot;","img":{"alt_text":"","src":"","width":0,"height":0},"classes":[]},{"id":16658,"url":"http:\/\/marburg.news\/?p=16658","url_meta":{"origin":14081,"position":2},"title":"Ergreifend: Mehrere Diebst\u00e4hle aus unverschlossenen Autos","date":"18. Oktober 2024","format":false,"excerpt":"Gleich mehrere Diebst\u00e4hle aus Autos meldete die Polizeidirektion Marburg am Freitag (18. Oktober). Dazu gibt die Polizei Tipps f\u00fcr Autobesitzer. Mehrere F\u00e4lle von Diebst\u00e4hlen aus Autos besch\u00e4ftigen die Polizei im Landkreis Marburg-Biedenkopf. In Stadtallendorf klaute ein Unbekannter k\u00fcrzlich Kopfh\u00f6rer und eine Bankkarte aus einem Mercedes. In Neustadt erbeutete ein Mann\u2026","rel":"","context":"In &quot;Sonstiges&quot;","img":{"alt_text":"","src":"","width":0,"height":0},"classes":[]},{"id":13118,"url":"http:\/\/marburg.news\/?p=13118","url_meta":{"origin":14081,"position":3},"title":"F\u00fcnf f\u00fcr Flucht: Polizei sucht Zeugen von Unf\u00e4llen","date":"3. Juli 2023","format":false,"excerpt":"Gleich f\u00fcnf F\u00e4lle von Unfallflucht hat die Polizei Marburg am Montag (3. Juli) gemeldet. Sie sucht Zeugen und bittet um Hinweise. Die erste Unfallflucht erfolgte am Freitag (30. Juni) auf dem tegut-Parkplatz im Industriegebiet Wehrda. Wer hat dort zwischen 12.20 und 12.45 Uhr ein Fahrman\u00f6ver beobachtet, bei dem es zur\u2026","rel":"","context":"In &quot;Sonstiges&quot;","img":{"alt_text":"","src":"","width":0,"height":0},"classes":[]},{"id":2210,"url":"http:\/\/marburg.news\/?p=2210","url_meta":{"origin":14081,"position":4},"title":"Alle abgehauen: Erneut sieben F\u00e4lle von Unfallflucht","date":"8. Mai 2018","format":false,"excerpt":"Genau rechtzeitig kehrte der Fahrer am Montag (7. Mai) zu seinem schwarzen VW Passat zur\u00fcck. Er bemerkte einen frischen Unfallschaden hinten rechts. Neben seinem Auto stand ein schwarzer Golf mit korrespondierenden Sch\u00e4den vorne links. Der Fahrer des Golfs hatte den Passat Kombi beim Einparken auf dem Parkplatz zwischen Alkoni und\u2026","rel":"","context":"In &quot;Sonstiges&quot;","img":{"alt_text":"","src":"","width":0,"height":0},"classes":[]},{"id":19992,"url":"http:\/\/marburg.news\/?p=19992","url_meta":{"origin":14081,"position":5},"title":"Auff\u00e4lliger Autofahrer: Mercedes gef\u00e4hrdete Verkehr auf der B3","date":"6. Mai 2026","format":false,"excerpt":"Mit einem auff\u00e4lligen Fahrman\u00f6ver ist ein schwarzer Mercedes der C-Klasse auf der B3 in Marburg aufgefallen. Die Polizei sucht Zeugen. Marburger Polizisten fiel am Sonntag (3. Mai) gegen 1.15 Uhr auf der Bundesstra\u00dfe 3 im Bereich zwischen Messe und der Abfahrt zur B62 ein schwarzer Mercedes der C-Klasse mit auff\u00e4lligem\u2026","rel":"","context":"In &quot;Sonstiges&quot;","img":{"alt_text":"","src":"","width":0,"height":0},"classes":[]}],"_links":{"self":[{"href":"http:\/\/marburg.news\/index.php?rest_route=\/wp\/v2\/posts\/14081"}],"collection":[{"href":"http:\/\/marburg.news\/index.php?rest_route=\/wp\/v2\/posts"}],"about":[{"href":"http:\/\/marburg.news\/index.php?rest_route=\/wp\/v2\/types\/post"}],"author":[{"embeddable":true,"href":"http:\/\/marburg.news\/index.php?rest_route=\/wp\/v2\/users\/2"}],"replies":[{"embeddable":true,"href":"http:\/\/marburg.news\/index.php?rest_route=%2Fwp%2Fv2%2Fcomments&post=14081"}],"version-history":[{"count":0,"href":"http:\/\/marburg.news\/index.php?rest_route=\/wp\/v2\/posts\/14081\/revisions"}],"wp:attachment":[{"href":"http:\/\/marburg.news\/index.php?rest_route=%2Fwp%2Fv2%2Fmedia&parent=14081"}],"wp:term":[{"taxonomy":"category","embeddable":true,"href":"http:\/\/marburg.news\/index.php?rest_route=%2Fwp%2Fv2%2Fcategories&post=14081"},{"taxonomy":"post_tag","embeddable":true,"href":"http:\/\/marburg.news\/index.php?rest_route=%2Fwp%2Fv2%2Ftags&post=14081"}],"curies":[{"name":"wp","href":"https:\/\/api.w.org\/{rel}","templated":true}]}}