{"id":14045,"date":"2023-10-10T18:50:00","date_gmt":"2023-10-10T16:50:00","guid":{"rendered":"http:\/\/marburg.news\/?p=14045"},"modified":"2023-10-10T18:50:00","modified_gmt":"2023-10-10T16:50:00","slug":"mitleidend-mahnwache-fuer-opfer-von-terror","status":"publish","type":"post","link":"http:\/\/marburg.news\/?p=14045","title":{"rendered":"Mitleidend: Mahnwache f\u00fcr Opfer von Terror"},"content":{"rendered":"<p>Die terroristischen Angriffe der Hamas auf die Bev\u00f6lkerung Israels ist Anlass f\u00fcr eine Mahnwache auf dem Marktplatz. Sie findet am Mittwoch (11. Oktober) um 17 Uhr statt. <!--more--><br \/>\nZu einer Mahnwache am Mittwoch (11. Oktober) um 17 Uhr auf den Marktplatz l\u00e4dt der &#8222;Runde Tisch der Religionen&#8220; gemeinsam mit der Universit\u00e4tsstadt Marburg und der Philipps-Universit\u00e4t ein. Dabei ruft der Runde Tisch dazu auf, gemeinsam der Opfer von Gewalt und Terror zu gedenken.<br \/>\n&#8222;Die terroristischen Angriffe gegen Israel schockieren und best\u00fcrzen uns alle&#8220;, erkl\u00e4rten Oberb\u00fcrgermeister Dr. Thomas Spies und Universit\u00e4tspr\u00e4sident Prof. Dr. Thomas Nauss. &#8222;Wir verurteilen den terroristischen \u00dcberfall der Hamas auf Israel auf das Sch\u00e4rfste. Unsere Gedanken und unser Mitgef\u00fchl gelten allen zivilen Opfern im Nahen Osten, die von den Folgen des gewaltsamen Angriffs betroffen sind, ihre Angeh\u00f6rigen verloren haben oder um sie bangen.&#8220;<br \/>\nVielfalt und Respekt inspirieren ihr Handeln. &#8222;Wir treten ein f\u00fcr ein friedliches Zusammenleben aller Menschen.&#8220; Aus aktuellem Anlass beflaggt die Universit\u00e4tsstadt Marburg ab Mittwoch (11. Oktober) das Rathaus und das Erwin-Piscator-Haus mit der israelischen Flagge.<br \/>\nF\u00fcr den evangelischen Kirchenkreis Marburg werden Dekan Dr. Burkhard von D\u00f6rnberg und Propst Dr. Volker Mantey vor Ort sein. &#8222;Mit gro\u00dfer Sorge und gro\u00dfem Entsetzen schauen wir auf das, was gerade in Israel geschieht&#8220;, sagte von D\u00f6rnberg. &#8222;Wir wollen der Menschen dort gedenken; wir gedenken derer, die sterben und leiden und trauern. Es geht nicht darum, Partei f\u00fcr eine Seite zu ergreifen, sondern Partei f\u00fcr die Menschlichkeit.&#8220;<\/p>\n<p>* pm: Evangelischer Kirchenkreis Marburg<\/p>\n","protected":false},"excerpt":{"rendered":"<p>Die terroristischen Angriffe der Hamas auf die Bev\u00f6lkerung Israels ist Anlass f\u00fcr eine Mahnwache auf dem Marktplatz. Sie findet am Mittwoch (11. Oktober) um 17 Uhr statt.<\/p>\n","protected":false},"author":2,"featured_media":0,"comment_status":"closed","ping_status":"open","sticky":false,"template":"","format":"standard","meta":{"advanced_seo_description":"","spay_email":"","jetpack_publicize_message":"","jetpack_is_tweetstorm":false,"jetpack_publicize_feature_enabled":true},"categories":[2],"tags":[5456,4914,213],"jetpack_featured_media_url":"","jetpack_publicize_connections":[],"jetpack_sharing_enabled":true,"jetpack_shortlink":"https:\/\/wp.me\/p8mhvd-3Ex","jetpack-related-posts":[{"id":14063,"url":"http:\/\/marburg.news\/?p=14063","url_meta":{"origin":14045,"position":0},"title":"Mahnwache in Marburg: Gegen Hass von Hamas und f\u00fcr Frieden","date":"12. Oktober 2023","format":false,"excerpt":"\"Wir lassen nicht zu, dass uns die Gewalt auseinanderbringt.\" So lautete das Motto einer Mahnwache f\u00fcr die Opfer der Terrorangriffe gegen Israel. Zum Gedenken an alle Opfer der Terrorangriffe gegen Israel hatten die Universit\u00e4tstadt Marburg und die Philipps-Universit\u00e4t mit dem Runden Tisch der Religionen dazu f\u00fcr Mittwoch (11. Oktober) aufgerufen.\u2026","rel":"","context":"In &quot;Politik&quot;","img":{"alt_text":"","src":"","width":0,"height":0},"classes":[]},{"id":18776,"url":"http:\/\/marburg.news\/?p=18776","url_meta":{"origin":14045,"position":1},"title":"Mahnwache am Marktplatz: Zum Gedenken der Opfer des \u00dcberfalls der Hamas","date":"2. Oktober 2025","format":false,"excerpt":"Zu einer Mahnwache am Donnerstag (9. Oktober) um 18 Uhr auf dem Marktplatz rufen das Netzwerk f\u00fcr j\u00fcdisches Leben Marburg, die Deutsch-Israelische Gesellschaft und das Junge Forum der DIG Marburg auf. Dort wollen sie der Opfer des \u00dcberfalls der Hamas am 7. Oktober 2023 gedenken. Der grausame \u00dcberfall der Hamas\u2026","rel":"","context":"In &quot;Politik&quot;","img":{"alt_text":"","src":"","width":0,"height":0},"classes":[]},{"id":14337,"url":"http:\/\/marburg.news\/?p=14337","url_meta":{"origin":14045,"position":2},"title":"Weiter weg: Friedliche Mahnwache f\u00fcr Pal\u00e4stina und Israel","date":"10. November 2023","format":false,"excerpt":"Eine friedliche Mahnwache f\u00fcr die Opfer der Gewalteskalation in Israel\/Pal\u00e4stina findet am Sonntag (12. November) um 15 Uhr auf dem Marktplatz statt. Dazu aufgerufen hat das Aktionsb\u00fcndnis \"Pal\u00e4stina-Solidarit\u00e4t Marburg\". In einer Kunstaktion werden stellvertretend Namen der \u00fcber 12.000 Opfer der Gewalteskalation auf beiden Seiten seit Samstag (7. Oktober) im gesamten\u2026","rel":"","context":"In &quot;Politik&quot;","img":{"alt_text":"","src":"","width":0,"height":0},"classes":[]},{"id":1309,"url":"http:\/\/marburg.news\/?p=1309","url_meta":{"origin":14045,"position":3},"title":"In Marburg vorn: Mahnwache auf dem Marktplatz gegen Brandanschlag auf Moschee","date":"12. November 2017","format":false,"excerpt":"Zu Religionsfreiheit und Toleranz hat eine mahnwache am Samstag (11. November) auf dem Marktplatz aufgerufen. Damit reagierten B\u00fcrger auf einen Brandanschlag auf die Dar-Al-Salem-Moschee. Die Polizei verf\u00fcgt \u00fcber Fotos vom T\u00e4ter. Der Unbekannte hatte am Freitag (10. November) gegen 5.45 Uhr vor der T\u00fcr des Gebetsraums eine Tasche abgelegt und\u2026","rel":"","context":"In &quot;Politik&quot;","img":{"alt_text":"","src":"","width":0,"height":0},"classes":[]},{"id":14278,"url":"http:\/\/marburg.news\/?p=14278","url_meta":{"origin":14045,"position":4},"title":"Hoffnungslos sprachlos: &#8222;Nie wieder darf kein Lippenbekenntnis bleiben","date":"5. November 2023","format":false,"excerpt":"Muss man reden? Muss man schweigen? Muss man den Mund aufmachen und klar Flagge zeigen? Sprachlosigkeit macht sich breit angesichts der Unverfrorenheit, der Gedankenlosigkeit und dem Leid, das um Hilfe und nach Gerechtigkeit schreit. Der Angriff der Hamas auf Israel war menschenverachtender Terror und traf zuallererst genau die Menschen, die\u2026","rel":"","context":"In &quot;Politik&quot;","img":{"alt_text":"","src":"","width":0,"height":0},"classes":[]},{"id":11941,"url":"http:\/\/marburg.news\/?p=11941","url_meta":{"origin":14045,"position":5},"title":"Gemeinsam beten: Zum Erdbeben in Syrien und der T\u00fcrkei","date":"14. Februar 2023","format":false,"excerpt":"Um gemeinsam f\u00fcr die Opfer der Erdbebenkatastrophe zu beten, treffen sich Am Mittwoch (15. Februar) um 17.30 Uhr beim Marktbrunnen auf dem Marktplatz Angeh\u00f6rige verschiedener Religionsgemeinschaften. Der \"Runde Tisch\" der Religionen\"hat dieses Gedenken organisiert. In der T\u00fcrkei und in Syrien hat die Erde gebebt; und \u00fcberall sind Menschen von dieser\u2026","rel":"","context":"In &quot;Soziales&quot;","img":{"alt_text":"","src":"","width":0,"height":0},"classes":[]}],"_links":{"self":[{"href":"http:\/\/marburg.news\/index.php?rest_route=\/wp\/v2\/posts\/14045"}],"collection":[{"href":"http:\/\/marburg.news\/index.php?rest_route=\/wp\/v2\/posts"}],"about":[{"href":"http:\/\/marburg.news\/index.php?rest_route=\/wp\/v2\/types\/post"}],"author":[{"embeddable":true,"href":"http:\/\/marburg.news\/index.php?rest_route=\/wp\/v2\/users\/2"}],"replies":[{"embeddable":true,"href":"http:\/\/marburg.news\/index.php?rest_route=%2Fwp%2Fv2%2Fcomments&post=14045"}],"version-history":[{"count":0,"href":"http:\/\/marburg.news\/index.php?rest_route=\/wp\/v2\/posts\/14045\/revisions"}],"wp:attachment":[{"href":"http:\/\/marburg.news\/index.php?rest_route=%2Fwp%2Fv2%2Fmedia&parent=14045"}],"wp:term":[{"taxonomy":"category","embeddable":true,"href":"http:\/\/marburg.news\/index.php?rest_route=%2Fwp%2Fv2%2Fcategories&post=14045"},{"taxonomy":"post_tag","embeddable":true,"href":"http:\/\/marburg.news\/index.php?rest_route=%2Fwp%2Fv2%2Ftags&post=14045"}],"curies":[{"name":"wp","href":"https:\/\/api.w.org\/{rel}","templated":true}]}}