{"id":14040,"date":"2023-10-10T16:15:00","date_gmt":"2023-10-10T14:15:00","guid":{"rendered":"http:\/\/marburg.news\/?p=14040"},"modified":"2023-10-10T16:15:00","modified_gmt":"2023-10-10T14:15:00","slug":"vorweisend-50-jahre-nachhaltige-kita-in-michelbach","status":"publish","type":"post","link":"http:\/\/marburg.news\/?p=14040","title":{"rendered":"Vorweisend: 50 Jahre nachhaltige Kita in Michelbach"},"content":{"rendered":"<p>Ihr 50-j\u00e4hriges Bestehen hat die Kita Michelbach gefeiert. Sie blickte zur\u00fcck au ein halbes Jahrhundert Kinderbetreuung mit nachhaltigem Schwerpunkt. <!--more--><br \/>\nMit 55 Kindern und zwei Erzieherinnen hat vor 50 Jahren alles angefangen. Mittlerweile besuchen knapp 60 Jungen und M\u00e4dchen im Alter zwischen zw\u00f6lf Monaten und sechs Jahren die Kindertagesst\u00e4tte Friedrich-Fr\u00f6bel-Stra\u00dfe in Michelbach. Sie feierten diesen besonderen Geburtstag nun mit Eltern, Erzieher*innen, Ehemaligen, Kooperationspartnern und weiteren G\u00e4sten.<br \/>\n&#8222;Die Kita ist ein Ort, an dem Kinder sich ausprobieren d\u00fcrfen, von- und miteinander lernen, eigene Grenzen erfahren und dabei die M\u00f6glichkeit haben, \u00fcber sich selbst hinauszuwachsen&#8220;, sagte B\u00fcrgermeisterin Nadine Bernshausen. \u00dcber Stefanie Lambrecht vom Fachbereich Kinder, Jugend und Familie lie\u00df sie ihren besonderen Dank an das Kita-Team sowie Leiterin Heike Staffel f\u00fcr die p\u00e4dagogische Begleitung, Unterst\u00fctzung und F\u00f6rderung der Kinder ausrichten.<br \/>\nLambrecht gratulierte dem zehnk\u00f6pfigen Team um Staffel zum Jubil\u00e4um und betonte, wie wichtig die Kita in den lokalen Strukturen sei -&#8222;nicht nur in der Betreuung und F\u00f6rderung der Kinder, sondern auch als T\u00fcr\u00f6ffner ins Dorf&#8220;. Beispielsweise finden gemeinsame Veranstaltungen mit der Freiwilligen Feuerwehr statt und die Kita ist feste Partnerin bei Ortsfesten. Besuche der landwirtschaftlichen Betriebe in Michelbach stehen ebenfalls regelm\u00e4\u00dfig auf dem Plan.<br \/>\nGl\u00fcckw\u00fcnsche und Geschenke zum Jubil\u00e4um \u00fcberbrachten auch der Michelbacher Ortsvorsteher Peter Aab, Dr. Martin Kaminski und Christina Rust vom Verein &#8222;Unser Michelbach&#8220; sowie Manfred Naumann von der Freiwilligen Feuerwehr. Ein besonderer Gast war die ehemalige Leiterin Rosi Neef, die 40 der vergangenen 50 Jahre als Leitung verantwortlich f\u00fcr die Einrichtung gewesen ist.<br \/>\nDie Kita-Kinder boten den G\u00e4sten eine kleine Theaterauff\u00fchrung \u00fcber den Regenbogenfisch. Auch die Kleinsten waren mit auf der Meeresb\u00fchne vertreten. Das St\u00fcck handelte vom Regenbogenfisch, der keine seiner sch\u00f6nen, schillernden Schuppen an die anderen Fische abgeben m\u00f6chte. Letztendlich begreift er aber, dass Sch\u00f6nheit ihm nichts nutzt, wenn er daf\u00fcr einsam im Meer herumschwimmt.<br \/>\nRollenspiel ist den Kindern nicht fremd: In der Einrichtung schl\u00fcpfen sie auch im Alltag regelm\u00e4\u00dfig in unterschiedliche Rollen und erwerben dabei soziale, sprachliche und emotionale Kompetenzen. Den speziellen &#8222;Rollenspielraum&#8220;, der daf\u00fcr zur Verf\u00fcgung steht, konnten die G\u00e4ste des Festes im Anschluss an die Auff\u00fchrung ebenso in Augenschein nehmen wie den Rest der Einrichtung, die auch einen Bauraum und ein Atelier beherbergt &#8211;<br \/>\nR\u00e4ume, in denen die Kinder spielerisch geometrische Formen und physikalische Gesetze kennenlernen und ihre Kreativit\u00e4t ausleben k\u00f6nnen.<br \/>\nAn verschiedenen Stationen gab es au\u00dferdem einiges zu entdecken. Zum Beispiel wurde dort gezeigt, wie eine Kuh gemolken oder Margarine hergestellt wird. Neben den p\u00e4dagogischen Schwerpunkten Bewegung und Sprache spielen n\u00e4mlich auch Natur und vor allem Nachhaltigkeit eine entscheidende Rolle in der Einrichtung. Die Erzieher*innen bieten beispielsweise Projekte f\u00fcr Bienen und Insektenvielfalt an oder stellen Tees und Hausmittel aus Pflanzen gemeinsam mit den Kindern her.<br \/>\nZum Start der Einrichtung vor 50 Jahren war Michelbach noch eine eigenst\u00e4ndige Gemeinde mit 800 Einwohnenden. Die Kindertagesst\u00e4tte wurde am 3. Januar 1973 er\u00f6ffnet, im Zuge der Gebietsreform fiel sie 1974 in Tr\u00e4gerschaft der Stadt Marburg \u00fcber.<br \/>\nNeef hatte die Leitung bis zu ihrem Ruhestand im Jahr 2009 inne. Ihre Nachfolgerin war Renate Beetz. Heike Staffel leitet die Kita seit 2018.<br \/>\nIm Laufe der Jahre gab es einige Ver\u00e4nderungen im und am Geb\u00e4ude sowie am Au\u00dfenbereich. So wurden 1990 zus\u00e4tzliche Funktionsr\u00e4ume geschaffen. 1993 wurde ein Mehrzweckraum angebaut.<br \/>\nIn diesem Jahr gr\u00fcndete sich auch der F\u00f6rderverein der Einrichtung. 1998 wurde die Au\u00dfen-Spielfl\u00e4che erweitert. Seit 2016 gibt es zus\u00e4tzlich zu den beiden Kita-Gruppen eine Krippen-Gruppe f\u00fcr bis zu zehn Kinder unter drei Jahren.<br \/>\nF\u00fcr diese Gruppe gab es nun au\u00dferdem eine bauliche Erweiterung. Die G\u00e4ste hatten beim Jubil\u00e4um die M\u00f6glichkeit, den neuen Geb\u00e4udeteil der Krippe zu besichtigen.<br \/>\nDie baulichen Ver\u00e4nderungen umfassen sowohl die Erweiterung des Geb\u00e4udes um 75 Quadratmeter Bruttogrundfl\u00e4che als auch Sanierungen im Innenbereich, wof\u00fcr sich die Kosten auf insgesamt 510.000 Euro belaufen. Im Sommer 2021 begannen die Arbeiten mit der Sanierung der sanit\u00e4ren Einrichtungen. Zudem wurden der Cafeteria-Bereich, der Personalraum und die Au\u00dfenanlage neu gestaltet.<\/p>\n<p>* pm: Stadt Marburg<\/p>\n","protected":false},"excerpt":{"rendered":"<p>Ihr 50-j\u00e4hriges Bestehen hat die Kita Michelbach gefeiert. Sie blickte zur\u00fcck au ein halbes Jahrhundert Kinderbetreuung mit nachhaltigem Schwerpunkt.<\/p>\n","protected":false},"author":2,"featured_media":0,"comment_status":"closed","ping_status":"open","sticky":false,"template":"","format":"standard","meta":{"advanced_seo_description":"","spay_email":"","jetpack_publicize_message":"","jetpack_is_tweetstorm":false,"jetpack_publicize_feature_enabled":true},"categories":[5],"tags":[173,426,1095],"jetpack_featured_media_url":"","jetpack_publicize_connections":[],"jetpack_sharing_enabled":true,"jetpack_shortlink":"https:\/\/wp.me\/p8mhvd-3Es","jetpack-related-posts":[{"id":13852,"url":"http:\/\/marburg.news\/?p=13852","url_meta":{"origin":14040,"position":0},"title":"Feier f\u00fcr Freunde: 50 Jahre Kita Michelbach","date":"19. September 2023","format":false,"excerpt":"Die Kita Michelbach feiert ihr 50-j\u00e4hriges Bestehen. Dazu l\u00e4dt sie f\u00fcr Freitag (22. September) ein. viele G\u00e4ste, Ehemalige und Kooperationspartner werden erwartet, wenn die Kita Friedrich-Fr\u00f6bel-Stra\u00dfe in Michelbach ihr 50-j\u00e4hriges Bestehen feiert. Die Kindertagesst\u00e4tte ist gut vernetzt: Dort finden gemeinsame Veranstaltungen mit der Freiwilligen Feuerwehr statt; und die Kita ist\u2026","rel":"","context":"In &quot;Bildung&quot;","img":{"alt_text":"","src":"","width":0,"height":0},"classes":[]},{"id":8964,"url":"http:\/\/marburg.news\/?p=8964","url_meta":{"origin":14040,"position":1},"title":"Hektisch und beweglich: Eltern mit Kita-Kindern auf Schatzsuche","date":"18. M\u00e4rz 2022","format":false,"excerpt":"Eltern der Kita Michelbach gingen zum Wohl ihrer Kinder auf \"Schatzsuche\". So nennt sich ein Programm zur seelischen St\u00e4rkung. Auf eine Schatzsuche zur seelischen St\u00e4rkung ihrer Kinder haben sich jetzt erstmals Eltern der Kita Michelbach an der Friedrich-Fr\u00f6bel-Stra\u00dfe begeben. Angeleitet wurden sie von speziell f\u00fcr das Elternprogramm \"Schatzsuche\" geschulten Erzieherinnen.\u2026","rel":"","context":"In &quot;Bildung&quot;","img":{"alt_text":"","src":"","width":0,"height":0},"classes":[]},{"id":794,"url":"http:\/\/marburg.news\/?p=794","url_meta":{"origin":14040,"position":2},"title":"Einsicht f\u00fcr einige: Solar-Baumhaus f\u00fcr Kita in Michelbach","date":"30. Juni 2017","format":false,"excerpt":"Die Kita Friedrich-Fr\u00f6bel-Stra\u00dfe in Michelbach hat den Wettbewerb \"B\u00fcrgerprojekte f\u00fcr den Klimaschutz 2016\" gewonnen. Das Preisgeld von 5.000 Euro soll das Startkapital f\u00fcr einen Klima-Erlebnis-Garten sein. \"Hier lernen die Kinder spielerisch den Umgang mit Umwelt- und Klimathemen, f\u00fcr die die Erwachsenen eigentlich die Verantwortung tragen\", lobte B\u00fcrgermeister Dr. Franz Kahle\u2026","rel":"","context":"In &quot;Bildung&quot;","img":{"alt_text":"","src":"","width":0,"height":0},"classes":[]},{"id":6665,"url":"http:\/\/marburg.news\/?p=6665","url_meta":{"origin":14040,"position":3},"title":"Kinder kapieren: Michelbach \u00fcbt fr\u00fch den Klimaschutz","date":"8. M\u00e4rz 2021","format":false,"excerpt":"\"Nachbarschaftsprojekte im Klimaschutz\" werden gef\u00f6rdert. Kinder in Michelbach sollen die Natur sch\u00e4tzen und sch\u00fctzen lernen. \"Fr\u00fch \u00fcbt sich\" ist das Motto f\u00fcr die Kindergottesdienstgruppe in Michelbach, die das Thema Naturschutz ganz praktisch angeht. Die Kinder wollen Blumen s\u00e4en und B\u00e4ume pflanzen. Daf\u00fcrd bekommen sie eine F\u00f6rderung der Universit\u00e4tsstadt Marburg. Insgesamt\u2026","rel":"","context":"In &quot;Bildung&quot;","img":{"alt_text":"","src":"","width":0,"height":0},"classes":[]},{"id":6647,"url":"http:\/\/marburg.news\/?p=6647","url_meta":{"origin":14040,"position":4},"title":"Mitmachen f\u00fcr Michelbach: Marburgs \u00e4ltester Au\u00dfenstadtteil","date":"4. M\u00e4rz 2021","format":false,"excerpt":"Michelbach ist Marburgs \u00e4ltester Au\u00dfenstadtteil. Lange vor der Stadt Marburg wurde er bereits urkundlich erw\u00e4hnt. Einige Stadtteile der Universit\u00e4tsstadt Marburg gab es schon, bevor Marburg vor fast 800 Jahren erstmals als Stadt erw\u00e4hnt wurde. Allen voran ist den geschichtstr\u00e4chtigen Stadtteilen, Michelbach, der Stadtteil mit mehr als 1.200 Jahre alter Geschichte.\u2026","rel":"","context":"In &quot;Kultur&quot;","img":{"alt_text":"","src":"","width":0,"height":0},"classes":[]},{"id":7304,"url":"http:\/\/marburg.news\/?p=7304","url_meta":{"origin":14040,"position":5},"title":"Mehr Naturschutz: Michelbacher Kita-Kinder legen Bl\u00fchstreifen an","date":"30. Juni 2021","format":false,"excerpt":"Kinder haben Bl\u00fchstreifen vor der Michelbacher Kita angelegt. Die Bildung \u00fcber Naturschutz erfolgt im Einsatz f\u00fcr die Bienen. Bei der Aktion \"Botschafter*innen f\u00fcr biologische Vielfalt\" bieten Kinder der Kindertageseinrichtung Friedrich-Fr\u00f6bel-Stra\u00dfe in Michelbach Bienen und anderen Insekten Nahrung und ein Zuhause. Der Michelbacher Landwirt Philip Loch hat ihnen dabei geholfen. In\u2026","rel":"","context":"In &quot;Bildung&quot;","img":{"alt_text":"","src":"","width":0,"height":0},"classes":[]}],"_links":{"self":[{"href":"http:\/\/marburg.news\/index.php?rest_route=\/wp\/v2\/posts\/14040"}],"collection":[{"href":"http:\/\/marburg.news\/index.php?rest_route=\/wp\/v2\/posts"}],"about":[{"href":"http:\/\/marburg.news\/index.php?rest_route=\/wp\/v2\/types\/post"}],"author":[{"embeddable":true,"href":"http:\/\/marburg.news\/index.php?rest_route=\/wp\/v2\/users\/2"}],"replies":[{"embeddable":true,"href":"http:\/\/marburg.news\/index.php?rest_route=%2Fwp%2Fv2%2Fcomments&post=14040"}],"version-history":[{"count":0,"href":"http:\/\/marburg.news\/index.php?rest_route=\/wp\/v2\/posts\/14040\/revisions"}],"wp:attachment":[{"href":"http:\/\/marburg.news\/index.php?rest_route=%2Fwp%2Fv2%2Fmedia&parent=14040"}],"wp:term":[{"taxonomy":"category","embeddable":true,"href":"http:\/\/marburg.news\/index.php?rest_route=%2Fwp%2Fv2%2Fcategories&post=14040"},{"taxonomy":"post_tag","embeddable":true,"href":"http:\/\/marburg.news\/index.php?rest_route=%2Fwp%2Fv2%2Ftags&post=14040"}],"curies":[{"name":"wp","href":"https:\/\/api.w.org\/{rel}","templated":true}]}}