{"id":14038,"date":"2023-10-10T15:44:24","date_gmt":"2023-10-10T13:44:24","guid":{"rendered":"http:\/\/marburg.news\/?p=14038"},"modified":"2023-10-10T15:44:24","modified_gmt":"2023-10-10T13:44:24","slug":"ausreissend-weisser-ford-transit-beschaedigt","status":"publish","type":"post","link":"http:\/\/marburg.news\/?p=14038","title":{"rendered":"Ausrei\u00dfend: Wei\u00dfer Ford Transit besch\u00e4digt"},"content":{"rendered":"<p>Der Besitzer eines Fords stellte seinen wei\u00dfen Transit am Samstag (7. Oktober) gegen 14.30 Uhr am rechten Fahrbahnrand der Friedrichstra\u00dfe ab. Als er gegen 17.45 Uhr zur\u00fcckkehrte, bemerkte er einen Unfallschaden an der linken Fahrzeugseite. <!--more--><br \/>\nOffenbar war ein Unbekannter in diesem Zeitraum gegen den geparkten Transit gefahren. Dabei hatte er einen Schaden von 1.000 Euro hinterlassen und war gefl\u00fcchtet. Zeugenhinweise erbittet die Marburger Polizei unter der Telefonnummer 06421\/406-0.<\/p>\n<p>* pm: Polizei Marburg<\/p>\n","protected":false},"excerpt":{"rendered":"<p>Der Besitzer eines Fords stellte seinen wei\u00dfen Transit am Samstag (7. Oktober) gegen 14.30 Uhr am rechten Fahrbahnrand der Friedrichstra\u00dfe ab. Als er gegen 17.45 Uhr zur\u00fcckkehrte, bemerkte er einen Unfallschaden an der linken Fahrzeugseite.<\/p>\n","protected":false},"author":2,"featured_media":0,"comment_status":"closed","ping_status":"open","sticky":false,"template":"","format":"standard","meta":{"advanced_seo_description":"","spay_email":"","jetpack_publicize_message":"","jetpack_is_tweetstorm":false,"jetpack_publicize_feature_enabled":true},"categories":[6],"tags":[5451,16,34],"jetpack_featured_media_url":"","jetpack_publicize_connections":[],"jetpack_sharing_enabled":true,"jetpack_shortlink":"https:\/\/wp.me\/p8mhvd-3Eq","jetpack-related-posts":[{"id":4068,"url":"http:\/\/marburg.news\/?p=4068","url_meta":{"origin":14038,"position":0},"title":"Besch\u00e4digt: Unf\u00e4lle, Flucht und Vandalismus","date":"1. August 2019","format":false,"excerpt":"Sch\u00fcrfwunden erlitt eine 60-j\u00e4hrige Frau bei einem Unfall am Mittwoch (31. Juli) auf einem Rad- und Fu\u00dfweg zwischen der Gisselberger Stra\u00dfe und der Leopold-Lucas-Stra\u00dfe. Der Verursacher fuhr nach einem kurzen Gespr\u00e4ch einfach weiter. Die Verletzte alarmierte die Polizei. Die Frau war gegen 20.45 Uhr mit einem Begleiter im Teichwiesengraben in\u2026","rel":"","context":"In &quot;Sonstiges&quot;","img":{"alt_text":"","src":"","width":0,"height":0},"classes":[]},{"id":17935,"url":"http:\/\/marburg.news\/?p=17935","url_meta":{"origin":14038,"position":1},"title":"Gegen Autos: Unfallflucht am Ortenberg und im S\u00fcdviertel","date":"2. Mai 2025","format":false,"excerpt":"Beim Vorbeifahren touchierte ein Unbekannter einen wei\u00dfen Ford. Der Transit parkte am Fahrbahnrand der Pasternakstra\u00dfe. Von Dienstag (29. April) ab 17.30 Uhr bis Mittwoch (30. April) vor 10.15 Uhr stand der Transporter entgegengesetzt der Fahrtrichtung in H\u00f6he der Hausnummer 5. Der Schaden am Kastenaufbau des Transporters bel\u00e4uft sich auf 3.000\u2026","rel":"","context":"In &quot;Sonstiges&quot;","img":{"alt_text":"","src":"","width":0,"height":0},"classes":[]},{"id":2566,"url":"http:\/\/marburg.news\/?p=2566","url_meta":{"origin":14038,"position":2},"title":"Selber melden: Unfallflucht an Kreuzung und in Cappel","date":"23. August 2018","format":false,"excerpt":"Nach einem Unfall am Dienstag (21. August) sucht die Polizei Zeugen. Passiert ist der Unfall um 7.45 Uhr an der Einm\u00fcndung der Weintrautstra\u00dfe in den Alten Kirchhainer Weg. Beide Fahrzeuge fuhren auf der Weintrautstra\u00dfe in Richtung Innenstadt. An der Ampel vor der Einm\u00fcndung in den Alten Kirchhainer Weg stand der\u2026","rel":"","context":"In &quot;Sonstiges&quot;","img":{"alt_text":"","src":"","width":0,"height":0},"classes":[]},{"id":18186,"url":"http:\/\/marburg.news\/?p=18186","url_meta":{"origin":14038,"position":3},"title":"Gier gegen Fladenbrote: Polizei sucht Besitzer von Pedelec","date":"13. Juni 2025","format":false,"excerpt":"Eine Polizeistreife nahm am Samstag (7. Juni) einen 35-j\u00e4hrigen Mann in der N\u00e4he des Hauptbahnhofs vorl\u00e4ufig fest. Zuvor hatte er gegen 8.55 Uhr drei Fladenbrote aus einem Laden im Erlenring gestohlen. Dabei wurde er von Zeugen beobachtet. Die weiteren Ermittlungen ergaben, dass er mit einem Pedelec-Lastenfahrrad unterwegs war, das er\u2026","rel":"","context":"In &quot;Sonstiges&quot;","img":{"alt_text":"","src":"","width":0,"height":0},"classes":[]},{"id":471,"url":"http:\/\/marburg.news\/?p=471","url_meta":{"origin":14038,"position":4},"title":"Noch mehr: Polizei zog Betrunkene aus dem Verkehr","date":"3. Mai 2017","format":false,"excerpt":"Ein Radfahrer fiel einer Zivilstreife auf, weil er auf der Weidenh\u00e4user Stra\u00dfe in starken Schlangenlinien fuhr und beim Anhalten fast zu Boden st\u00fcrzte. Ein Alkotest erkl\u00e4rte diese Fahrweise. Der Test des 26-j\u00e4hrigen Radlers zeigte am Sonntag (30. April) gegen 23.40 Uhr \u00fcber 1,8 Promille an. Daraufhin veranlasste die Polizei eine\u2026","rel":"","context":"In &quot;Sonstiges&quot;","img":{"alt_text":"","src":"","width":0,"height":0},"classes":[]},{"id":4011,"url":"http:\/\/marburg.news\/?p=4011","url_meta":{"origin":14038,"position":5},"title":"Unfall und Vandalismus: Autos in Bunsenstra\u00dfe und Waldtal besch\u00e4digt","date":"11. Juli 2019","format":false,"excerpt":"Dellen und Kratzer hinterlie\u00df ein Unbekannter zwischen Sonntag (7. Juli) nach 22 Uhr und Montag (8. Juli) vor 5.30 Uhr an einem Ford Transit. Bei dem Vorfall in der Stra\u00dfe \"Am Fuchspa\u00df\" entstand ein Schaden von 500 Euro. Auf einem Parkplatz in der Bunsenstra\u00dfe fuhr ein Auto zwischen Sonntag (7.\u2026","rel":"","context":"In &quot;Sonstiges&quot;","img":{"alt_text":"","src":"","width":0,"height":0},"classes":[]}],"_links":{"self":[{"href":"http:\/\/marburg.news\/index.php?rest_route=\/wp\/v2\/posts\/14038"}],"collection":[{"href":"http:\/\/marburg.news\/index.php?rest_route=\/wp\/v2\/posts"}],"about":[{"href":"http:\/\/marburg.news\/index.php?rest_route=\/wp\/v2\/types\/post"}],"author":[{"embeddable":true,"href":"http:\/\/marburg.news\/index.php?rest_route=\/wp\/v2\/users\/2"}],"replies":[{"embeddable":true,"href":"http:\/\/marburg.news\/index.php?rest_route=%2Fwp%2Fv2%2Fcomments&post=14038"}],"version-history":[{"count":0,"href":"http:\/\/marburg.news\/index.php?rest_route=\/wp\/v2\/posts\/14038\/revisions"}],"wp:attachment":[{"href":"http:\/\/marburg.news\/index.php?rest_route=%2Fwp%2Fv2%2Fmedia&parent=14038"}],"wp:term":[{"taxonomy":"category","embeddable":true,"href":"http:\/\/marburg.news\/index.php?rest_route=%2Fwp%2Fv2%2Fcategories&post=14038"},{"taxonomy":"post_tag","embeddable":true,"href":"http:\/\/marburg.news\/index.php?rest_route=%2Fwp%2Fv2%2Ftags&post=14038"}],"curies":[{"name":"wp","href":"https:\/\/api.w.org\/{rel}","templated":true}]}}