{"id":13789,"date":"2023-09-08T11:21:55","date_gmt":"2023-09-08T09:21:55","guid":{"rendered":"http:\/\/marburg.news\/?p=13789"},"modified":"2023-09-08T11:21:55","modified_gmt":"2023-09-08T09:21:55","slug":"druckprobe-mutter-und-tochter-stellen-im-vielraum-aus","status":"publish","type":"post","link":"http:\/\/marburg.news\/?p=13789","title":{"rendered":"Druckprobe: Mutter und Tochter stellen im VielRAUM aus"},"content":{"rendered":"<p>&#8222;VielRAUM unter Druck&#8220; ist das Motto einer neuen Ausstellung in der Oberstadt. Bereichert wird sie um eine Druckwerkstatt. <!--more--><br \/>\nIm VielRAUM in der Wettergasse 23 gibt es bis Samstag (30. September) eine Druckwerkstatt zum Mitmachen. Im September bespielen die K\u00fcnstlerinnen Randi Grundke und Josefine Henning erstmals als Mutter und Tochter gemeinsam eine Ausstellung. Das Mutter-Tochter-Duo pr\u00e4sentiert im VielRAUM ihre malerischen, druckgrafischen und zeichnerischen Arbeiten der vergangenen Jahre.<br \/>\nNeben ihrer Ausstellung bauen die beiden K\u00fcnstlerinnen im VielRAUM eine kleine Druckwerkstatt auf, mit der Passantinnen und Passanten das Linolschneiden und -drucken ausprobieren k\u00f6nnen. &#8222;Es ist wunderbar, dass wir mit dem VielRAUM immer wieder K\u00fcnstler*innen die M\u00f6glichkeit geben k\u00f6nnen, sich in der Oberstadt zu pr\u00e4sentieren&#8220;, sagte Oberb\u00fcrgermeister Dr. Thomas Spies. Kunst und Kreatives erweitere das Angebotsspektrum und biete zus\u00e4tzliche Erlebnisse f\u00fcr Besucher*innen der Oberstadt.<br \/>\n&#8222;Au\u00dferdem bereichern sich die verschiedenen Angebote und Nutzungen in den Ladenr\u00e4umen gegenseitig und bieten so f\u00fcr Handel, Gastronomie und auch f\u00fcr die Nutzer*innen der VielR\u00c4UME einen echten Mehrwert&#8220;, so Jan-Bernd R\u00f6llmann vom Stadtmarketing Marburg.<br \/>\nJosefine Henning tat es ihrer Mutter Randi Grundke gleich und schlug ebenfalls eine k\u00fcnstlerische Karriere ein. Grundke absolvierte ein Studium der freien Kunst an der Kunsthochschule Kassel und studierte im Anschluss Grafik, Malerei und Kunstgeschichte in Marburg. Henning machte einen Bachelor of Fine Arts an der Hochschule f\u00fcr K\u00fcnste im Sozialen, Ottersberg. Beide lehren als Dozentinnen und stellen ihre Werke zahlreich aus.<br \/>\nAm Freitag (8. September) um 18 Uhr findet die Vernissage der Ausstellung statt. Beendet wird die Ausstellung mit einer Finissage am Samstag (30. September) um 12 Uhr. Die Druckwerkstatt und die Ausstellung sind von Montag bis Freitag jeweils von 11 bis 14 Uhr und von 15 bis 18 Uhr ge\u00f6ffnet. An den Wochenenden ist die Ausstellung von 12 bis 18 Uhr ge\u00f6ffnet.<br \/>\n&#8222;Viele Menschen haben sich schon in der Druckwerkstatt ausprobiert&#8220;, beichtete Grundke. &#8222;Das interaktive Element kommt gut an&#8220;, erg\u00e4nzte Henning. &#8222;Und viele Menschen haben einfach schonmal reingeschnuppert, fragen, wann es mit der Ausstellung losgeht und probieren das Drucken mal selbst aus.&#8220;<br \/>\nWeitere Informationen zum VielRAUM gibt es auf der Webseite <a href=\"http:\/\/www.marburg.de\/oberstadt\">www.marburg.de\/oberstadt<\/a> sowie bei Quartiersmanagerin Nadine K\u00fcmmel unter 06421\/201-2010 oder per Mail an oberstadt@marburg-stadt.de.<\/p>\n<p>* pm: Stadt Marburg<\/p>\n","protected":false},"excerpt":{"rendered":"<p>&#8222;VielRAUM unter Druck&#8220; ist das Motto einer neuen Ausstellung in der Oberstadt. Bereichert wird sie um eine Druckwerkstatt.<\/p>\n","protected":false},"author":2,"featured_media":0,"comment_status":"closed","ping_status":"open","sticky":false,"template":"","format":"standard","meta":{"advanced_seo_description":"","spay_email":"","jetpack_publicize_message":"","jetpack_is_tweetstorm":false,"jetpack_publicize_feature_enabled":true},"categories":[3],"tags":[5382,252,4037],"jetpack_featured_media_url":"","jetpack_publicize_connections":[],"jetpack_sharing_enabled":true,"jetpack_shortlink":"https:\/\/wp.me\/p8mhvd-3Ap","jetpack-related-posts":[{"id":16171,"url":"http:\/\/marburg.news\/?p=16171","url_meta":{"origin":13789,"position":0},"title":"Thema Kunst: Galeriegemeinschaft zu Gast im VielRAUM","date":"23. August 2024","format":false,"excerpt":"\"Federvieh trifft Fisch\". Unter diesem Motto ist die Marburger Galeriegemeinschaft zu Gast im VielRAUM an der Augustinertreppe. Die Marburger \"Galerie Haspelstra\u00dfe Eins\" pr\u00e4sentiert sich mit der Ausstellung \"Federvieh trifft Fisch\" bis Montag (9. September) im VielRAUM in der Augustinergasse 4. Sechs K\u00fcnstlerinnen und K\u00fcnstler der Marburger Galeriegemeinschaft zeigen ihre Arbeiten\u2026","rel":"","context":"In &quot;Kultur&quot;","img":{"alt_text":"","src":"","width":0,"height":0},"classes":[]},{"id":15920,"url":"http:\/\/marburg.news\/?p=15920","url_meta":{"origin":13789,"position":1},"title":"Magie und Malerei: \u00d6lgem\u00e4lde von Uliana Gerl im VielRAUM","date":"2. Juli 2024","format":false,"excerpt":"\u00d6lgem\u00e4lde von Uliana Gerl pr\u00e4sentiert eine Ausstellung im Marburger VielRAUM. Zu sehen ist sie bis Donnerstag (25. Juli). Die K\u00fcnstlerin Uliana Gerl zeigt im Marburger VielRAUM in der Augustinergasse 4 ihre \u00d6lgem\u00e4lde. Interessierte k\u00f6nnen die Ausstellung ab Montag (8. Juli) bis Donnerstag (25. Juli) besuchen. Der VielRAUM ist werktags von\u2026","rel":"","context":"In &quot;Sonstiges&quot;","img":{"alt_text":"","src":"","width":0,"height":0},"classes":[]},{"id":16135,"url":"http:\/\/marburg.news\/?p=16135","url_meta":{"origin":13789,"position":2},"title":"Die Unbeweglichen: Schauk\u00e4sten von VielRAUM prsentieren Puppenstube","date":"15. August 2024","format":false,"excerpt":"Die VielRAUM-Schauk\u00e4sten der Barf\u00fc\u00dferstra\u00dfe 26 verwandeln sich in eine k\u00fcnstlerische Puppenstube. Zu sehen sind sie ab Montag (19. August). Unter dem Titel \"Zwiegespr\u00e4ch mit Puppe\" pr\u00e4sentiert die Bildhauerin Frauke Hubal im Rahmen der Ausstellung \"Synchron 2 - Ver\u00e4nderungen\" in den Schauk\u00e4sten am VielRAUM in der Barf\u00fc\u00dferstra\u00dfe 26 ihre Arbeiten. Von\u2026","rel":"","context":"In &quot;Kultur&quot;","img":{"alt_text":"","src":"","width":0,"height":0},"classes":[]},{"id":16178,"url":"http:\/\/marburg.news\/?p=16178","url_meta":{"origin":13789,"position":3},"title":"Als Duo: Harald H\u00e4user im VielRAUM","date":"24. August 2024","format":false,"excerpt":"Eine \"Pop-up Gallery\" im VielRAUM zeigt DUO-Arbeiten von Harald H\u00e4user. Damit m\u00f6chte der Marburger Kunst zu den Menschen bringen. Der Marburger K\u00fcnstler Harald H\u00e4user bringt gemeinsam mit seiner Ehefrau Martha Gudrun Hintz eine \"Pop-up Gallery\" in die Marburger Oberstadt. Die Ausstellung ist bis Samstag (31. August) im VielRAUM in der\u2026","rel":"","context":"In &quot;Kultur&quot;","img":{"alt_text":"","src":"","width":0,"height":0},"classes":[]},{"id":16267,"url":"http:\/\/marburg.news\/?p=16267","url_meta":{"origin":13789,"position":4},"title":"Vor\u00fcberzeigend: GLANZ und GLITZER im VielRAUM","date":"6. September 2024","format":false,"excerpt":"\"GLANZ und GLITZER\" hei\u00dft eine Ausstellung im VielRAUM. Sie ist noch bis Samstag (28. September) zu sehen. Die K\u00fcnstlerin Maria Gerhard pr\u00e4sentiert bis Samstag (28. September) ihre Ausstellung \"GLANZ und GLITZER\" im \"VielRAUM\" in der Wettergasse 23. Sie stellt eine Vielzahl von unterschiedlichen Objekten - ob kleine Schutzengelchen als Anh\u00e4nger,\u2026","rel":"","context":"In &quot;Kultur&quot;","img":{"alt_text":"","src":"","width":0,"height":0},"classes":[]},{"id":17178,"url":"http:\/\/marburg.news\/?p=17178","url_meta":{"origin":13789,"position":5},"title":"Viel Raum im VielRAUM: Drei Marburger K\u00fcnstlerinnen zeigen ihr Handwerk","date":"12. Dezember 2024","format":false,"excerpt":"Drei Marburger K\u00fcnstlerinnen pr\u00e4sentieren Unikate im VielRAUM. Interessierte k\u00f6nnen dort Handwerk erleben. Im VielRAUM Augustinergasse 4 stellen drei Kunsthandwerkerinnen aus Marburg ihre Werke aus. Die Ausstellung ist bis Samstag (21. Dezember) zu sehen. Bis zum 5. Januar 2025 bleibt sie als Schaufensterausstellung bestehen. Stefanie Oeffling und Clara Koettner zeigen ihre\u2026","rel":"","context":"In &quot;Kultur&quot;","img":{"alt_text":"","src":"","width":0,"height":0},"classes":[]}],"_links":{"self":[{"href":"http:\/\/marburg.news\/index.php?rest_route=\/wp\/v2\/posts\/13789"}],"collection":[{"href":"http:\/\/marburg.news\/index.php?rest_route=\/wp\/v2\/posts"}],"about":[{"href":"http:\/\/marburg.news\/index.php?rest_route=\/wp\/v2\/types\/post"}],"author":[{"embeddable":true,"href":"http:\/\/marburg.news\/index.php?rest_route=\/wp\/v2\/users\/2"}],"replies":[{"embeddable":true,"href":"http:\/\/marburg.news\/index.php?rest_route=%2Fwp%2Fv2%2Fcomments&post=13789"}],"version-history":[{"count":0,"href":"http:\/\/marburg.news\/index.php?rest_route=\/wp\/v2\/posts\/13789\/revisions"}],"wp:attachment":[{"href":"http:\/\/marburg.news\/index.php?rest_route=%2Fwp%2Fv2%2Fmedia&parent=13789"}],"wp:term":[{"taxonomy":"category","embeddable":true,"href":"http:\/\/marburg.news\/index.php?rest_route=%2Fwp%2Fv2%2Fcategories&post=13789"},{"taxonomy":"post_tag","embeddable":true,"href":"http:\/\/marburg.news\/index.php?rest_route=%2Fwp%2Fv2%2Ftags&post=13789"}],"curies":[{"name":"wp","href":"https:\/\/api.w.org\/{rel}","templated":true}]}}