{"id":13788,"date":"2023-09-08T11:05:04","date_gmt":"2023-09-08T09:05:04","guid":{"rendered":"http:\/\/marburg.news\/?p=13788"},"modified":"2023-09-08T11:05:04","modified_gmt":"2023-09-08T09:05:04","slug":"feuerprobe-bundesweiter-warntag-am-14-september","status":"publish","type":"post","link":"http:\/\/marburg.news\/?p=13788","title":{"rendered":"Feuerprobe: Bundesweiter Warntag am 14. September"},"content":{"rendered":"<p>Ein bundesweiter Warntag findet am Donnerstag (14. September) statt. Dabei werden M\u00f6glichkeiten zur Warnung der Bev\u00f6lkerung erprobt. <!--more--><br \/>\nDer dritte bundesweite Warntag findet am 14. September 2023 statt. Bei diesem Aktionstag von Bund, L\u00e4ndern und Kommunen werden die unterschiedlichen Mittel zur Warnung der Bev\u00f6lkerung erprobt. Ab 11 Uhr erfolgt an diesem Tag auch im Landkreis Marburg-Biedenkopf eine Probewarnung auf unterschiedlichen Kan\u00e4len.<br \/>\nGewarnt wird ddann \u00fcber Sirenen, Warn-Apps und Soziale Medien. Informationen zum Warntag gibt es online unter <a href=\"http:\/\/www.warnung-der-bevoelkerung.de\">www.warnung-der-bevoelkerung.de<\/a>.<br \/>\nDas Ziel des Warntags ist laut dem Bundesamt f\u00fcr Bev\u00f6lkerungsschutz und Katastrophenhilfe (BBK) , Schwachstellen im Warnsystem zu erkennen, sie im Nachgang zu korrigieren und das System damit f\u00fcr den Ernstfall stabiler und effektiver zu machen. Auch soll die Bev\u00f6lkerung f\u00fcr das Thema &#8222;Warnung&#8220; sensibilisiert und auf die unterschiedlichen Warnm\u00f6glichkeiten aufmerksam gemacht werden.<br \/>\nDie Warnung der Bev\u00f6lkerung sei ein wichtiger Eckpfeiler, um die F\u00e4higkeit, schwierige Lebenssituationen wie Krisen oder Katastrophen ohne dauerhafte Beeintr\u00e4chtigung zu \u00fcberstehen, zu steigern. Ereignisse wie die Corona-Pandemie, die Flutkatastrophe im Juli 2021, der andauernde Angriffskrieg in der Ukraine, aber auch kleinere lokale Gefahrenlagen r\u00fcckten die verschiedenen Warnkan\u00e4le regelm\u00e4\u00dfig in den Fokus, erkl\u00e4rte das Bundesamt.<br \/>\nDer Landkreis Marburg-Biedenkopf beteiligt sich ebenfalls an diesem Probelauf: So werden die Sirenen in der Zeit von 11 Uhr bis 11:45 Uhr entweder das Signal &#8222;Warnung der Bev\u00f6lkerung&#8220; mit einem einmin\u00fctigen Heulton, auf- und abschwellend ert\u00f6nen oder das Signal &#8222;Feueralarm&#8220; mit dreimaligem Heulen jeweils etwa 15 Sekunden lang aussenden. Da die Umstellung auf digitale Sirenenalarmierung im Landkreis Marburg-Biedenkopf noch nicht abgeschlossen ist und damit noch nicht \u00fcberall die M\u00f6glichkeit besteht, das Signal &#8222;Warnung der Bev\u00f6lkerung&#8220; auszul\u00f6sen, kann es hier zu Unterschieden kommen.<br \/>\nDort, wo das Signal &#8222;Warnung der Bev\u00f6lkerung&#8220; m\u00f6glich ist, wird gegen 11:45 Uhr zus\u00e4tzlich noch das Sirenensignal &#8222;Entwarnung&#8220; (einmin\u00fctiger Dauerton) ert\u00f6nen. &#8222;Leider sind die Sirenen in Marburg-Biedenkopf noch nicht fl\u00e4chendeckend auf digitale Alarmierung umgestellt, so dass hier das Signal zur Alarmierung der Feuerwehr genutzt werden muss&#8220;, bedauerte Kreisbrandinspektor Lars Sch\u00e4fer. &#8222;Wir warten noch auf Standortgenehmigungen des Bundes, die f\u00fcr jede Sirenenstandort erforderlich sind, so dass uns hier leider die H\u00e4nde gebunden sind.&#8220;<br \/>\n\u00dcber &#8222;Cell Broadcast&#8220; wird laut Bundesamt derzeit noch keine Entwarnung versendet. Der Kreis wird zudem \u00fcber seine Social Media-Kan\u00e4le (Facebook, Instagram), \u00fcber den Messenger-Dienst &#8222;Telegram&#8220; und auf seiner Website auf den Warntag hinweisen.<br \/>\nDa eine Warnung sehr wichtige Informationen enth\u00e4lt, soll sie m\u00f6glichst viele Menschen erreichen. Deswegen kann eine Warnung \u00fcber viele verschiedene Warnmittel und Wege verbreitet werden wie zum Beispiel Radio und Fernsehen, Internetseiten, Warn-Apps wie NINA (Notfall-Informations- und Nachrichten-App des Bundes) oder HessenWarn, Soziale Medien, Sirenen, &#8222;Cell Broadcast&#8220;, Lautsprecherwagen oder Digitale Stadtinformationstafeln.<br \/>\nUm die Warnung zu optimieren, spielt die R\u00fcckmeldung der Bev\u00f6lkerung als Empf\u00e4nger der Warnmeldungen eine wichtige Rolle. Aus diesem Grund wird die Bev\u00f6lkerung am bundesweiten Warntag und in den darauffolgenden Tagen gebeten, ihre Erfahrungen im Zuge einer Umfrage mit dem Bundesamt f\u00fcr Bev\u00f6lkerungsschutz und Katastrophenhilfe (BBK) zu teilen. Die M\u00f6glichkeit zum Feedback wird es zur genannten Zeit auf der Website <a href=\"http:\/\/www.warnung-der-bevoelkerung.de\">www.warnung-der-bevoelkerung.de<\/a>, in der Warn-App &#8222;NINA&#8220; auf der Unterseite zum bundesweiten Warntag auf <a href=\"http:\/\/www.bbk.bund.de\">www.bbk.bund.de<\/a> sowie auf den Social Media-Kan\u00e4len des BBK geben. N\u00e4here Informationen erhalten Nutzende ebenfalls online unter <a href=\"http:\/\/www.warnung-der-bevoelkerung.de\">www.warnung-der-bevoelkerung.de<\/a>.<\/p>\n<p>* pm: Landkreis Marburg-Biedenkopf<\/p>\n","protected":false},"excerpt":{"rendered":"<p>Ein bundesweiter Warntag findet am Donnerstag (14. September) statt. Dabei werden M\u00f6glichkeiten zur Warnung der Bev\u00f6lkerung erprobt.<\/p>\n","protected":false},"author":2,"featured_media":0,"comment_status":"closed","ping_status":"open","sticky":false,"template":"","format":"standard","meta":{"advanced_seo_description":"","spay_email":"","jetpack_publicize_message":"","jetpack_is_tweetstorm":false,"jetpack_publicize_feature_enabled":true},"categories":[2,4],"tags":[160,1157,4610],"jetpack_featured_media_url":"","jetpack_publicize_connections":[],"jetpack_sharing_enabled":true,"jetpack_shortlink":"https:\/\/wp.me\/p8mhvd-3Ao","jetpack-related-posts":[{"id":18656,"url":"http:\/\/marburg.news\/?p=18656","url_meta":{"origin":13788,"position":0},"title":"Zur Warnung: Bundesweiter Probealarm am 11. September","date":"5. September 2025","format":false,"excerpt":"Ein bundesweiter Warntag ist f\u00fcr Donnerstag (11. September) geplant. Dabei werden M\u00f6glichkeiten zur Warnung der Bev\u00f6lkerung erprobt. Der mittlerweile f\u00fcnfte bundesweite Warntag findet am Donnerstag (11. September) statt. Bei diesem Aktionstag von Bund, L\u00e4ndern und Kommunen werden die unterschiedlichen Mittel zur Warnung der Bev\u00f6lkerung erprobt. Ab 11 Uhr kommt es\u2026","rel":"","context":"In &quot;Politik&quot;","img":{"alt_text":"","src":"","width":0,"height":0},"classes":[]},{"id":16305,"url":"http:\/\/marburg.news\/?p=16305","url_meta":{"origin":13788,"position":1},"title":"Katastrophenalarm aus Kassel: Vierter bundesweiter Warntag am 12. September","date":"11. September 2024","format":false,"excerpt":"Der bundesweite Warntag am Donnerstag (12. September) ist eine Probe f\u00fcr den Ernstfall. Dabei werden M\u00f6glichkeiten zur Warnung der Bev\u00f6lkerung getestet. Der vierte bundesweite Warntag findet am Donnerstag (12. September) statt. Bei diesem Aktionstag von Bund, L\u00e4ndern und Kommunen werden die unterschiedlichen Mittel zur Warnung der Bev\u00f6lkerung erprobt. Ab 11\u2026","rel":"","context":"In &quot;Politik&quot;","img":{"alt_text":"","src":"","width":0,"height":0},"classes":[]},{"id":11361,"url":"http:\/\/marburg.news\/?p=11361","url_meta":{"origin":13788,"position":2},"title":"Landkreis informiert: Bundesweiter Warntag am 8. Dezember","date":"4. Dezember 2022","format":false,"excerpt":"Ein bundesweiter Warntag findet am Donnerstag (8. Dezember) statt. dabei werden M\u00f6glichkeiten zur Warnung der Bev\u00f6lkerung erprobt. Am Donnerstag (8 Dezember) findet der 2. bundesweite Warntag statt. Bei diesem Aktionstag von Bund, L\u00e4ndern und Kommunen werden die unterschiedlichen Mittel zur Warnung der Bev\u00f6lkerung erprobt. Ab 11 Uhr erfolgt an diesem\u2026","rel":"","context":"In &quot;Politik&quot;","img":{"alt_text":"","src":"","width":0,"height":0},"classes":[]},{"id":16275,"url":"http:\/\/marburg.news\/?p=16275","url_meta":{"origin":13788,"position":3},"title":"Zeichen auf Alarm: Bundesweiter Warntag am 12. September","date":"9. September 2024","format":false,"excerpt":"Ein bundesweiter Warntag findet am Donnerstag (12. September) statt. Darauf hat die Stadt am Montag (9. September) hingewiesen. In ganz Deutschland wird beim bundesweiten Warntag am Donnerstag (12. September) \u00fcber das Bundesamt f\u00fcr Bev\u00f6lkerungsschutz und Katastrophenhilfe (BBK) um 11 Uhr ein Test der Warninfrastruktur durchgef\u00fchrt. Dabei werden die Schnittstellen zwischen\u2026","rel":"","context":"In &quot;Politik&quot;","img":{"alt_text":"","src":"","width":0,"height":0},"classes":[]},{"id":17610,"url":"http:\/\/marburg.news\/?p=17610","url_meta":{"origin":13788,"position":4},"title":"Einmal im Jahr: Landesweiter Warntag am 13. M\u00e4rz","date":"4. M\u00e4rz 2025","format":false,"excerpt":"Ein landesweiter Warntag findet am Donnerstag (13. M\u00e4rz) statt. Das hat die Stadt Marburg am Dienstag (4. M\u00e4rz) angek\u00fcndigt. Die Sirenen in den Ortsteilen und die Warn-Funktionen und Warn-Apps auf Mobiltelefonen werden am Donnerstag (13. M\u00e4rz) landesweit ausgel\u00f6st. Der hessenweite Probealarm startet um 10:15 Uhr. Ziel ist dabei, die technische\u2026","rel":"","context":"In &quot;Soziales&quot;","img":{"alt_text":"","src":"","width":0,"height":0},"classes":[]},{"id":13824,"url":"http:\/\/marburg.news\/?p=13824","url_meta":{"origin":13788,"position":5},"title":"Landesweit und Lautst\u00e4rke: Bundesweiter Warntag am 14. September","date":"13. September 2023","format":false,"excerpt":"Informationen zum bundesweiten Warntag am Donnerstag (14. September) hat die Stadt Marburg ver\u00f6ffentlicht. Die Bev\u00f6lkerung soll mehr \u00fcber m\u00f6gliche Warnwege erfahren. Zum bundesweiten Warntag am Donnerstag (14. September) um 11 Uhr wird in ganz Deutschland \u00fcber das Bundesamt f\u00fcr Bev\u00f6lkerungsschutz und Katastrophenschutz (BBK) ein Test der Warninfrastruktur durchgef\u00fchrt. Dabei werden\u2026","rel":"","context":"In &quot;Soziales&quot;","img":{"alt_text":"","src":"","width":0,"height":0},"classes":[]}],"_links":{"self":[{"href":"http:\/\/marburg.news\/index.php?rest_route=\/wp\/v2\/posts\/13788"}],"collection":[{"href":"http:\/\/marburg.news\/index.php?rest_route=\/wp\/v2\/posts"}],"about":[{"href":"http:\/\/marburg.news\/index.php?rest_route=\/wp\/v2\/types\/post"}],"author":[{"embeddable":true,"href":"http:\/\/marburg.news\/index.php?rest_route=\/wp\/v2\/users\/2"}],"replies":[{"embeddable":true,"href":"http:\/\/marburg.news\/index.php?rest_route=%2Fwp%2Fv2%2Fcomments&post=13788"}],"version-history":[{"count":0,"href":"http:\/\/marburg.news\/index.php?rest_route=\/wp\/v2\/posts\/13788\/revisions"}],"wp:attachment":[{"href":"http:\/\/marburg.news\/index.php?rest_route=%2Fwp%2Fv2%2Fmedia&parent=13788"}],"wp:term":[{"taxonomy":"category","embeddable":true,"href":"http:\/\/marburg.news\/index.php?rest_route=%2Fwp%2Fv2%2Fcategories&post=13788"},{"taxonomy":"post_tag","embeddable":true,"href":"http:\/\/marburg.news\/index.php?rest_route=%2Fwp%2Fv2%2Ftags&post=13788"}],"curies":[{"name":"wp","href":"https:\/\/api.w.org\/{rel}","templated":true}]}}