{"id":13767,"date":"2023-09-04T14:13:38","date_gmt":"2023-09-04T12:13:38","guid":{"rendered":"http:\/\/marburg.news\/?p=13767"},"modified":"2023-09-04T14:13:38","modified_gmt":"2023-09-04T12:13:38","slug":"auf-die-beute-dieb-in-vw-bus-eingedrungen","status":"publish","type":"post","link":"http:\/\/marburg.news\/?p=13767","title":{"rendered":"Auf die Beute: Dieb in VW Bus eingedrungen"},"content":{"rendered":"<p>Auf Beute aus einem grauen VW Bus hatte es ein Dieb auf dem Parkplatz eines Spielwarengesch\u00e4fts an der Aff\u00f6llerstra\u00dfe abgesehen. Am Freitag (1. September) gegen 17.30 Uhr kehrte der Besitzer zu seinem geparkten &#8222;Bulli&#8220; zur\u00fcck. <!--more--><br \/>\nDarin \u00fcberraschte er einen Unbekannten. Dieser Mann hatte sich auf bisher nicht bekannte Weise Zugang zu dem VW-Bus verschafft und bereits das Handschuhfach und einen Rucksack durchsucht. Der ertappte Dieb gab Fersengeld in Richtung des Messeplatzes. Offensichtlich machte er keine Beute.<br \/>\nDer T\u00e4ter war etwa 50 Jahre alt, ungef\u00e4hr 1,70 Meter gro\u00df und sprach Russisch. Er hatte einen l\u00e4ngeren dunkel und graumelierten Bart und war dunkel gekleidet. Er trug eine Bauchtasche und hatte Airpods in den Ohren.<\/p>\n<p>* pm: Polizei Marburg<\/p>\n","protected":false},"excerpt":{"rendered":"<p>Auf Beute aus einem grauen VW Bus hatte es ein Dieb auf dem Parkplatz eines Spielwarengesch\u00e4fts an der Aff\u00f6llerstra\u00dfe abgesehen. Am Freitag (1. September) gegen 17.30 Uhr kehrte der Besitzer zu seinem geparkten &#8222;Bulli&#8220; zur\u00fcck.<\/p>\n","protected":false},"author":2,"featured_media":0,"comment_status":"closed","ping_status":"open","sticky":false,"template":"","format":"standard","meta":{"advanced_seo_description":"","spay_email":"","jetpack_publicize_message":"","jetpack_is_tweetstorm":false,"jetpack_publicize_feature_enabled":true},"categories":[6],"tags":[29,16,1698],"jetpack_featured_media_url":"","jetpack_publicize_connections":[],"jetpack_sharing_enabled":true,"jetpack_shortlink":"https:\/\/wp.me\/p8mhvd-3A3","jetpack-related-posts":[{"id":582,"url":"http:\/\/marburg.news\/?p=582","url_meta":{"origin":13767,"position":0},"title":"21 Zoll Rad: Drahtesel von Zaun und Geldb\u00f6rse aus Rucksack gestohlen","date":"8. Juni 2017","format":false,"excerpt":"Nach einem Diebstahl kann ein Student seit Montag (5. Juni) nicht mehr auf sein Fahrrad zur\u00fcckgreifen. Er hatte es am Freitag (2. Juni) gegen 21 Uhr am Rotenberg abgestellt. Das Bike hatte er mit einem Spiralkabel an einen Grundst\u00fcckszaun angeschlossen. Vom Rad und vom Schloss fehlt seit Montag jede Spur.\u2026","rel":"","context":"In &quot;Sonstiges&quot;","img":{"alt_text":"","src":"","width":0,"height":0},"classes":[]},{"id":13640,"url":"http:\/\/marburg.news\/?p=13640","url_meta":{"origin":13767,"position":1},"title":"Leicht erwischt: Dieb im Wiesenweg ertappt","date":"16. August 2023","format":false,"excerpt":"Von der Alarmanlage seines Autos wurde ein Mann in Ockershausen am Dienstag (15. August) in der Nacht geweckt. Nachdem er sie ausgeschaltet hatte, bemerkte er den verantwortlichen Dieb in einem zweiten Fahrzeug. Der Zeuge rannte gegen 3:55 Uhr aus seiner Wohnung und zerrte den unbekannten Mann aus dem Auto. Mit\u2026","rel":"","context":"In &quot;Sonstiges&quot;","img":{"alt_text":"","src":"","width":0,"height":0},"classes":[]},{"id":2757,"url":"http:\/\/marburg.news\/?p=2757","url_meta":{"origin":13767,"position":2},"title":"Auf Stra\u00dfen: Betrunkene Fahrer in VW Bus und auf Roller","date":"26. Oktober 2018","format":false,"excerpt":"Als die Polizei am Donnerstag (25. Oktober) gegen 22.30 Uhr am Unfallort auf der Kreisstra\u00dfe 71 eintraf, fand sie nur einen v\u00f6llig demolierten VW Bus. Vom Fahrer fehlte jede Spur. Der VW Bus hatte sich offenbar auf der Stra\u00dfe zwischen Elnhausen und Hermershausen \u00fcberschlagen. An dem Auto entstand ein Totalschaden\u2026","rel":"","context":"In &quot;Sonstiges&quot;","img":{"alt_text":"","src":"","width":0,"height":0},"classes":[]},{"id":16032,"url":"http:\/\/marburg.news\/?p=16032","url_meta":{"origin":13767,"position":3},"title":"Gleichartig: Scheibe eingeschlagen und Auto durchw\u00fchlt","date":"24. Juli 2024","format":false,"excerpt":"Die Polizei sucht Zeugen, denen das Einschlagen einer Scheibe eines roten VW Polo \"Auf dem Wehr\" aufgefallen ist. Die Unbekannten schlugen dort zwischen Dienstag (23. Juli) nach 17 Uhr und Mittwoch (24. Juli) vor 6 Uhr zu. Im Anschluss durchsuchten sie das Auto. Offenbar fanden sie dabei nichts Brauchbares und\u2026","rel":"","context":"In &quot;Sonstiges&quot;","img":{"alt_text":"","src":"","width":0,"height":0},"classes":[]},{"id":2086,"url":"http:\/\/marburg.news\/?p=2086","url_meta":{"origin":13767,"position":4},"title":"Total fatal: Randalierer und fl\u00fcchtige Autofahrer","date":"9. April 2018","format":false,"excerpt":"Ein Unbekannter stie\u00df am Samstag (7. April) mit seinem Wagen gegen einen geparkten grauen Mazda. Der Besitzer hatte das Auto f\u00fcr einen kurzen Einkauf abgestellt. Der Unfall passierte zwischen 9.15 und 9.45 Uhr auf dem Parkplatz des Staatlichen Schulamtes in der Robert-Koch-Stra\u00dfe. W\u00e4hrend dieser Zeit fuhr ein Unbekannter hinten links\u2026","rel":"","context":"In &quot;Sonstiges&quot;","img":{"alt_text":"","src":"","width":0,"height":0},"classes":[]},{"id":6372,"url":"http:\/\/marburg.news\/?p=6372","url_meta":{"origin":13767,"position":5},"title":"Einheitlich gescheitert: Einbrecher und Dieb blieben ohne Beute","date":"20. Januar 2021","format":false,"excerpt":"Ein Unbekannter schlich sich in der Nacht zum Dienstag (19. Januar) in ein Mehrfamilienhaus am Marbacher Weg. Dort hebelte er zwischen 23.45 und 1.30 Uhr die T\u00fcr zu einer Wohnung auf. Dabei verursachte er einen Schaden von 100 Euro. Beute machte der Verd\u00e4chtige allerdings nicht. Die Seitenscheibe eines Daimler-Benz schlug\u2026","rel":"","context":"In &quot;Sonstiges&quot;","img":{"alt_text":"","src":"","width":0,"height":0},"classes":[]}],"_links":{"self":[{"href":"http:\/\/marburg.news\/index.php?rest_route=\/wp\/v2\/posts\/13767"}],"collection":[{"href":"http:\/\/marburg.news\/index.php?rest_route=\/wp\/v2\/posts"}],"about":[{"href":"http:\/\/marburg.news\/index.php?rest_route=\/wp\/v2\/types\/post"}],"author":[{"embeddable":true,"href":"http:\/\/marburg.news\/index.php?rest_route=\/wp\/v2\/users\/2"}],"replies":[{"embeddable":true,"href":"http:\/\/marburg.news\/index.php?rest_route=%2Fwp%2Fv2%2Fcomments&post=13767"}],"version-history":[{"count":0,"href":"http:\/\/marburg.news\/index.php?rest_route=\/wp\/v2\/posts\/13767\/revisions"}],"wp:attachment":[{"href":"http:\/\/marburg.news\/index.php?rest_route=%2Fwp%2Fv2%2Fmedia&parent=13767"}],"wp:term":[{"taxonomy":"category","embeddable":true,"href":"http:\/\/marburg.news\/index.php?rest_route=%2Fwp%2Fv2%2Fcategories&post=13767"},{"taxonomy":"post_tag","embeddable":true,"href":"http:\/\/marburg.news\/index.php?rest_route=%2Fwp%2Fv2%2Ftags&post=13767"}],"curies":[{"name":"wp","href":"https:\/\/api.w.org\/{rel}","templated":true}]}}