{"id":13725,"date":"2023-08-28T13:28:19","date_gmt":"2023-08-28T11:28:19","guid":{"rendered":"http:\/\/marburg.news\/?p=13725"},"modified":"2023-08-28T13:28:19","modified_gmt":"2023-08-28T11:28:19","slug":"anstand-zeigen-unfallflucht-in-parkhaus-beim-klinikum","status":"publish","type":"post","link":"http:\/\/marburg.news\/?p=13725","title":{"rendered":"Anstand zeigen: Unfallflucht in Parkhaus beim Klinikum"},"content":{"rendered":"<p>Eine Unfallflucht erfolgte am Samstag (26. August) beim Klinikum. Nach dem Unfall gab es keinen Hinweis an der Scheibe, kein Ausrufen im Krankenhaus und keine Meldung bei der Polizei. <!--more--><br \/>\nBei dem Unfall war ein leichter Schaden an der Hecksto\u00dfstange entstanden. Der betroffene schwarze BMW der 3er Reihe mit Gie\u00dfener Kennzeichen parkte zur Unfallzeit am Samstag (26. August) vorw\u00e4rts abgestellt auf einem der Stellpl\u00e4tze des Parkplatzes &#8222;P7&#8220; der Universit\u00e4tsklinik an der Baldingerstra\u00dfe. Derzeit gibt es weder Hinweise zum verursachenden Fahrzeug, noch zum Unfallhergang. Wer hat am Samstag zwischen 13.10 und 19.40 Uhr auf dem Parkplatz &#8222;P7&#8220; ein Fahrman\u00f6ver beobachtet, bei dem es zur Kollision mit dem schwarzen BMW gekommen sein k\u00f6nnte?<\/p>\n<p>* pm: Polizei Marburg<\/p>\n","protected":false},"excerpt":{"rendered":"<p>Eine Unfallflucht erfolgte am Samstag (26. August) beim Klinikum. Nach dem Unfall gab es keinen Hinweis an der Scheibe, kein Ausrufen im Krankenhaus und keine Meldung bei der Polizei.<\/p>\n","protected":false},"author":2,"featured_media":0,"comment_status":"closed","ping_status":"open","sticky":false,"template":"","format":"standard","meta":{"advanced_seo_description":"","spay_email":"","jetpack_publicize_message":"","jetpack_is_tweetstorm":false,"jetpack_publicize_feature_enabled":true},"categories":[6],"tags":[809,16,34],"jetpack_featured_media_url":"","jetpack_publicize_connections":[],"jetpack_sharing_enabled":true,"jetpack_shortlink":"https:\/\/wp.me\/p8mhvd-3zn","jetpack-related-posts":[{"id":9798,"url":"http:\/\/marburg.news\/?p=9798","url_meta":{"origin":13725,"position":0},"title":"Fahrer f\u00fcr Flucht: Sch\u00e4den an drei geparkten Autos","date":"7. Juni 2022","format":false,"excerpt":"Unfallflucht beging ein Unbekannter auf dem Parkplatz P3 des Universit\u00e4tsklinikums an der Baldingerstra\u00dfe. Der Unfall passierte am Freitag (3. Juni) zwischen 10 und 12.30 Uhr. An einem grauen Seat Leon mit Marburger Kennzeichen entstand hinten links am Kotfl\u00fcgel ein vierstelliger Sachschaden. Bislang gibt es keine Hinweise auf das verursachende Fahrzeug.\u2026","rel":"","context":"In &quot;Sonstiges&quot;","img":{"alt_text":"","src":"","width":0,"height":0},"classes":[]},{"id":1310,"url":"http:\/\/marburg.news\/?p=1310","url_meta":{"origin":13725,"position":1},"title":"Zweimal Unfallflucht: Autos fuhren gegen Leitplanke und Baum","date":"13. November 2017","format":false,"excerpt":"Nach einem Unfall am Samstag (11. November) ermittelt die Polizei gegen einen 35 Jahre alten Mann. Wie Zeugen berichteten, fuhr der zun\u00e4chst unbekannte Fahrer eines dunklen BMW auf der Panoramastra\u00dfe in Richtung Klinikum. Bei einen \u00dcberholman\u00f6ver in einer Rechtskurve verlor er gegen 19 Uhr die Kontrolle \u00fcber den Wagen und\u2026","rel":"","context":"In &quot;Sonstiges&quot;","img":{"alt_text":"","src":"","width":0,"height":0},"classes":[]},{"id":19827,"url":"http:\/\/marburg.news\/?p=19827","url_meta":{"origin":13725,"position":2},"title":"Unfallflucht: Verursacher meldete Schaden beim Klinikum nicht","date":"2. April 2026","format":false,"excerpt":"Ein parkender Audi wurde am Mittwoch (1. April) vor dem Klinikum touchiert. Der Verursacher meldete den Unfall nicht. Beim Ein- oder Ausparken touchierte ein bislang unbekannter Autofahrer beim Universit\u00e4tsklinikum einen grauen Audi A4 Kombi. Die Unfallflucht erfolgte zwischen 18.30 und 19.30 Uhr auf der Parkfl\u00e4che an der Zufahrt zum Notfallbereich.\u2026","rel":"","context":"In &quot;Sonstiges&quot;","img":{"alt_text":"","src":"","width":0,"height":0},"classes":[]},{"id":4155,"url":"http:\/\/marburg.news\/?p=4155","url_meta":{"origin":13725,"position":3},"title":"Noch einmal Unfallflucht: Parkender Golf vor Klinikum besch\u00e4digt","date":"3. September 2019","format":false,"excerpt":"Mit einem grauen VW Golf kollidierte ein unbekanntes Auto am Dienstag (3. September) vor dem Klinikum. Den Spuren nach passierte der Unfall bei einem Ein- oder Ausparkman\u00f6ver. Der Golf stand mit Blickrichtung auf den Haupteingang des Universit\u00e4tsklinikums auf einem der Parkpl\u00e4tze auf der rechten Seite an der Baldingerstra\u00dfe. Hinten links\u2026","rel":"","context":"In &quot;Sonstiges&quot;","img":{"alt_text":"","src":"","width":0,"height":0},"classes":[]},{"id":17443,"url":"http:\/\/marburg.news\/?p=17443","url_meta":{"origin":13725,"position":4},"title":"Am Klinikum: Unfallflucht auf Parkdeck an der Baldingerstra\u00dfe","date":"4. Februar 2025","format":false,"excerpt":"Zu einer Unfallflucht kam es am Mittwoch (29. Januar) auf dem Parkdeck 4 des Universit\u00e4tsklinikums an der Baldingerstra\u00dfe. Ein blauer Daihatsu Sirion parkte zwischen 08:30 Uhr und 13:00 Uhr r\u00fcckw\u00e4rts auf der eingezeichneten Parkfl\u00e4che. Vermutlich beim Ein- oder Ausparken touchierte ein anderes Fahrzeug die Fahrerseite des Daihatsu. Die Polizei geht\u2026","rel":"","context":"In &quot;Sonstiges&quot;","img":{"alt_text":"","src":"","width":0,"height":0},"classes":[]},{"id":2053,"url":"http:\/\/marburg.news\/?p=2053","url_meta":{"origin":13725,"position":5},"title":"Anonym abgefahren: Unfallflucht am Klinikum und im Pilgrimstein","date":"4. April 2018","format":false,"excerpt":"Ein schwarzer VW Polo wurde auf einem Parkplatz am Universit\u00e4tsklinikum besch\u00e4digt. Der Wagen trug ein Autokennzeichen des Schwalm-Eder-Kreises mit dem K\u00fcrzel \"HR\". Das Auto war vorw\u00e4rts auf einem der Stellpl\u00e4tze des Parkplatzes\u00a0 P 7 vor dem Haupteingang des Klinikums an der Baldingerstra\u00dfe abgestellt. Vermutlich durch unachtsames \u00d6ffnen einer T\u00fcr des\u2026","rel":"","context":"In &quot;Sonstiges&quot;","img":{"alt_text":"","src":"","width":0,"height":0},"classes":[]}],"_links":{"self":[{"href":"http:\/\/marburg.news\/index.php?rest_route=\/wp\/v2\/posts\/13725"}],"collection":[{"href":"http:\/\/marburg.news\/index.php?rest_route=\/wp\/v2\/posts"}],"about":[{"href":"http:\/\/marburg.news\/index.php?rest_route=\/wp\/v2\/types\/post"}],"author":[{"embeddable":true,"href":"http:\/\/marburg.news\/index.php?rest_route=\/wp\/v2\/users\/2"}],"replies":[{"embeddable":true,"href":"http:\/\/marburg.news\/index.php?rest_route=%2Fwp%2Fv2%2Fcomments&post=13725"}],"version-history":[{"count":0,"href":"http:\/\/marburg.news\/index.php?rest_route=\/wp\/v2\/posts\/13725\/revisions"}],"wp:attachment":[{"href":"http:\/\/marburg.news\/index.php?rest_route=%2Fwp%2Fv2%2Fmedia&parent=13725"}],"wp:term":[{"taxonomy":"category","embeddable":true,"href":"http:\/\/marburg.news\/index.php?rest_route=%2Fwp%2Fv2%2Fcategories&post=13725"},{"taxonomy":"post_tag","embeddable":true,"href":"http:\/\/marburg.news\/index.php?rest_route=%2Fwp%2Fv2%2Ftags&post=13725"}],"curies":[{"name":"wp","href":"https:\/\/api.w.org\/{rel}","templated":true}]}}