{"id":13632,"date":"2023-08-15T21:02:00","date_gmt":"2023-08-15T19:02:00","guid":{"rendered":"http:\/\/marburg.news\/?p=13632"},"modified":"2023-08-17T10:40:57","modified_gmt":"2023-08-17T08:40:57","slug":"gejodelt-einblicke-in-marburger-sommerakademie","status":"publish","type":"post","link":"http:\/\/marburg.news\/?p=13632","title":{"rendered":"Gejodelt: Einblicke in Marburger Sommerakademie"},"content":{"rendered":"\n<p>Zum 46. Mal findet derzeit die Marburger Sommerakademie f\u00fcr darstellende und bildende Kunst statt. Es ist die \u00e4lteste Akademie ihrer Art in der Bundesrepublik.\u00a0<\/p>\n\n\n\n<!--more-->\n\n\n\n<p>Mehr als 300 Teilnehmer*innen besch\u00e4ftigen sich im Gymnasium Philippinum, in der Elisabethschule und in den Kaufm\u00e4nnischen Schulen drei Wochen lang mit Malerei, Bildhauerei, Drucktechniken, Erz\u00e4hlkunst, Tanz und erstmals auch mit dem Jodeln. Die Stadt Marburg erm\u00f6glicht au\u00dferdem f\u00fcnf Stipendiatinnen aus Poitiers und Eisenach, das umfangreiche Angebot wahrzunehmen.<\/p>\n\n\n\n<p>\u201eSeit 1977 ist die Marburger Sommerakademie fester Bestandteil des Kulturangebots der Stadt Marburg\u201c, sagte B\u00fcrgermeisterin Nadine Bernshausen. Zusammen mit den Stipendiatinnen unternahm sie einen Rundgang durch die Kursr\u00e4ume im Rahmen der \u201eSommerakademie transparent\u201c.&nbsp;<\/p>\n\n\n\n<p>\u201eDie Kurse bieten die M\u00f6glichkeit, neue Perspektiven einzunehmen, sich neu zu erfinden und Talente an sich zu entdecken, von denen man zuvor gar nichts wusste\u201c, so Bernshausen. Die B\u00fcrgermeisterin lobte das engagierte Organisationsteam um Akademieleiterin Britta Sprengel, das immer wieder neue Angebote erm\u00f6gliche.&nbsp;&nbsp;<\/p>\n\n\n\n<p>Seit 2005 vergibt die Universit\u00e4tsstadt Marburg f\u00fcr die dreiw\u00f6chige Teilnahme an der Sommerakademie zwei Stipendien an die franz\u00f6sische Partnerstadt Poitiers. In diesem Jahr waren bei der Jury der Stadt Poitiers so viele Bewerbungen eingegangen, dass die Einladung erstmals an vier Stipendiatinnen aus Poitiers ausgesprochen wurde.&nbsp;<\/p>\n\n\n\n<p>Erstmals wurde auch ein Stipendium an die Partnerstadt Eisenach vergeben. Denise Zilsdorf steht kurz vor ihrem Bachelor f\u00fcr Szenische K\u00fcnste in Hildesheim und macht aktuell ein FSJ in einem freien Theater in Eisenach. Sie hat sich f\u00fcr die Kurse \u201eTanz\u201c bei Tina Weiler, \u201eJodelt\u201c bei Markus Prieth sowie \u201eFreies Modellieren \u2013 Mensch und Natur\u201c bei Eva Naomi Watanabe entschieden. \u201eIch wollte aus dieser Zeit mitnehmen, so viel es geht\u201c, berichtete sie.<\/p>\n\n\n\n<p>Aus Poitiers sind Ma\u00eblle Ch\u00e2tel, Juliette Alexandre, Laura Waltsburger und Marlyn Simamora zu Gast. Sie alle studieren an der \u00c9cole Europ\u00e9enne Sup\u00e9rieure de l\u2019Image (EESI) in Poitiers oder haben das Studium gerade beendet. \u201eIch habe gerade mit Performance-Kunst angefangen\u201c, so Marlyn Simamora. Dass sie in Marburg Clownerie, Tanz und Gesang ausprobieren kann, helfe ihr sehr dabei, herauszufinden, welchen Weg sie k\u00fcnstlerisch gehen wolle.&nbsp;<\/p>\n\n\n\n<p>\u201eEs ist spannend, hier komplett neue Dinge auszuprobieren\u201c, sagte auch Juliette Alexandre. Es sei gro\u00dfartig, mit so vielen Menschen zusammenzukommen, die sich f\u00fcr die k\u00fcnstlerische Arbeit der Stipendiatinnen interessieren.&nbsp;&nbsp;&nbsp;<\/p>\n\n\n\n<p>Im Rahmen von \u201eSommerakademie transparent\u201c hatten Interessierte die M\u00f6glichkeit, in die Ateliers zu blicken und Eindr\u00fccke von den darstellenden K\u00fcnsten zu gewinnen. So erhielten sie beispielsweise Einblicke in die Kurse der beiden K\u00fcnstlerischen Leiterinnen Selina Senti und Ana Laibach. Senti zeigte Bewegungsimprovisationen aus ihrem \u201eClown\u201c-Kurs und Laibach pr\u00e4sentierte Arbeiten, die in ihrem Kurs \u201eBilder mit Titeln\u201c entstehen.&nbsp;<\/p>\n\n\n\n<p>Eckhard Froeschlin leitet beim \u201eBilderfinden auf Papier\u201c zum Freien Zeichnen, Malen und Montieren an. Mick Starke erforscht mit den Teilnehmer*innen R\u00e4ume in der Malerei und Ferenc Ficzek widmet sich der abstrakten Malerei. Um \u201eExperimentelles Drucken\u201c geht es bei Inessa Emmer und bei Eva Naomi Watanabe um \u201eFreies Modellieren \u2013 Mensch und Natur\u201c.<\/p>\n\n\n\n<p>Auf besondere Begeisterung stie\u00df bei \u201eSommerakademie transparent\u201c das Stimmenspiel bei der Jodelvorf\u00fchrung des Kurses von Markus Prieth. Nicht nur, dass die Kursteilnehmer*innen das Publikum mitnahmen auf eine Reise in die Welt des lauten und leisen Jodelns. Die Besucher wurden von Kursleiter Prieth so mitgerissen, dass alle gemeinsam jodelten.<\/p>\n\n\n\n<p>* pm: Stadt Marburg<\/p>\n","protected":false},"excerpt":{"rendered":"<p>Zum 46. Mal findet derzeit die Marburger Sommerakademie f\u00fcr darstellende und bildende Kunst statt. Es ist die \u00e4lteste Akademie ihrer Art in der Bundesrepublik.\u00a0<\/p>\n","protected":false},"author":15,"featured_media":0,"comment_status":"closed","ping_status":"open","sticky":false,"template":"","format":"standard","meta":{"advanced_seo_description":"","spay_email":"","jetpack_publicize_message":"","jetpack_is_tweetstorm":false,"jetpack_publicize_feature_enabled":true},"categories":[3],"tags":[5338,2141,564],"jetpack_featured_media_url":"","jetpack_publicize_connections":[],"jetpack_sharing_enabled":true,"jetpack_shortlink":"https:\/\/wp.me\/p8mhvd-3xS","jetpack-related-posts":[{"id":13520,"url":"http:\/\/marburg.news\/?p=13520","url_meta":{"origin":13632,"position":0},"title":"Sommerakademie transparent: Rundgang mit B\u00fcrgermeisterin Bernshausen","date":"5. August 2023","format":false,"excerpt":"Vom Jodeln bis zur Bildhauerei reicht das Programm der Marburger Sommerakademie. Die Stadt l\u00e4dt f\u00fcr Freitag (11. August) zu einem Rundgang \"Sommerakademie transparent\" ein. die Marburger Sommerakademie f\u00fcr darstellende und bildende Kunst findet in diesem Jahr zum 46. Mal statt. Die Sommerakademie ist die \u00e4lteste Akademie ihrer Art in der\u2026","rel":"","context":"In &quot;Bildung&quot;","img":{"alt_text":"","src":"","width":0,"height":0},"classes":[]},{"id":16108,"url":"http:\/\/marburg.news\/?p=16108","url_meta":{"origin":13632,"position":1},"title":"Bis bald: Spies besuchte Marburger Sommerakademie","date":"8. August 2024","format":false,"excerpt":"Stipendiaten aus Poitiers und Eisenach hat Oberb\u00fcrgermeister Dr. Thomas Spies am Donnerstag (2. August) zur Marburger Sommerakademie begr\u00fc\u00dft. Gleichzeitig besuchte er die Teilnehmenden. Zur 47. Marburger Sommerakademie hat die Stadt Marburg f\u00fcnf Stipendiatinnen und Stipendiaten aus Marburgs Partnerst\u00e4dten Eisenach und Poitiers eingeladen. Neben den 355 weiteren Teilnehmenden an insgesamt 31\u2026","rel":"","context":"In &quot;Kultur&quot;","img":{"alt_text":"","src":"","width":0,"height":0},"classes":[]},{"id":19652,"url":"http:\/\/marburg.news\/?p=19652","url_meta":{"origin":13632,"position":2},"title":"Jetzt anmelden: Marburger Sommerakademie vom 13. bis 31. Juli","date":"4. M\u00e4rz 2026","format":false,"excerpt":"Interessierte k\u00f6nnen sich jetzt anmelden f\u00fcr die Marburger Sommerakademie. Das hat die Stadt am Mittwoch (4. M\u00e4rz) vorgeschlagen. Die Vorbereitungen f\u00fcr die 49. Marburger Sommerakademie laufen auf Hochtouren: Vom 13. bis 31. Juli bieten 21 Dozent*innen insgesamt 26 ein- oder zweiw\u00f6chige Kurse an. Die Anmeldung ist ab sofort online m\u00f6glich.\u2026","rel":"","context":"In &quot;Bildung&quot;","img":{"alt_text":"","src":"","width":0,"height":0},"classes":[]},{"id":18412,"url":"http:\/\/marburg.news\/?p=18412","url_meta":{"origin":13632,"position":3},"title":"Kunstsinnig: 48. Marburger Sommerakademie mit buntem Begleitprogramm","date":"22. Juli 2025","format":false,"excerpt":"Die Marburger Sommerakademie bietet ein attraktives Begleitprogramm. Es gibt Kunst, Konzert und Einblick hinter die Kulissen bei der Sommerakademie 2025. Die 48. Marburger Sommerakademie ist gestartet. Bis Freitag (8. August) geht es in der Universit\u00e4tsstadt in verschiedenen Kursen rund um darstellende und bildende Kunst. W\u00e4hrend die Kurse ausgebucht sind, gibt\u2026","rel":"","context":"In &quot;Kultur&quot;","img":{"alt_text":"","src":"","width":0,"height":0},"classes":[]},{"id":12969,"url":"http:\/\/marburg.news\/?p=12969","url_meta":{"origin":13632,"position":4},"title":"Gro\u00dfes geplant: Die 46. Marburger Sommerakademie","date":"21. Juni 2023","format":false,"excerpt":"Jodelkl\u00e4nge, Rundg\u00e4nge, Geschichten und Zwischenr\u00e4ume bietet die Marburger Sommerakademie mit ihrem Begleitprogramm. Sie findet vom 31. Juli bis 18. August statt. Rund 300 Teilnehmende und Dozent*innen aus Deutschland, \u00d6sterreich, der Schweiz, Ungarn, Italien und Marburgs Partnerst\u00e4dten Poitiers und Eisenach nehmen an der 46. Marburger Sommerakademie f\u00fcr Darstellende und Bildende Kunst\u2026","rel":"","context":"In &quot;Bildung&quot;","img":{"alt_text":"","src":"","width":0,"height":0},"classes":[]},{"id":10381,"url":"http:\/\/marburg.news\/?p=10381","url_meta":{"origin":13632,"position":5},"title":"Austausch an Atelier: Rundgang \u00fcber die Sommerakademie","date":"16. August 2022","format":false,"excerpt":"Die Marburger Sommerakademie begr\u00fc\u00dft wieder G\u00e4ste aus Poitiers. Sie bietet Raum f\u00fcr Kreativit\u00e4t und Leidenschaft. Zum gro\u00dfen Stadtjubil\u00e4um \"Marburg800\" gibt es bei der Sommerakademie ebenfalls einen Geburtstag zu feiern: Zum 45. Mal findet die \u00e4lteste Sommerakademie Deutschlands in diesem Jahr statt. Seit dem 1. August sind insgesamt knapp 300 Teilnehmende\u2026","rel":"","context":"In &quot;Bildung&quot;","img":{"alt_text":"","src":"","width":0,"height":0},"classes":[]}],"_links":{"self":[{"href":"http:\/\/marburg.news\/index.php?rest_route=\/wp\/v2\/posts\/13632"}],"collection":[{"href":"http:\/\/marburg.news\/index.php?rest_route=\/wp\/v2\/posts"}],"about":[{"href":"http:\/\/marburg.news\/index.php?rest_route=\/wp\/v2\/types\/post"}],"author":[{"embeddable":true,"href":"http:\/\/marburg.news\/index.php?rest_route=\/wp\/v2\/users\/15"}],"replies":[{"embeddable":true,"href":"http:\/\/marburg.news\/index.php?rest_route=%2Fwp%2Fv2%2Fcomments&post=13632"}],"version-history":[{"count":1,"href":"http:\/\/marburg.news\/index.php?rest_route=\/wp\/v2\/posts\/13632\/revisions"}],"predecessor-version":[{"id":13633,"href":"http:\/\/marburg.news\/index.php?rest_route=\/wp\/v2\/posts\/13632\/revisions\/13633"}],"wp:attachment":[{"href":"http:\/\/marburg.news\/index.php?rest_route=%2Fwp%2Fv2%2Fmedia&parent=13632"}],"wp:term":[{"taxonomy":"category","embeddable":true,"href":"http:\/\/marburg.news\/index.php?rest_route=%2Fwp%2Fv2%2Fcategories&post=13632"},{"taxonomy":"post_tag","embeddable":true,"href":"http:\/\/marburg.news\/index.php?rest_route=%2Fwp%2Fv2%2Ftags&post=13632"}],"curies":[{"name":"wp","href":"https:\/\/api.w.org\/{rel}","templated":true}]}}