{"id":13271,"date":"2023-07-15T14:01:13","date_gmt":"2023-07-15T12:01:13","guid":{"rendered":"http:\/\/marburg.news\/?p=13271"},"modified":"2023-07-15T14:01:13","modified_gmt":"2023-07-15T12:01:13","slug":"kriegssommer-keine-militarisierung-der-gesellschaft","status":"publish","type":"post","link":"http:\/\/marburg.news\/?p=13271","title":{"rendered":"Kriegssommer: Keine Militarisierung der Gesellschaft"},"content":{"rendered":"<p>&#8222;Keine weitere Militarisierung der Gesellschaft&#8220; fordert das &#8222;Marburger B\u00fcndnis Nein zum Krieg!&#8220;. Damit reagierte es am Samstag (15. Juli) auf die Kreistagssitzung am Vortag. <!--more--><br \/>\nIn der Kreistagssitzung am Freitag (14. Juli) stand unter Punkt 7 das Thema &#8222;Militarisierung der Gesellschaft&#8220; auf der Tagesordnung. Anlass war ein Antrag von CDU und SPD zur &#8222;Kooperation von Bundeswehr mit Wirtschaft und Arbeitgebern zur St\u00e4rkung des Reservedienstes&#8220;. Die Fraktion DIE LINKE und der Einzelabgeordnete Dr. Frank Michler von &#8222;Weiterdenken Marburg&#8220; reichten <a href=\"http:\/\/marburg.news\/?p=13242\">jeweils einen Konkurrenzantrag<\/a> dazu ein.<br \/>\nDer Antrag der Fraktion &#8222;Die Linke&#8220; firmierte unter &#8222;Instrumente der zivilen Krisenpr\u00e4vention und Konfliktbearbeitung voranbringen: Keine St\u00e4rkung von Bundeswehr und Reserve&#8220;. Der Antrag von Weiterdenken hie\u00df: &#8222;Nein zur Militarisierung! Ja zur Sozialen Verteidigung!&#8220; Die Mitglieder der Fraktion DIE LINKE trugen w\u00e4hrend der Sitzung T-Shirts mit dem Aufdruck &#8222;Kein Werben f\u00fcr&#8217;s Sterben&#8220;.<br \/>\nDas &#8222;Marburger B\u00fcndnis Nein zum Krieg!&#8220; begr\u00fc\u00dft als antimilitaristische Initiative die Aktivit\u00e4ten im Kreistag, die sich gegen eine weitere Militarisierung der Gesellschaft wenden. Der Aufbau einer Heimatfront mit Heimatschutzregimentern, wie sie vom Hessischen Landkreistag bef\u00fcrwortet werden, sei das eigentliche Ziel der Initiative von SPD und CDU. Das B\u00fcndnis dankte den Akteuren, die die Themen nichtmilit\u00e4rische Konflikt- und Krisenbew\u00e4ltigung, Friedensf\u00f6rderung, \u00c4chtung von Streubomben und soziale Verteidigung auf die Tagesordnung des Kreistags gesetzt hatten.<br \/>\nMit Unverst\u00e4ndnis reagierte es auf das Abstimmungsverhalten von SPD und Gr\u00fcnen. Es gab keine einzige Stimme aus diesen Fraktionen f\u00fcr die Vorschl\u00e4ge zu gewaltfreien Konfliktl\u00f6sungen und dem Aufbau von Systemen kollektiver Sicherheit. &#8222;Willy Brandt und Petra Kelly werden sich im Grabe umdrehen&#8220;, erkl\u00e4rte B\u00fcndnis-Sprecher Hajo Zeller am Samstag (15. Juli) dazu.<\/p>\n<p>* pm: Marburger B\u00fcndnis &#8222;Nein zum Krieg!&#8220;<\/p>\n","protected":false},"excerpt":{"rendered":"<p>&#8222;Keine weitere Militarisierung der Gesellschaft&#8220; fordert das &#8222;Marburger B\u00fcndnis Nein zum Krieg!&#8220;. Damit reagierte es am Samstag (15. Juli) auf die Kreistagssitzung am Vortag.<\/p>\n","protected":false},"author":2,"featured_media":0,"comment_status":"closed","ping_status":"open","sticky":false,"template":"","format":"standard","meta":{"advanced_seo_description":"","spay_email":"","jetpack_publicize_message":"","jetpack_is_tweetstorm":false,"jetpack_publicize_feature_enabled":true},"categories":[2],"tags":[2864,169,739],"jetpack_featured_media_url":"","jetpack_publicize_connections":[],"jetpack_sharing_enabled":true,"jetpack_shortlink":"https:\/\/wp.me\/p8mhvd-3s3","jetpack-related-posts":[{"id":13242,"url":"http:\/\/marburg.news\/?p=13242","url_meta":{"origin":13271,"position":0},"title":"Marburger Milit\u00e4rn\u00e4chte: Kreistag debattiert \u00fcber Bundeswehr","date":"13. Juli 2023","format":false,"excerpt":"Der Kreistag debattiert am Freitag (14. Juli) \u00fcber Militarisierung. Der Landkreis solle verst\u00e4rkt mit der Bundeswehr zusammenarbeiten. In der Kreistagssitzung am Freitag (14. Juli) steht ein Antrag von SPD und CDU zur Diskussion. Die Koalitionsparteien wollen eine \"Kooperation von Bundeswehr mit Wirtschaft und Arbeitgebern zur St\u00e4rkung des Reservedienstes\" bef\u00f6rdern. Bereits\u2026","rel":"","context":"In &quot;Politik&quot;","img":{"alt_text":"","src":"","width":0,"height":0},"classes":[]},{"id":12294,"url":"http:\/\/marburg.news\/?p=12294","url_meta":{"origin":13271,"position":1},"title":"Krach schlagen: Linke ruft zu Osterspaziergang auf","date":"4. April 2023","format":false,"excerpt":"Kreistagsabgeordnete der Linken rufen auf zum Antimilitaristischen Osterspaziergang in Marburg. Beginnen soll er am Montag (10. April) um 11 Uhr beim Deserteursdenkmal. In der Ukraine, im Jemen, in Mali, in Kurdistan und in vielen weiteren Orten der Welt ist Krieg. Menschen sterben, m\u00fcssen fliehen oder werden zum Milit\u00e4rdienst gezwungen. \"Das\u2026","rel":"","context":"In &quot;Politik&quot;","img":{"alt_text":"","src":"","width":0,"height":0},"classes":[]},{"id":15651,"url":"http:\/\/marburg.news\/?p=15651","url_meta":{"origin":13271,"position":2},"title":"H\u00e4ssliches Hinterland: Linke mobilisiert nach G\u00f6nnern","date":"25. Mai 2024","format":false,"excerpt":"Die Linke Marburg-Biedenkopf ruft zur Anti-AfD-Demo am Donnerstag (30. Mai) in Angelburg-G\u00f6nnern auf. Das gab ihr Kreisvorstand am Samstag (25. Mai) in Marburg bekannt. \"Die Linke steht ein f\u00fcr eine demokratische Gesellschaft der Vielen, in der Solidarit\u00e4t keine leere Worth\u00fclse ist, sondern gelebt wird. Eine Gesellschaft, in der jeder Mensch\u2026","rel":"","context":"In &quot;Politik&quot;","img":{"alt_text":"","src":"","width":0,"height":0},"classes":[]},{"id":12694,"url":"http:\/\/marburg.news\/?p=12694","url_meta":{"origin":13271,"position":3},"title":"Gegen Bombendrohung: Antrag an Kreistag zu Zuckerfest","date":"30. Mai 2023","format":false,"excerpt":"Die LINKE begr\u00fc\u00dft den Antrag \"F\u00fcr ein friedliches Miteinander\" zur Kreistagssitzung am Freitag (2. Juni). Er verurteilt die Bombendrohung beim Zuckerfest. Der Kreisvorstand der Partei \"Die Linke\" begr\u00fc\u00dft den Antrag der Fraktion \"Die Linke im Kreistag Marburg-Biedenkopf\". Nachdem die Stadtverordnetenversammlung (StVV) bei ihrer Sitzung am Freitag (12. Mai) schon einem\u2026","rel":"","context":"In &quot;Politik&quot;","img":{"alt_text":"","src":"","width":0,"height":0},"classes":[]},{"id":18292,"url":"http:\/\/marburg.news\/?p=18292","url_meta":{"origin":13271,"position":4},"title":"Abgelehnt: Bundeswehrbesuch in Sophie-von-Brabant-Schule","date":"1. Juli 2025","format":false,"excerpt":"\"Bundeswehr raus aus den Schulen\", fordert Die Linke Marburg-Biedenkopf. Sie kritisiert den Besuch von Karrriereberatern der Bundeswehr an der Sophie-von-Brabant-Schule am Mittwoch (2. Juli). \"Junge Menschen sollten nicht auf ein Sterben und T\u00f6ten in Schlachtfeldern vorbereitet werden, sondern m\u00fcssen mit ihren Sorgen und N\u00f6ten Ernst genommen werden\", erkl\u00e4rte der Linken-Kreisvorsitzende\u2026","rel":"","context":"In &quot;Bildung&quot;","img":{"alt_text":"","src":"","width":0,"height":0},"classes":[]},{"id":14764,"url":"http:\/\/marburg.news\/?p=14764","url_meta":{"origin":13271,"position":5},"title":"Nicht der Landtag: Die Linke macht au\u00dferparlamentarisch Druck","date":"16. Januar 2024","format":false,"excerpt":"Die Linke in Hessen macht ab jetzt au\u00dferparlamentarisch Druck. Sie m\u00f6chte dem bedrohlichen Rechtsruck und einer Politik des Sozialabbaus solidarische Alternativen entgegenstellen. Als Ergebnis der Landtagswahl vom 8. Oktober 2023 wird in der 21. Legislaturperiode des Hessischen Landtags Die Linke nicht mehr vertreten sein. Zwei Tage vor Beginn der konstituierenden\u2026","rel":"","context":"In &quot;Politik&quot;","img":{"alt_text":"","src":"","width":0,"height":0},"classes":[]}],"_links":{"self":[{"href":"http:\/\/marburg.news\/index.php?rest_route=\/wp\/v2\/posts\/13271"}],"collection":[{"href":"http:\/\/marburg.news\/index.php?rest_route=\/wp\/v2\/posts"}],"about":[{"href":"http:\/\/marburg.news\/index.php?rest_route=\/wp\/v2\/types\/post"}],"author":[{"embeddable":true,"href":"http:\/\/marburg.news\/index.php?rest_route=\/wp\/v2\/users\/2"}],"replies":[{"embeddable":true,"href":"http:\/\/marburg.news\/index.php?rest_route=%2Fwp%2Fv2%2Fcomments&post=13271"}],"version-history":[{"count":0,"href":"http:\/\/marburg.news\/index.php?rest_route=\/wp\/v2\/posts\/13271\/revisions"}],"wp:attachment":[{"href":"http:\/\/marburg.news\/index.php?rest_route=%2Fwp%2Fv2%2Fmedia&parent=13271"}],"wp:term":[{"taxonomy":"category","embeddable":true,"href":"http:\/\/marburg.news\/index.php?rest_route=%2Fwp%2Fv2%2Fcategories&post=13271"},{"taxonomy":"post_tag","embeddable":true,"href":"http:\/\/marburg.news\/index.php?rest_route=%2Fwp%2Fv2%2Ftags&post=13271"}],"curies":[{"name":"wp","href":"https:\/\/api.w.org\/{rel}","templated":true}]}}