{"id":13231,"date":"2023-07-12T16:04:36","date_gmt":"2023-07-12T14:04:36","guid":{"rendered":"http:\/\/marburg.news\/?p=13231"},"modified":"2023-07-12T16:04:36","modified_gmt":"2023-07-12T14:04:36","slug":"aktualisierung-an-rechter-stelle-fotos-zu-moischt-im-nationalsozialismus-gesucht","status":"publish","type":"post","link":"http:\/\/marburg.news\/?p=13231","title":{"rendered":"Aktualisierung an rechter Stelle: Fotos zu Moischt im Nationalsozialismus gesucht"},"content":{"rendered":"<p>Historische Fotos f\u00fcr &#8222;Das Dorf Moischt im Nationalsozialismus&#8220; sucht die Geschichtswerkstatt Ben\u00f6tigt werden sie zur Bebilderung einer geplanten Stadtschrift. <!--more--><br \/>\nF\u00fcr eine Marburger Stadtschrift \u00fcber &#8222;Das Dorf Moischt im Nationalsozialismus&#8220; werden noch Fotoaufnahmen aus der Zeit von Ende der 1920er Jahre bis Ende der 1940er Jahre gesucht. Darunter sollten Portr\u00e4ts der damals in Moischt auf Dorfebene politisch Aktiven &#8211; insbesondere der B\u00fcrgermeister &#8211; sein.<br \/>\nWillkommen w\u00e4ren jedoch auch Fotoaufnahmen von anderen Personen dieser Zeit und von Geschehnissen dieser Jahre, in denen sich die damalige Lebenswelt in Moischt widerspiegelt. Recherchiert wird f\u00fcr die Publikation der Universit\u00e4tsstadt Marburg von Ehrenamtlichen aus dem Stadtteil mit fachlicher Unterst\u00fctzung von Autor und Historiker Klaus-Peter Friedrich.<br \/>\nF\u00fcr eingereichte Fotos m\u00fcssen die Urheberrechte bei den Einsendenden liegen und die Einwilligung f\u00fcr eine Ver\u00f6ffentlichung vorliegen. Der Band in der Schriftenreihe zur Marburger Geschichte und Kultur soll bis Anfang 2024 erscheinen. Um Mithilfe durch die Einsendung von historischen Fotos wird jedoch dringlich und bis sp\u00e4testens August per Mail an geschichtswerkstatt-marburg@web.de oder publikationen@marburg-stadt.de gebeten.<\/p>\n<p>* pm: Stadt Marburg<\/p>\n","protected":false},"excerpt":{"rendered":"<p>Historische Fotos f\u00fcr &#8222;Das Dorf Moischt im Nationalsozialismus&#8220; sucht die Geschichtswerkstatt Ben\u00f6tigt werden sie zur Bebilderung einer geplanten Stadtschrift.<\/p>\n","protected":false},"author":2,"featured_media":0,"comment_status":"closed","ping_status":"open","sticky":false,"template":"","format":"standard","meta":{"advanced_seo_description":"","spay_email":"","jetpack_publicize_message":"","jetpack_is_tweetstorm":false,"jetpack_publicize_feature_enabled":true},"categories":[5,3,2,4],"tags":[868,744,355],"jetpack_featured_media_url":"","jetpack_publicize_connections":[],"jetpack_sharing_enabled":true,"jetpack_shortlink":"https:\/\/wp.me\/p8mhvd-3rp","jetpack-related-posts":[{"id":7913,"url":"http:\/\/marburg.news\/?p=7913","url_meta":{"origin":13231,"position":0},"title":"Moischt macht\u00b4s m\u00f6glich: Dorf mit Geschichte, Gegenwart und Zukunft","date":"10. Oktober 2021","format":false,"excerpt":"Moischt ist ein Dorf mit historischem Kern und vielen Facetten. Inzwischen z\u00e4hlt es zu den gr\u00f6\u00dferen Au\u00dfenstadtteilen Marburgs. Moischt ist einem der s\u00fcd\u00f6stlich gelegenen Au\u00dfenstadtteile Marburgs, der in idyllischer Lage mit einer Vielfalt an Aktivit\u00e4ten strahlt. Das Dorf h\u00e4lt interessante historische Spuren bereit und weist ein aktives Vereins- und Dorfleben\u2026","rel":"","context":"In &quot;Kultur&quot;","img":{"alt_text":"","src":"","width":0,"height":0},"classes":[]},{"id":16624,"url":"http:\/\/marburg.news\/?p=16624","url_meta":{"origin":13231,"position":1},"title":"Mit Mobilit\u00e4t: Marburgs Stadtteil Moischt hat Zukunft","date":"15. Oktober 2024","format":false,"excerpt":"Beim Wettbewerb \"Unser Dorf hat Zukunft\" erh\u00e4lt Moischt einen Sonderpreis f\u00fcr sein Carsharing-Projekt. Neben der Ausleihe von Elektroautos bietet es auch einen Fahrdienst an. \"Unser Dorf hat Zukunft\" lautet das Motto des gleichnamigen Wettbewerbs. Der Marburger Stadtteil Moischt hat sich beworben und wird f\u00fcr das B\u00fcrgercarsharing mit einem Sonderpreis ausgezeichnet.\u2026","rel":"","context":"In &quot;Politik&quot;","img":{"alt_text":"","src":"","width":0,"height":0},"classes":[]},{"id":18828,"url":"http:\/\/marburg.news\/?p=18828","url_meta":{"origin":13231,"position":2},"title":"F\u00fcr Mobile: Vollsperrung der K38 bei Moischt","date":"13. Oktober 2025","format":false,"excerpt":"Wegen Bauarbeiten ist die Kreisstra\u00dfe K38 seit Montag (13. Oktober) gesperrt. Die Ma\u00dfnahme betrifft vor Allem den Marburger Stadtteil Moischt. Der Landkreis Marburg-Biedenkopf erneuert unter der Bauleitung von \"Hessen Mobil\" die Kreisstra\u00dfe 38 zwischen Marburg-Moischt und der Einm\u00fcndung der Kreisstra\u00dfe in die Landesstra\u00dfe 3048 grundhaft. In insgesamt drei Abschnitten wird\u2026","rel":"","context":"In &quot;Soziales&quot;","img":{"alt_text":"","src":"","width":0,"height":0},"classes":[]},{"id":16103,"url":"http:\/\/marburg.news\/?p=16103","url_meta":{"origin":13231,"position":3},"title":"Au\u00dfenstadtteile mit Anforderungen: 3.000 Schritte in Moischt und Schr\u00f6ck","date":"7. August 2024","format":false,"excerpt":"Ein Weckemilchsch\u00fcsselstein und bessere Wege f\u00fcr Rad und Auto waren Thema bei der Sommertour \"3.000 Schritte mit dem Oberb\u00fcrgermeister\". Dazu kam Dr. Thomas Spies am Donnerstag (1. August) nach Schr\u00f6ck. Viele Fragen, ein paar Traditionen, der Wunsch nach Gewerbefl\u00e4chen und vor allem eine verkehrssichere Herstellung von Wegen im Feld sind\u2026","rel":"","context":"In &quot;Politik&quot;","img":{"alt_text":"","src":"","width":0,"height":0},"classes":[]},{"id":9925,"url":"http:\/\/marburg.news\/?p=9925","url_meta":{"origin":13231,"position":4},"title":"Ausgesetzt: Doppeljubil\u00e4um der Feuerwehr Moischt","date":"17. Juni 2022","format":false,"excerpt":"Ein Doppeljubil\u00e4um feiert die Feuerwehr am Wochenende in Moischt. Zum \"Tag der Marburger Feuerwehren 2022\" blickt sie auf 50 Jahre Jugendfeuerwehr und 125 Jahre Einsatzabteilung zur\u00fcck. die Freiwillige Feuerwehr Marburg-Moischt ist am Wochenende von Samstag (18. Juni) bis Sonntag (19. Juni) Gastgeberin des \"Tags der Marburger Feuerwehren 2022\". Gleich zwei\u2026","rel":"","context":"In &quot;Soziales&quot;","img":{"alt_text":"","src":"","width":0,"height":0},"classes":[]},{"id":5446,"url":"http:\/\/marburg.news\/?p=5446","url_meta":{"origin":13231,"position":5},"title":"Neuer Treff: 5.000 Euro vom Land f\u00fcr Moischt","date":"22. Juli 2020","format":false,"excerpt":"Das ehemalige Feuerwehrger\u00e4tehaus in Moischt soll zu einem Treffpunkt umgebaut werden. Die Stadt Marburg ist Eigent\u00fcmerin des Geb\u00e4udes. Die Stadt plant den Umbau im Rahmen des Dorfentwicklungsprogramms. Daf\u00fcr engagiert sich der Verein \"Treffpunkt Komp\" und erh\u00e4lt einen Bescheid \u00fcber rund 5.000 Euro aus dem Landesf\u00f6rderprogramm \"Starkes Dorf - Wir machen\u2026","rel":"","context":"In &quot;Kultur&quot;","img":{"alt_text":"","src":"","width":0,"height":0},"classes":[]}],"_links":{"self":[{"href":"http:\/\/marburg.news\/index.php?rest_route=\/wp\/v2\/posts\/13231"}],"collection":[{"href":"http:\/\/marburg.news\/index.php?rest_route=\/wp\/v2\/posts"}],"about":[{"href":"http:\/\/marburg.news\/index.php?rest_route=\/wp\/v2\/types\/post"}],"author":[{"embeddable":true,"href":"http:\/\/marburg.news\/index.php?rest_route=\/wp\/v2\/users\/2"}],"replies":[{"embeddable":true,"href":"http:\/\/marburg.news\/index.php?rest_route=%2Fwp%2Fv2%2Fcomments&post=13231"}],"version-history":[{"count":0,"href":"http:\/\/marburg.news\/index.php?rest_route=\/wp\/v2\/posts\/13231\/revisions"}],"wp:attachment":[{"href":"http:\/\/marburg.news\/index.php?rest_route=%2Fwp%2Fv2%2Fmedia&parent=13231"}],"wp:term":[{"taxonomy":"category","embeddable":true,"href":"http:\/\/marburg.news\/index.php?rest_route=%2Fwp%2Fv2%2Fcategories&post=13231"},{"taxonomy":"post_tag","embeddable":true,"href":"http:\/\/marburg.news\/index.php?rest_route=%2Fwp%2Fv2%2Ftags&post=13231"}],"curies":[{"name":"wp","href":"https:\/\/api.w.org\/{rel}","templated":true}]}}