{"id":13123,"date":"2023-07-03T18:11:41","date_gmt":"2023-07-03T16:11:41","guid":{"rendered":"http:\/\/marburg.news\/?p=13123"},"modified":"2023-07-03T20:22:38","modified_gmt":"2023-07-03T18:22:38","slug":"nanzen-fuer-forschung-144-millionen-fuer-europaeisches-netzwerk","status":"publish","type":"post","link":"http:\/\/marburg.news\/?p=13123","title":{"rendered":"nanzen f\u00fcr Forschung: 14,4 Millionen f\u00fcr europ\u00e4isches Netzwerk"},"content":{"rendered":"<p>Die Europ\u00e4ische Hochschulallianz EUPeace erh\u00e4lt eine hohe F\u00f6rderung. Die Philipps-Universit\u00e4t hat die Federf\u00fchrung der &#8222;European University for Peace, Justice, and Inclusive Societies&#8220;.<br \/>\n<!--more--><br \/>\nDie Allianz &#8222;EUPeace&#8220; erh\u00e4lt f\u00fcr die kommenden vier Jahre eine F\u00f6rderung der Europ\u00e4ischen Kommission von 14,4 Millionen Euro. Das Netzwerk, das die Philipps-Universit\u00e4t im engen Schulterschluss mit der benachbarten Justus-Liebig-Universit\u00e4t Gie\u00dfen (JLU) f\u00fchrt, ist damit eine von sieben neuen europ\u00e4ischen Hochschul-Allianzen, die von der Erasmus+ Initiative &#8222;European Universities \u2013 Development of new deep institutional transnational cooperation&#8220; gef\u00f6rdert werden. Die Entscheidung wurde am Montag (3. Juli) bekannt gegeben.<br \/>\nDas Konsortium &#8222;EUPeace &#8211; European University for Peace, Justice, and Inclusive Societies&#8220; besteht aus neun Universit\u00e4ten. Es f\u00f6rdert die Internationalisierung von Hochschulen unter der Pr\u00e4misse der St\u00e4rkung von Frieden, Solidarit\u00e4t und Menschenrechten.<br \/>\n&#8222;Unsere Allianz zeichnet eine besondere Sensibilit\u00e4t f\u00fcr die Herausforderungen von Frieden, Gerechtigkeit und integrativen Gesellschaften aus, die sich aus dem jeweiligen nationalen Kontext und der institutionellen Entwicklung der Partnerinstitutionen ergibt&#8220;, erkl\u00e4rte Uni-Vizepr\u00e4sidentin Prof. Dr. Evelyn Korn. &#8222;Wir freuen uns sehr, Teil dieser europ\u00e4ischen Initiative zu sein, und sind \u00fcberzeugt davon, gemeinsam mit unseren Partner-Universit\u00e4ten dazu beizutragen, eine neue Generation von Europ\u00e4er*innen zusammenzubringen, die \u00fcber L\u00e4nder- und Fachgebietsgrenzen hinweg zusammenarbeiten und somit europ\u00e4ische Werte und Identit\u00e4t f\u00f6rdern.&#8220;<br \/>\nDas aus neun Universit\u00e4ten bestehende Konsortium erstreckt sich geografisch von Madrid in Spanien mit der &#8222;Comillas Universidad Pontificia&#8220; \u00fcber Limoges in Frankreich mit der Universit\u00e9 de Limoges, Gie\u00dfen und Marburg, Pilsen in Tschechien mit der Z\u00e1padocesk\u00e1 univerzita v Plzni, Rende in Italien mit der Universit\u00e0 della Calabria, Mostar in Bosnien und Herzegowina mit der Sveucili\u0161te u Mostaru und Prishtina im Kosovo mit der Universiteti i Prishtin\u00ebs bis \u00fcber die Grenzen des europ\u00e4ischen Kontinents hinaus nach Adana im S\u00fcden der T\u00fcrkei mit der \u00c7ukurova \u00dcniversitesi und spiegelt die kulturelle und politische Vielfalt Europas. Die beteiligten Hochschulen befinden sich in Regionen mit einer gro\u00dfen internen Vielfalt und in Teilen auch mit einer noch jungen Konfliktgeschichte.<br \/>\nDiese Vielfalt mit ihren Herausforderungen repr\u00e4sentiert einen wichtigen Punkt des Netzwerks: die Achtung der Vielfalt und des Pluralismus als Kern der europ\u00e4ischen Werte.<br \/>\nDie EUPeace-Allianz verfolgt einen gesellschaftspolitischen Ansatz, der den Europ\u00e4er*innen von morgen F\u00e4higkeiten und Kenntnisse vermittelt, die zur F\u00f6rderung von Frieden, Gerechtigkeit und integrativen Gesellschaften in Europa und der Welt beitragen werden. Die Mitgliedshochschulen wollen unter Einbeziehung aller Disziplinen \u2013 von den Gesellschaftswissenschaften bis hin zu den Lebens- und Ingenieurswissenschaften \u2013 innovative Lehr- und Lernformate und gemeinsame Studieng\u00e4nge entwickeln und in gemeinsamen Forschungs- und Outreach-Projekten aktuelle und k\u00fcnftige gesellschaftliche Herausforderungen angehen. Die Allianz richtet sich an alle Hochschulmitglieder der beteiligten Universit\u00e4ten \u2013 von Studierenden \u00fcber Promovierende bis zu Professorinnen und Professoren sowie administrativ-technischem Personal.<\/p>\n<p>* pm: Philipps-Universit\u00e4t Marburg<\/p>\n","protected":false},"excerpt":{"rendered":"<p>Die Europ\u00e4ische Hochschulallianz EUPeace erh\u00e4lt eine hohe F\u00f6rderung. Die Philipps-Universit\u00e4t hat die Federf\u00fchrung der &#8222;European University for Peace, Justice, and Inclusive Societies&#8220;.<\/p>\n","protected":false},"author":2,"featured_media":0,"comment_status":"closed","ping_status":"open","sticky":false,"template":"","format":"standard","meta":{"advanced_seo_description":"","spay_email":"","jetpack_publicize_message":"","jetpack_is_tweetstorm":false,"jetpack_publicize_feature_enabled":true},"categories":[5],"tags":[1815,1448,827],"jetpack_featured_media_url":"","jetpack_publicize_connections":[],"jetpack_sharing_enabled":true,"jetpack_shortlink":"https:\/\/wp.me\/p8mhvd-3pF","jetpack-related-posts":[{"id":14930,"url":"http:\/\/marburg.news\/?p=14930","url_meta":{"origin":13123,"position":0},"title":"Neues Netzwerk: 300 Teilnehmende bei Online-Treffen","date":"14. Februar 2024","format":false,"excerpt":"Ein Netzwerktreffen der europ\u00e4ischen Hochschul-Allianz \"EUPeace\" hat am Dienstag (13. Februar) stattgefunden. Rund 300 Teilnehmende aus den neun Partneruniversit\u00e4ten tauschten sich bei diesem Online-Treffen aus. Rund 300 Vertreterinnen und Vertreter aus Forschung, Lehre und Verwaltung der neun Universit\u00e4ten der \"EUPeace Allianz\" trafen sich am Dienstag (13. Februar) online zum ersten\u2026","rel":"","context":"In &quot;Bildung&quot;","img":{"alt_text":"","src":"","width":0,"height":0},"classes":[]},{"id":17767,"url":"http:\/\/marburg.news\/?p=17767","url_meta":{"origin":13123,"position":1},"title":"Gro\u00dfe Gedanken: Marburg beim EUPeace-Dialogtreffen in Br\u00fcssel","date":"1. April 2025","format":false,"excerpt":"Ein \"EUPeace-Dialogtreffen\" brachte 40 Akteur*innen in Br\u00fcssel zusammen. Die Philipps-Universit\u00e4t Marburg setzte dabei Impulse. Mehr als 40 Teilnehmerinnen und Teilnehmer kamen beim \"EUPeace\"-Dialogevent \"St\u00e4rkung europ\u00e4ischer Werte\" zusammen, das von der Partnerregion Pilsen in Br\u00fcssel ausgerichtet wurde. Als zentrales Ergebnis der Diskussionen formulierten die Teilnehmenden die Botschaft: \"Akademische Freiheit ist nicht\u2026","rel":"","context":"In &quot;Bildung&quot;","img":{"alt_text":"","src":"","width":0,"height":0},"classes":[]},{"id":19341,"url":"http:\/\/marburg.news\/?p=19341","url_meta":{"origin":13123,"position":2},"title":"Impulsgeber: Uni Marburg bringt Europa voran","date":"14. Januar 2026","format":false,"excerpt":"\"Europ\u00e4ische Hochschulallianzen st\u00e4rken\" hei\u00dft eine Konferenz am Mittwoch (14. Dezember) in Br\u00fcssel. Die Marburger stellten Uni-Vizepr\u00e4sidentin Prof. Dr. Evelyn Korn und die studentische Vizepr\u00e4sidentin Lara Zie\u00df die Hochschulallianz \"EUPeace\" vor. \"EUPeace\" besteht aus neun Institutionen in sieben \u00fcber Europa verteilten L\u00e4ndern. Die Mission der Hochschulallianz ist es, Menschen F\u00e4higkeiten, Wissen\u2026","rel":"","context":"In &quot;Bildung&quot;","img":{"alt_text":"","src":"","width":0,"height":0},"classes":[]},{"id":11231,"url":"http:\/\/marburg.news\/?p=11231","url_meta":{"origin":13123,"position":3},"title":"Friedliches Europa: Diskussion mit irischer Generalkonsulin","date":"17. November 2022","format":false,"excerpt":"Die Irische Generalkonsulin in Frankfurt nimmt bei einer Podiumsdiskussion \u00fcber Europa teil. Die Veranstaltung \"Europe at a Crossroads\" findet am Montag (21. November) in der Universit\u00e4tsbibliothek statt. Die Philipps-Universit\u00e4t und das Generalkonsulat von Irland laden zu einer Podiumsdiskussion \u00fcber \"Europe at a Crossroads - German and Irish Reflections on Peace,\u2026","rel":"","context":"In &quot;Bildung&quot;","img":{"alt_text":"","src":"","width":0,"height":0},"classes":[]},{"id":19963,"url":"http:\/\/marburg.news\/?p=19963","url_meta":{"origin":13123,"position":4},"title":"Umgedacht: Unis kooperieren in europ\u00e4ischem Rahmen","date":"29. April 2026","format":false,"excerpt":"Ihre strategische Partnerschaft vertiefen die Philipps-Universit\u00e4t Marburg unddie Universit\u00e0 della Calabria in \"EUPeace\". Ein Delegationsbesuch hat neue Impulse f\u00fcr gemeinsame Forschung, Lehre und internationale Vernetzung gebracht. Zwei Tage lang standen an der Philipps-Universit\u00e4t Marburg Fach- und Strategiegespr\u00e4che mit einer hochrangigen Delegation der Universit\u00e0 della Calabria im Mittelpunkt. Unter der Leitung\u2026","rel":"","context":"In &quot;Bildung&quot;","img":{"alt_text":"","src":"","width":0,"height":0},"classes":[]},{"id":19095,"url":"http:\/\/marburg.news\/?p=19095","url_meta":{"origin":13123,"position":5},"title":"Konflikt konvertieren: Polarisierung produktiv nutzen","date":"24. November 2025","format":false,"excerpt":"Ein EU-Projekt entwickelt Strategien f\u00fcr den Umgang mit Polarisierung an Hochschulen. Sie sollen Konflikte im Seminarraum entsch\u00e4rfen. Konflikte bleiben nicht vor der H\u00f6rsaalt\u00fcr stehen. Kriege wie in der Ukraine oder in Gaza, aber auch soziale Spannungen innerhalb europ\u00e4ischer Gesellschaften f\u00fchren zunehmend zu emotional aufgeladenen Diskussionen im Seminarraum. Lehrende sehen sich\u2026","rel":"","context":"In &quot;Bildung&quot;","img":{"alt_text":"","src":"","width":0,"height":0},"classes":[]}],"_links":{"self":[{"href":"http:\/\/marburg.news\/index.php?rest_route=\/wp\/v2\/posts\/13123"}],"collection":[{"href":"http:\/\/marburg.news\/index.php?rest_route=\/wp\/v2\/posts"}],"about":[{"href":"http:\/\/marburg.news\/index.php?rest_route=\/wp\/v2\/types\/post"}],"author":[{"embeddable":true,"href":"http:\/\/marburg.news\/index.php?rest_route=\/wp\/v2\/users\/2"}],"replies":[{"embeddable":true,"href":"http:\/\/marburg.news\/index.php?rest_route=%2Fwp%2Fv2%2Fcomments&post=13123"}],"version-history":[{"count":1,"href":"http:\/\/marburg.news\/index.php?rest_route=\/wp\/v2\/posts\/13123\/revisions"}],"predecessor-version":[{"id":13126,"href":"http:\/\/marburg.news\/index.php?rest_route=\/wp\/v2\/posts\/13123\/revisions\/13126"}],"wp:attachment":[{"href":"http:\/\/marburg.news\/index.php?rest_route=%2Fwp%2Fv2%2Fmedia&parent=13123"}],"wp:term":[{"taxonomy":"category","embeddable":true,"href":"http:\/\/marburg.news\/index.php?rest_route=%2Fwp%2Fv2%2Fcategories&post=13123"},{"taxonomy":"post_tag","embeddable":true,"href":"http:\/\/marburg.news\/index.php?rest_route=%2Fwp%2Fv2%2Ftags&post=13123"}],"curies":[{"name":"wp","href":"https:\/\/api.w.org\/{rel}","templated":true}]}}