{"id":12934,"date":"2023-06-20T08:10:09","date_gmt":"2023-06-20T06:10:09","guid":{"rendered":"http:\/\/marburg.news\/?p=12934"},"modified":"2023-06-20T17:39:08","modified_gmt":"2023-06-20T15:39:08","slug":"katastrophenschutz-im-kreis-gelaendegaengige-fahrzeuge-und-notstromaggregate","status":"publish","type":"post","link":"http:\/\/marburg.news\/?p=12934","title":{"rendered":"Katastrophenschutz im Kreis: Gel\u00e4ndeg\u00e4ngige Fahrzeuge und Notstromaggregate"},"content":{"rendered":"<p>Der Landkreis r\u00fcstet den Katastrophenschutz f\u00fcr klimabedingte Eins\u00e4tze auf. Neue Fahrzeuge sind in schwerem Gel\u00e4nde einsetzbar.<br \/>\n<!--more--><br \/>\nDer Landkreis Marburg-Biedenkopf st\u00e4rkt seine Gefahrenabwehr f\u00fcr klimabedingte Eins\u00e4tze: Neben einem Mercedes-Unimog und einem Ford-Ranger \u2013 beide Fahrzeuge sind sehr gut in schwer befahrbarem Gel\u00e4nde einsetzbar \u2013 hat der Kreis auch zwei neue Notstrom-Aggregate f\u00fcr Krisenzeiten beschafft.<br \/>\n&#8222;Gerade vor dem Hintergrund, dass wir in Zukunft auch im Landkreis eine Zunahme klimabedingter Eins\u00e4tze erwarten, gilt es jetzt klug vorzusorgen&#8220;, betonte Landrat Jens Womelsdorf. Der Landrat ist zust\u00e4ndiger Dezernent f\u00fcr den Brand- und Katastrophenschutz.<br \/>\n&#8222;Diese Aufr\u00fcstung ist auch eine Lehre aus vergangenen Katastrophenschutzeins\u00e4tzen und Krisen. Darunter der Einsatz im Ahrtal, der gro\u00dfe Waldbrand bei C\u00f6lbe und Rauschenberg sowie die drohende bundesweite Energiemangellage im vergangenen Jahr&#8220;, machte Kreisbrandinspektor Lars Sch\u00e4fer deutlich. Er leitet den Fachbereich f\u00fcr Gefahrenabwehr beim Landkreis<br \/>\nGerade in diesen Situationen habe sich gezeigt, dass gel\u00e4ndeg\u00e4ngige Fahrzeuge in den Freiwilligen Feuerwehren unabdingbar sind. Zur Bew\u00e4ltigung von Hochwassersituationen und zur Sicherstellung der Logistik bei Wald- und Vegetationsbr\u00e4nden hat der Fachbereich Gefahrenabwehr deshalb die Idee verfolgt, perspektivisch eine Kreiseinheit f\u00fcr genau diese Zwecke aufzustellen. Bedarf wurde insbesondere f\u00fcr die Erkundung mittels eines gel\u00e4ndeg\u00e4ngigen Kommandowagens und f\u00fcr die Logistik mit einem hoch gel\u00e4ndef\u00e4higen Fahrzeug gesehen, um bei Bedarf im Katastrophenfall zu unterst\u00fctzen.<br \/>\nDer Landrat als zust\u00e4ndiger Dezernent hat diese Idee bef\u00fcrwortet und den Abgeordneten des Kreistags vorgestellt. Der Kreistag hat dann \u2013 ebenfalls \u00fcberzeugt von dieser Idee \u2013 die erforderlichen finanziellen Mittel bewilligt. So liegen die Schwerpunkte der neuen Fahrzeuge eben auch auf den Bereichen Gel\u00e4ndef\u00e4higkeit und Logistik.<br \/>\nInsgesamt investiert der Kreis f\u00fcr die Neuanschaffungen rund 350.000 Euro. Der Ford Ranger ist besonders gut als Erkundungsfahrzeug f\u00fcr den Einsatzleiter bei Fahrten durch unwegsames Gel\u00e4nde geeignet. Dar\u00fcber hinaus verf\u00fcgt das Auto durch integrierte gro\u00dfe Schubladen und einen Ladeboden \u00fcber flexible Beladungsm\u00f6glichkeiten.<br \/>\nDas kann beispielsweise Einsatzausr\u00fcstung f\u00fcr H\u00f6henretter sein oder f\u00fcr den Einsatz der kreiseigenen Drohne. &#8222;Das Fahrzeug ist f\u00fcr uns ein Garant, um an schwer zug\u00e4ngliche Stellen zu kommen&#8220;, erkl\u00e4rte Sch\u00e4fer.<br \/>\nDen Mercedes-Unimog hat der Kreis zur Verbesserung der Logistik in schwerem Gel\u00e4nde beschafft. Das Fahrzeug verf\u00fcgt \u00fcber ausgezeichnete Gel\u00e4ndef\u00e4higkeiten und hat multifunktionale Ladungs-Sicherungssysteme. Ausger\u00fcstet ist das Fahrzeug auch mit einer Ladebordwand.<br \/>\nSie erm\u00f6glicht es, von Sands\u00e4cken \u00fcber Wasserbeh\u00e4lter bis hin zu Versorgungsg\u00fctern alles dahin zu transportieren, wo es ben\u00f6tigt wird. Ausger\u00fcstet ist das Fahrzeug zus\u00e4tzlich auch mit einer Seilwinde. Wegen seiner enormen F\u00e4higkeiten im Gel\u00e4nde kann es zusammen mit speziellen L\u00f6schfahrzeugen in den Wald fahren, um die L\u00f6scharbeiten vor Ort zu unterst\u00fctzen.<br \/>\nAuch bei der Rettung und Evakuierung oder Versorgung von Menschen in \u00fcberfluteten Gebieten kann das Fahrzeug unterst\u00fctzen, denn es ist daf\u00fcr geeignet, auch durch hohe Gew\u00e4sser zu fahren. Und durch das Hinzuziehen von zwei kommunalen Katastrophenschutzl\u00f6schfahrzeugen sei der Landkreis daher bereits heute schon in der Lage, die geplanten Anforderungen von Bund und Land f\u00fcr eine Spezialeinheit zu erf\u00fcllen.<br \/>\n&#8222;Einmal mehr ist hier der Landkreis der Entwicklung auf Landes- und Bundesebene voraus, wie auch schon seinerzeit als ein Sondereinsatzkontingent Hochwasser in Dienst gestellt wurde, bevor es hierf\u00fcr landeseigene Fahrzeuge gab&#8220;, machte Sch\u00e4fer deutlich. Die Spezialausstattung des Kreises diente seinerzeit als Blaupause f\u00fcr die Beschaffungen des Landes Hessen.<br \/>\nZudem hat der Kreis zwei Notstrom-Aggregate beschafft. Auch als Vorbereitung und Vorsorge bei m\u00f6glichen Stromausf\u00e4llen infolge klimatischer Eins\u00e4tze oder auch im Spannungs- und Krisenfall. So k\u00f6nnten die Aggregate auch f\u00fcr den Betrieb kreiseigener Betreuungspl\u00e4tze im Fall von Notsituationen dienen. Sie k\u00f6nnen au\u00dferdem mobil mittels eines Anh\u00e4ngers an m\u00f6gliche Einsatzorte gebracht und dort betrieben werden. M\u00f6gliche Zugfahrzeuge daf\u00fcr sind auch der Ford Ranger und der Mercedes-Unimog.<\/p>\n<p>* pm: Landkreis Marburg-Biedenkopf<\/p>\n","protected":false},"excerpt":{"rendered":"<p>Der Landkreis r\u00fcstet den Katastrophenschutz f\u00fcr klimabedingte Eins\u00e4tze auf. Neue Fahrzeuge sind in schwerem Gel\u00e4nde einsetzbar.<\/p>\n","protected":false},"author":2,"featured_media":0,"comment_status":"closed","ping_status":"open","sticky":false,"template":"","format":"standard","meta":{"advanced_seo_description":"","spay_email":"","jetpack_publicize_message":"","jetpack_is_tweetstorm":false,"jetpack_publicize_feature_enabled":true},"categories":[2],"tags":[160,1157,1491],"jetpack_featured_media_url":"","jetpack_publicize_connections":[],"jetpack_sharing_enabled":true,"jetpack_shortlink":"https:\/\/wp.me\/p8mhvd-3mC","jetpack-related-posts":[{"id":14332,"url":"http:\/\/marburg.news\/?p=14332","url_meta":{"origin":12934,"position":0},"title":"Wieder weiter: Mobiles Licht f\u00fcr die Feuerwehr","date":"10. November 2023","format":false,"excerpt":"Die Gefahrenabwehr des Kreises erh\u00e4lt von der SparkassenVersicherung ein LED-Beleuchtungssystem. Das gibt mobiles Licht f\u00fcr Einsatzkr\u00e4fte. Damit es auch bei dunklen Eins\u00e4tzen hell wird, setzen Einsatzkr\u00e4fte von Feuerwehr und Katastrophenschutz bei Bedarf auch auf mobile Scheinwerfer. Ein solches LED-Beleuchtungssystem hat der Landkreis Marburg-Biedenkopf zur Unterst\u00fctzung nun kostenlos von der SparkassenVersicherung\u2026","rel":"","context":"In &quot;Soziales&quot;","img":{"alt_text":"","src":"","width":0,"height":0},"classes":[]},{"id":19350,"url":"http:\/\/marburg.news\/?p=19350","url_meta":{"origin":12934,"position":1},"title":"Katastrophenschutzzug: Im Ernstfall z\u00e4hlt die Koordination","date":"16. Januar 2026","format":false,"excerpt":"F\u00fcr Hilfe und Sicherheit sorgt der Marburger Katastrophenschutzzug. Im Ernstfall z\u00e4hlt die Koordination. Wenn Naturgewalten, Gro\u00dfbr\u00e4nde oder humanit\u00e4re Krisen die Region treffen, ist der Katastrophenschutzzug der Feuerwehr Marburg eine zentrale S\u00e4ule der Gefahrenabwehr. Neben der klassischen Brandbek\u00e4mpfung \u00fcbernimmt die Einheit Aufgaben, die weit \u00fcber den Alltag hinausgehen - und setzt\u2026","rel":"","context":"In &quot;Politik&quot;","img":{"alt_text":"","src":"","width":0,"height":0},"classes":[]},{"id":16938,"url":"http:\/\/marburg.news\/?p=16938","url_meta":{"origin":12934,"position":2},"title":"Verst\u00e4rkt verwandt: Einsatzkr\u00e4fte des Katastrophenschutzes ausgezeichnet","date":"21. November 2024","format":false,"excerpt":"Einsatzkr\u00e4fte des Katastrophenschutzes erhielten Auszeichnungen. Der Kreis hat mehr als 100 Ehrenamtliche bei einer Feierstunde gew\u00fcrdigt. Insgesamt rund 2.000 Jahre ehrenamtliche Dienstzeit f\u00fcr die Sicherheit der Menschen in Marburg-Biedenkopf und dar\u00fcber hinaus haben rund 100 Einsatzkr\u00e4fte des Katastrophenschutzes erreicht. F\u00fcr ihr jahrelanges Engagement \u00fcberreichten Landrat Jens Womelsdorf, Kreisbrandinspektor Lars Sch\u00e4fer\u2026","rel":"","context":"In &quot;Soziales&quot;","img":{"alt_text":"","src":"","width":0,"height":0},"classes":[]},{"id":16072,"url":"http:\/\/marburg.news\/?p=16072","url_meta":{"origin":12934,"position":3},"title":"Anpassung anpacken: Kreis erstellt Konzept zum Klimaschutz","date":"1. August 2024","format":false,"excerpt":"Marburg-Biedenkopf stellt sich den Herausforderungen des Klimawandels. Der Landkreis erstellt ein Konzept zur Klimaanpassung. Gemeinsam mit 14 teilnehmenden Kommunen wird der Landkreis Marburg-Biedenkopf in den kommenden eineinhalb Jahren ein Klimaanpassungskonzept erstellen. Das Ziel ist, mit Hilfe von Klimadaten, Statistiken und den bisherigen Erfahrungen die Folgen des Klimawandels herauszustellen und passgenaue\u2026","rel":"","context":"In &quot;Politik&quot;","img":{"alt_text":"","src":"","width":0,"height":0},"classes":[]},{"id":18214,"url":"http:\/\/marburg.news\/?p=18214","url_meta":{"origin":12934,"position":4},"title":"Schweinepest-Schutz: Kreis baut Desinfektionsanlage und Sammelstelle auf","date":"18. Juni 2025","format":false,"excerpt":"Der Landkreis ergreift Schutzma\u00dfnahmen gegen die \"Afrikanische Schweinepest\". Er baut eine Desinfektionsschleuse auf und richtet eine Sammelstelle ein. Nach dem Nachweis der \"Afrikanischen Schweinepest\" bei mindestens einem Wildschwein im Sauerland laufen auch im Landkreis Marburg-Biedenkopf Schutzma\u00dfnahmen an. Im Auftrag des Landes Hessen sind entlang der Landesgrenze zu Nordrhein-Westfalen speziell ausgebildete\u2026","rel":"","context":"In &quot;Soziales&quot;","img":{"alt_text":"","src":"","width":0,"height":0},"classes":[]},{"id":12607,"url":"http:\/\/marburg.news\/?p=12607","url_meta":{"origin":12934,"position":5},"title":"Kraft in Katastrophen: Womelsdorf w\u00fcrdigte Ehrenamtliche Helfer","date":"16. Mai 2023","format":false,"excerpt":"Bei einer Feierstunde haben Einsatzkr\u00e4fte des Katastrophenschutzes Auszeichnungen erhalten. Landrat Jens Womelsdorf hat fast 200 ehrenamtliche Helferinnen und Helfer gew\u00fcrdigt. Als Dank und Anerkennung f\u00fcr ihren Einsatz hat Landrat Jens Womelsdorf fast 200 ehrenamtliche Einsatzkr\u00e4fte des Katastrophenschutzes ausgezeichnet. In einer Feierstunde im Landratsamt \u00fcberreichte er Medaillen und Auszeichnungen, die nicht\u2026","rel":"","context":"In &quot;Soziales&quot;","img":{"alt_text":"","src":"","width":0,"height":0},"classes":[]}],"_links":{"self":[{"href":"http:\/\/marburg.news\/index.php?rest_route=\/wp\/v2\/posts\/12934"}],"collection":[{"href":"http:\/\/marburg.news\/index.php?rest_route=\/wp\/v2\/posts"}],"about":[{"href":"http:\/\/marburg.news\/index.php?rest_route=\/wp\/v2\/types\/post"}],"author":[{"embeddable":true,"href":"http:\/\/marburg.news\/index.php?rest_route=\/wp\/v2\/users\/2"}],"replies":[{"embeddable":true,"href":"http:\/\/marburg.news\/index.php?rest_route=%2Fwp%2Fv2%2Fcomments&post=12934"}],"version-history":[{"count":1,"href":"http:\/\/marburg.news\/index.php?rest_route=\/wp\/v2\/posts\/12934\/revisions"}],"predecessor-version":[{"id":12954,"href":"http:\/\/marburg.news\/index.php?rest_route=\/wp\/v2\/posts\/12934\/revisions\/12954"}],"wp:attachment":[{"href":"http:\/\/marburg.news\/index.php?rest_route=%2Fwp%2Fv2%2Fmedia&parent=12934"}],"wp:term":[{"taxonomy":"category","embeddable":true,"href":"http:\/\/marburg.news\/index.php?rest_route=%2Fwp%2Fv2%2Fcategories&post=12934"},{"taxonomy":"post_tag","embeddable":true,"href":"http:\/\/marburg.news\/index.php?rest_route=%2Fwp%2Fv2%2Ftags&post=12934"}],"curies":[{"name":"wp","href":"https:\/\/api.w.org\/{rel}","templated":true}]}}