{"id":12928,"date":"2023-06-19T13:33:33","date_gmt":"2023-06-19T11:33:33","guid":{"rendered":"http:\/\/marburg.news\/?p=12928"},"modified":"2023-06-20T17:51:45","modified_gmt":"2023-06-20T15:51:45","slug":"strasse-und-sturz-drei-unfaelle-von-zweiradfahrern","status":"publish","type":"post","link":"http:\/\/marburg.news\/?p=12928","title":{"rendered":"Stra\u00dfe und Sturz: Drei Unf\u00e4lle von Zweiradfahrern"},"content":{"rendered":"<p>Auf einer \u00d6lspur ist ein 19-j\u00e4hriger Marburger am Freitag (16. Juni) mit seinem Moped ausgerutscht. Der Unfall passierte gegen 15.50 Uhr auf der B3A in Fahrtrichtung S\u00fcden<br \/>\n<!--more--><br \/>\nDurch den Sturz entstanden an dem Guangzhou-Leichtkraftrad Sch\u00e4den von etwa 500 Euro. Der Fahrer blieb unverletzt. Die Marburger Polizei bittet um Hinweise zur \u00d6lspur an der Ausfahrt &#8222;Marburg S\u00fcd&#8220; der Stadtautobahn B3A.<br \/>\nEin 28-j\u00e4hriger Fahrradfahrer aus Marburg st\u00fcrzte am Samstag (17. Juni) gegen 11.25 Uhr in der Bahnhofstra\u00dfe. Bisherigen Erkenntnissen zufolge wollte er gerade an einem zuvor geparkten Citroen vorbeifahren, als dessen 60-j\u00e4hriger Fahrer aus Marburg die T\u00fcr \u00f6ffnete und dabei wohl nicht auf den Verkehr achtete. Der Radfahrer versuchte noch, auszuweichen, touchierte aber die T\u00fcr und kam zu Fall.<br \/>\nDabei verletzte er sich wohl leicht und kam in ein Krankenhaus. An beiden Fahrzeugen entstanden jeweils Sch\u00e4den von gesch\u00e4tzt 100 Euro.<br \/>\nMit offenbar nur oberfl\u00e4chlichen Verletzungen kam am Samstag, 17. Juni, ein 26-j\u00e4hriger Motorradfahrer aus C\u00f6lbe ins Krankenhaus. Gegen 23.40 Uhr war er in der C\u00f6lber Stra\u00dfe in einer Linkskurve nach rechts von der Fahrbahn abgekommen, eine kleine B\u00f6schung hinab gefahren und auf einem Parkplatz zum Liegen gekommen. W\u00e4hrend der Unfallaufnahme ergaben sich Hinweise auf Alkoholkonsum, weshalb im Krankenhaus eine Blutentnahme durchgef\u00fchrt wurde.<br \/>\nWeitere Erkenntnisse werden sich erst durch das Ergebnis gewinnen lassen. An der Honda entstand ein Schaden von etwa 1.500 Euro.<\/p>\n<p>* pm: Polizei Marburg<\/p>\n","protected":false},"excerpt":{"rendered":"<p>Auf einer \u00d6lspur ist ein 19-j\u00e4hriger Marburger am Freitag (16. Juni) mit seinem Moped ausgerutscht. Der Unfall passierte gegen 15.50 Uhr auf der B3A in Fahrtrichtung S\u00fcden<\/p>\n","protected":false},"author":2,"featured_media":0,"comment_status":"closed","ping_status":"open","sticky":false,"template":"","format":"standard","meta":{"advanced_seo_description":"","spay_email":"","jetpack_publicize_message":"","jetpack_is_tweetstorm":false,"jetpack_publicize_feature_enabled":true},"categories":[6],"tags":[16,44,578],"jetpack_featured_media_url":"","jetpack_publicize_connections":[],"jetpack_sharing_enabled":true,"jetpack_shortlink":"https:\/\/wp.me\/p8mhvd-3mw","jetpack-related-posts":[{"id":13805,"url":"http:\/\/marburg.news\/?p=13805","url_meta":{"origin":12928,"position":0},"title":"Falsche Reaktion: Fahrer von Wohnmobil fl\u00fcchtete nach Unfall","date":"11. September 2023","format":false,"excerpt":"Auf der Stadtautobahn st\u00fcrzte am Freitag (8. September) ein 59-J\u00e4hriger Mopedfahrer. Der aus Ebsdorfergrund kommende Mann verletzte sich dabei schwer am Fu\u00df und kam in ein Krankenhaus. Urs\u00e4chlich f\u00fcr den Sturz war bisherigen Ermittlungen zufolge wohl ein unerwartetes - bislang auch unerkl\u00e4rliches pl\u00f6tzliches - Abbremsen eines in Richtung Gie\u00dfen vorausfahrenden\u2026","rel":"","context":"In &quot;Sonstiges&quot;","img":{"alt_text":"","src":"","width":0,"height":0},"classes":[]},{"id":9202,"url":"http:\/\/marburg.news\/?p=9202","url_meta":{"origin":12928,"position":1},"title":"Neuer Unfall: Langer R\u00fcckstau auf der B3A","date":"8. April 2022","format":false,"excerpt":"Ein Unfall auf der S\u00fcdspange hat am Freitag (8. April) zu einem langen R\u00fcckstau auf der Stadtautobahn B3A gef\u00fchrt. Eine Autofahrerin wurde leicht verletzt. Wer am Freitagmorgen gegen 8 Uhr die S\u00fcdspange mit dem Auto passieren musste, brauchte starke Nerven. Nach einem Unfall auf der L3125 zwischen den Zufahrten zur\u2026","rel":"","context":"In &quot;Sonstiges&quot;","img":{"alt_text":"","src":"","width":0,"height":0},"classes":[]},{"id":16163,"url":"http:\/\/marburg.news\/?p=16163","url_meta":{"origin":12928,"position":2},"title":"Der Rausch der Geschwindigkeit: Die Polizei sucht Unfallzeugen","date":"21. August 2024","format":false,"excerpt":"Nach einem Verkehrsunfall auf der B3A sucht die Polizei Zeugen. Passiert ist er am n\u00f6rdlichen Stadtrand von Marburg. Am Montag (19. August) gegen 13.30 Uhr waren ein 27-j\u00e4hriger Audifahrer aus Korbach und ein 67-j\u00e4hriger Motorradfahrer aus Bielefeld auf der rechten Fahrspur der Bundesstra\u00dfe 3 von Stadtallendorf aus in Richtung Marburg\u2026","rel":"","context":"In &quot;Sonstiges&quot;","img":{"alt_text":"","src":"","width":0,"height":0},"classes":[]},{"id":18119,"url":"http:\/\/marburg.news\/?p=18119","url_meta":{"origin":12928,"position":3},"title":"In Pedelec: Mit Unfall absichtlich zu Sturz gebracht","date":"3. Juni 2025","format":false,"excerpt":"Ein 78-j\u00e4hriger Pedelec-Fahrer wies am Freitag (30. Mai) einen entgegenkommenden, freih\u00e4ndig fahrenden Rennradfahrer an, seine H\u00e4nde an den Lenker zu legen. Der Marburger befand sich zusammen mit seiner Frau auf dem Fahrradweg von Wehrda nach Marburg in H\u00f6he der Aff\u00f6llerwiesen. Der Unbekannte drehte daraufhin um, folgte dem 78-j\u00e4hrigen Marburger und\u2026","rel":"","context":"In &quot;Sonstiges&quot;","img":{"alt_text":"","src":"","width":0,"height":0},"classes":[]},{"id":16015,"url":"http:\/\/marburg.news\/?p=16015","url_meta":{"origin":12928,"position":4},"title":"Gegen Audi und Fahrrad: Bei Unfall am Erlenring verletzt","date":"22. Juli 2024","format":false,"excerpt":"Wegen unterschiedlicher Aussagen steht der Hergang eines Unfalls am Sonntag (14. Juli) nicht genau fest. Ein 28-j\u00e4hriger Audi-Fahrer aus Marburg befand sich ersten Erkenntnissen zufolge auf dem Erlenring in Richtung Weidenh\u00e4user Br\u00fccke. Gegen 14.10 Uhr wollte er in H\u00f6he der Bushaltestelle \"Erlenring\" nach rechts auf den Parkplatz abbiegen. Dabei kam\u2026","rel":"","context":"In &quot;Sonstiges&quot;","img":{"alt_text":"","src":"","width":0,"height":0},"classes":[]},{"id":2669,"url":"http:\/\/marburg.news\/?p=2669","url_meta":{"origin":12928,"position":5},"title":"Gleich drei Unf\u00e4lle: Kollisionen bei Schr\u00f6ck und auf B3A","date":"24. September 2018","format":false,"excerpt":"Leichte Verletzungen erlitten zwei Personen bei einem Unfall am Montag (24. September) an der Einm\u00fcndung der Stra\u00dfe \"Zum Elisabethbrunnen\" in die Landstra\u00dfe L3088. Beide wurden vorsorglich von einem Rettungswagen in die Universit\u00e4tsklinik gebracht. Eine 24-j\u00e4hrige Frau kam mit ihrem Golf aus Richtung Schr\u00f6ck und bog um 6.15 Uhr an der\u2026","rel":"","context":"In &quot;Sonstiges&quot;","img":{"alt_text":"","src":"","width":0,"height":0},"classes":[]}],"_links":{"self":[{"href":"http:\/\/marburg.news\/index.php?rest_route=\/wp\/v2\/posts\/12928"}],"collection":[{"href":"http:\/\/marburg.news\/index.php?rest_route=\/wp\/v2\/posts"}],"about":[{"href":"http:\/\/marburg.news\/index.php?rest_route=\/wp\/v2\/types\/post"}],"author":[{"embeddable":true,"href":"http:\/\/marburg.news\/index.php?rest_route=\/wp\/v2\/users\/2"}],"replies":[{"embeddable":true,"href":"http:\/\/marburg.news\/index.php?rest_route=%2Fwp%2Fv2%2Fcomments&post=12928"}],"version-history":[{"count":1,"href":"http:\/\/marburg.news\/index.php?rest_route=\/wp\/v2\/posts\/12928\/revisions"}],"predecessor-version":[{"id":12962,"href":"http:\/\/marburg.news\/index.php?rest_route=\/wp\/v2\/posts\/12928\/revisions\/12962"}],"wp:attachment":[{"href":"http:\/\/marburg.news\/index.php?rest_route=%2Fwp%2Fv2%2Fmedia&parent=12928"}],"wp:term":[{"taxonomy":"category","embeddable":true,"href":"http:\/\/marburg.news\/index.php?rest_route=%2Fwp%2Fv2%2Fcategories&post=12928"},{"taxonomy":"post_tag","embeddable":true,"href":"http:\/\/marburg.news\/index.php?rest_route=%2Fwp%2Fv2%2Ftags&post=12928"}],"curies":[{"name":"wp","href":"https:\/\/api.w.org\/{rel}","templated":true}]}}