{"id":12853,"date":"2023-06-14T19:03:25","date_gmt":"2023-06-14T17:03:25","guid":{"rendered":"http:\/\/marburg.news\/?p=12853"},"modified":"2023-06-14T20:32:17","modified_gmt":"2023-06-14T18:32:17","slug":"fit-fuer-freizeit-bartol-begruesste-kreis-bei-tourismuskonferenz","status":"publish","type":"post","link":"http:\/\/marburg.news\/?p=12853","title":{"rendered":"Fit f\u00fcr Freizeit: Bartol begr\u00fc\u00dfte Kreis bei Tourismuskonferenz"},"content":{"rendered":"<p>Marburg-Biedenkopf war auf einer Tourismuskonferenz in Berlin gut vertreten. Dar\u00fcber freute sich der Marburger Bundestagsabgeordnete S\u00f6ren Bartol.<br \/>\n<!--more--><br \/>\n150 Teilnehmende aus ganz Deutschland sind am Montag (12. Juni) bei bestem Wetter zur ersten Tourismuskonferenz der SPD-Bundestagsfraktion nach Berlin gekommen. Der Landkreis Marburg-Biedenkopf war mit Gesch\u00e4ftsf\u00fchrerin Cornelia D\u00f6rr von der Marburg Stadt Land Tourismus GmbH (MSLT), Gesch\u00e4ftsf\u00fchrer Jan R\u00f6llman vom Stadtmarketing Marburg und dem Vorsitzenden der Region Lahn-Dill-Bergland Julian Schweitzer vertreten.<br \/>\nUm Klimaschutz, Nachhaltigkeit und Chancen des Tourismus in Deutschlang ging es im Impulsreferat des Pr\u00e4sidenten Reinhard Meyer vom Deutschen Touristikverband. Gesch\u00e4ftsf\u00fchrerin Dr. Heike K\u00f6nig vom Tourismusverband NRW sprach in ihrem Beitrag \u00fcber die Bedeutung von KI und Digitalisierung f\u00fcr die Zukunft der Branche. Anschlie\u00dfend gab es die M\u00f6glichkeit zum Austausch in drei Workshops zu den Themen &#8222;Nachhaltigkeit&#8220;, &#8222;moderne Infrastruktur&#8220; sowie &#8222;Digitalisierung und Arbeitsmarkt&#8220;.<br \/>\nNach Einsch\u00e4tzung der Veranstalter war es eine Konferenz mit vielen neuen Impulsen und Einblicken. Deutlich wurden aber auch die enormen Herausforderungen der Branche. Fach- und Arbeitskr\u00e4ftemangel bleiben ein gro\u00dfes Thema.<br \/>\nPositiv bewerteten die Touristiker*innen die Kurzarbeiterregelung, die die Branche gut \u00fcber eine schwierige Zeit gebracht habe. Ebenso wurde deutlich, wie wichtig die Vernetzung der touristischen Leistungstr\u00e4ger*innen von kommunaler Ebene \u00fcber Land und Bund ist.<br \/>\nDer Marburger Bundestagsabgeordnete und Parlamentarische Staatssekret\u00e4r S\u00f6ren Bartol dankte allen Teilnehmenden f\u00fcr ihre aktive Unterst\u00fctzung: &#8222;Ich habe mich sehr gefreut, dass der Landkreis mit Cornelia D\u00f6rr, Jan R\u00f6llmann und Julian Schweitzer stark vertreten war. Sie alle haben die Konferenz mit ihrem Input zu einem Erfolg werden lassen. Der Austausch mit Praktiker:innen, ihre Kritik und Ideen sind essenziell f\u00fcr eine gute Politik. Im Tourismusbereich und allen anderen Politikfeldern macht es der Dialog.&#8220;<\/p>\n<p>* pm: Staatssekret\u00e4r S\u00f6ren Bartol, Marburg<\/p>\n","protected":false},"excerpt":{"rendered":"<p>Marburg-Biedenkopf war auf einer Tourismuskonferenz in Berlin gut vertreten. Dar\u00fcber freute sich der Marburger Bundestagsabgeordnete S\u00f6ren Bartol.<\/p>\n","protected":false},"author":2,"featured_media":0,"comment_status":"closed","ping_status":"open","sticky":false,"template":"","format":"standard","meta":{"advanced_seo_description":"","spay_email":"","jetpack_publicize_message":"","jetpack_is_tweetstorm":false,"jetpack_publicize_feature_enabled":true},"categories":[2,4],"tags":[503,3700,580],"jetpack_featured_media_url":"","jetpack_publicize_connections":[],"jetpack_sharing_enabled":true,"jetpack_shortlink":"https:\/\/wp.me\/p8mhvd-3lj","jetpack-related-posts":[{"id":8358,"url":"http:\/\/marburg.news\/?p=8358","url_meta":{"origin":12853,"position":0},"title":"Neues Amt: S\u00f6ren Bartol ist jetzt Staatssekret\u00e4r","date":"11. Dezember 2021","format":false,"excerpt":"S\u00f6ren Bartol ist Staatssekret\u00e4r im Bauministerium. Der geb\u00fcrtige Hamburger war am 26. September wieder direkt in den Bundestag gew\u00e4hlt worden. Nun haben Bundeskanzler Olaf Scholz und die SPD den 47-j\u00e4hrigen Marburger Wahlkreisabgeordneten f\u00fcr seinen unerm\u00fcdlichen Einsatz belohnt. Neben ihm ist auch die Berliner SPD-Bundestagsabgeordnete Cansel Kiziltepe Staatssekret\u00e4rin bei der neuen\u2026","rel":"","context":"In &quot;Politik&quot;","img":{"alt_text":"","src":"","width":0,"height":0},"classes":[]},{"id":1134,"url":"http:\/\/marburg.news\/?p=1134","url_meta":{"origin":12853,"position":1},"title":"bartol bleibt im Bundestag: AfD auch in Marburg drittst\u00e4rkste Partei","date":"25. September 2017","format":false,"excerpt":"S\u00f6ren bartol hat das Direktmandat im Wahlkreis 171 behauptet. Mit 35,72 Prozent der Erststimmen zieht der SPD-Abgeordnete erneut f\u00fcr Marburg-Biedenkopf in den Bundestag ein. Dr. Stefan Heck von der CDU kam auf 33,38 Prozent der Erststimmen. Den dritten Platz belegte Julian Schmidt von der AfD mit 10,23 Prozent. Als einzige\u2026","rel":"","context":"In &quot;Politik&quot;","img":{"alt_text":"Bartol","src":"https:\/\/i0.wp.com\/marburg.news\/wp-content\/uploads\/2017\/08\/bartol01.jpg?fit=1000%2C849&resize=350%2C200","width":350,"height":200},"classes":[]},{"id":17378,"url":"http:\/\/marburg.news\/?p=17378","url_meta":{"origin":12853,"position":2},"title":"S\u00f6ren Bartol: SPD-Direktkandidat im Wahlkreis 170","date":"25. Januar 2025","format":false,"excerpt":"\"Politik f\u00fcr die Menschen anstatt politische Taktiererei\", fordert S\u00f6ren Bartol. Bereits zum siebten Mal tritt er als Direktkandidat der SPD in Marburg-Biedenkopf an. Seit 2002 vertritt Bartol die Menschen des Landkreises Marburg-Biedenkopf ununterbrochen als direkt gew\u00e4hlter Abgeordneter in Berlin. Damit geh\u00f6rt der 50-j\u00e4hrige Marburger zu den \"alten Hasen\" im Bundestag.\u2026","rel":"","context":"In &quot;Politik&quot;","img":{"alt_text":"Bartol","src":"https:\/\/i0.wp.com\/marburg.news\/wp-content\/uploads\/2017\/08\/bartol01.jpg?fit=1000%2C849&resize=350%2C200","width":350,"height":200},"classes":[]},{"id":1040,"url":"http:\/\/marburg.news\/?p=1040","url_meta":{"origin":12853,"position":3},"title":"S\u00f6ren Bartol: SPD-Abgeordneter will wiedergew\u00e4hlt werden","date":"31. August 2017","format":false,"excerpt":"Seit 2002 vertritt S\u00f6ren Bartol den Wahlkreis Marburg-Biedenkopf im Deutschen Bundestag. Bereits zum f\u00fcnften Mal bewirbt sich der 42-j\u00e4hrige SPD-Politiker um das Direktmandat. Trotz seines vergleichsweise jugendlichen Alters ist Bartol inzwischen bereits \"ein Alter Hase im Bundestag\". Als \"Klassiker im Wahlkampf\" bezeichnet er sein Interview mit marburg.news zur Bundestagswahl. Bereits\u2026","rel":"","context":"In &quot;Politik&quot;","img":{"alt_text":"Bartol","src":"https:\/\/i0.wp.com\/marburg.news\/wp-content\/uploads\/2017\/08\/bartol01.jpg?fit=1000%2C849&resize=350%2C200","width":350,"height":200},"classes":[]},{"id":16303,"url":"http:\/\/marburg.news\/?p=16303","url_meta":{"origin":12853,"position":4},"title":"Gl\u00fcckwunsch aus Berlin: Bartol gratuliert HLTm zum Theaterpreis","date":"11. September 2024","format":false,"excerpt":"Das Hessische Landestheater Marburg (HLTM)erh\u00e4lt den Theaterpreis des Bundes 2024. Dazu hat Staatssekret\u00e4r S\u00f6ren Bartol aus Marburg am Dienstag (10. September) gratuliert. Seiner Ansicht nach k\u00f6nnen die beiden Intendantinnen Eva Lange und Carola Unser-Leichtwei\u00df ganz besonders stolz auf Ihr gesamtes Ensemble und sich selbst sein. Der Grund daf\u00fcr kommt aus\u2026","rel":"","context":"In &quot;Kultur&quot;","img":{"alt_text":"","src":"","width":0,"height":0},"classes":[]},{"id":1123,"url":"http:\/\/marburg.news\/?p=1123","url_meta":{"origin":12853,"position":5},"title":"Ausw\u00e4rts auf 0: Marburg soll ICE-Halt erhalten","date":"20. September 2017","format":false,"excerpt":"Zum Fahrplanwechsel im Dezember 2018 wird Marburg an das ICE-Netz angebunden. Das teilte die Deutsche Bahn AG (DB AG) in einem Schreiben an den Bundestagsabgeordneten S\u00f6ren Bartol mit. so jedenfalls sehe es ein wahrscheinliches Szenario der Vorstandsvorsitzenden Dr. Birgit Bohle von der DB Fernverkehr AG vor. Demnach soll die bisherige\u2026","rel":"","context":"In &quot;Politik&quot;","img":{"alt_text":"","src":"","width":0,"height":0},"classes":[]}],"_links":{"self":[{"href":"http:\/\/marburg.news\/index.php?rest_route=\/wp\/v2\/posts\/12853"}],"collection":[{"href":"http:\/\/marburg.news\/index.php?rest_route=\/wp\/v2\/posts"}],"about":[{"href":"http:\/\/marburg.news\/index.php?rest_route=\/wp\/v2\/types\/post"}],"author":[{"embeddable":true,"href":"http:\/\/marburg.news\/index.php?rest_route=\/wp\/v2\/users\/2"}],"replies":[{"embeddable":true,"href":"http:\/\/marburg.news\/index.php?rest_route=%2Fwp%2Fv2%2Fcomments&post=12853"}],"version-history":[{"count":1,"href":"http:\/\/marburg.news\/index.php?rest_route=\/wp\/v2\/posts\/12853\/revisions"}],"predecessor-version":[{"id":12854,"href":"http:\/\/marburg.news\/index.php?rest_route=\/wp\/v2\/posts\/12853\/revisions\/12854"}],"wp:attachment":[{"href":"http:\/\/marburg.news\/index.php?rest_route=%2Fwp%2Fv2%2Fmedia&parent=12853"}],"wp:term":[{"taxonomy":"category","embeddable":true,"href":"http:\/\/marburg.news\/index.php?rest_route=%2Fwp%2Fv2%2Fcategories&post=12853"},{"taxonomy":"post_tag","embeddable":true,"href":"http:\/\/marburg.news\/index.php?rest_route=%2Fwp%2Fv2%2Ftags&post=12853"}],"curies":[{"name":"wp","href":"https:\/\/api.w.org\/{rel}","templated":true}]}}