{"id":12838,"date":"2023-06-13T11:42:46","date_gmt":"2023-06-13T09:42:46","guid":{"rendered":"http:\/\/marburg.news\/?p=12838"},"modified":"2023-06-15T14:26:29","modified_gmt":"2023-06-15T12:26:29","slug":"audi-touchiert-4-000-euro-schaden-in-der-schwanallee","status":"publish","type":"post","link":"http:\/\/marburg.news\/?p=12838","title":{"rendered":"Audi touchiert: 4.000 Euro Schaden in der Schwanallee"},"content":{"rendered":"<p>Einen schwarzen Audi A3 touchierte ein Auto in der Schwanallee. Anschlie\u00dfend entfernte es sichunerlaubt in Richtung Universit\u00e4tsstra\u00dfe.<br \/>\n<!--more--><br \/>\nDer Schaden von etwa 4.000 Euro entstand zwischen Mittwoch (7. Juni) nach 23 Uhr und Donnerstag (8. Juni) vor 14.15 Uhr. Der Audi parkte rechts am Stra\u00dfenrand.<\/p>\n<p>* pm: Polizei Marburg<\/p>\n","protected":false},"excerpt":{"rendered":"<p>Einen schwarzen Audi A3 touchierte ein Auto in der Schwanallee. Anschlie\u00dfend entfernte es sichunerlaubt in Richtung Universit\u00e4tsstra\u00dfe.<\/p>\n","protected":false},"author":2,"featured_media":0,"comment_status":"closed","ping_status":"open","sticky":false,"template":"","format":"standard","meta":{"advanced_seo_description":"","spay_email":"","jetpack_publicize_message":"","jetpack_is_tweetstorm":false,"jetpack_publicize_feature_enabled":true},"categories":[6],"tags":[335,16,34],"jetpack_featured_media_url":"","jetpack_publicize_connections":[],"jetpack_sharing_enabled":true,"jetpack_shortlink":"https:\/\/wp.me\/p8mhvd-3l4","jetpack-related-posts":[{"id":13368,"url":"http:\/\/marburg.news\/?p=13368","url_meta":{"origin":12838,"position":0},"title":"Linke Seite: Parkender Audi bei Mensa besch\u00e4digt","date":"24. Juli 2023","format":false,"excerpt":"Auf dem Mensa-Parkplatz touchierte ein unbekannter einen schwarzen Audi Q2. Anstatt sich um den Schaden von etwa 4.000 Euro an der linken Seite des Audi zu k\u00fcmmern, entfernte er sich unerlaubt. Passiert ist der Unfall zwischen Freitag (21. Juli) nach 22 Uhr und Samstag (22. Juli) vor 1.30 Uhr auf\u2026","rel":"","context":"In &quot;Sonstiges&quot;","img":{"alt_text":"","src":"","width":0,"height":0},"classes":[]},{"id":15986,"url":"http:\/\/marburg.news\/?p=15986","url_meta":{"origin":12838,"position":1},"title":"Unfall mit Unstimmigkeiten: Zusammensto\u00df zwischen Laster und Audi","date":"16. Juli 2024","format":false,"excerpt":"Nach einem Unfall an der S\u00fcdspange sucht die Polizei Zeugen. Ereignet hat sich der Zusammensto\u00df zwischen einem Lastwagen und einem schwarzen Audi Q2 am Montag (15. Juli) bei der Einm\u00fcndung der S\u00fcdspange in die Gisselberger Stra\u00dfe. Gegen 11 Uhr bog der Lastwagen - aus der Innenstadt kommend - von der\u2026","rel":"","context":"In &quot;Sonstiges&quot;","img":{"alt_text":"","src":"","width":0,"height":0},"classes":[]},{"id":7292,"url":"http:\/\/marburg.news\/?p=7292","url_meta":{"origin":12838,"position":2},"title":"Farbe Marburg: Sch\u00e4den in Biegenstra\u00dfe und Uferstra\u00dfe","date":"28. Juni 2021","format":false,"excerpt":"Mit wei\u00dfer Farbe beschmierten Unbekannte im Garten des Kunstgeb\u00e4udes an der Biegenstra\u00dfe die Bronzestatue \"Kauernde\". Die Reinigung kostet einen h\u00f6heren wohl dreistelligen Betrag. Die Polizei ermittelt daher wegen Sachbesch\u00e4digung. Die Tatzeit liegt zwischen Freitag (25. Juni) nach 18 Uhr und Montag (28. Juni) vor 6.55 Uhr. Nach der Sachbesch\u00e4digung an\u2026","rel":"","context":"In &quot;Sonstiges&quot;","img":{"alt_text":"","src":"","width":0,"height":0},"classes":[]},{"id":5218,"url":"http:\/\/marburg.news\/?p=5218","url_meta":{"origin":12838,"position":3},"title":"lolge des Unfalls: Sch\u00e4den an Audi, Opel und Elektroauto","date":"8. Juni 2020","format":false,"excerpt":"Bislang hat die Polizei weder Erkenntnisse \u00fcber den Unfallhergang noch \u00fcber den Unfallverursacher oder \u00fcber das beteiligte Fahrzeug. Der Schaden an dem betroffenen grauen Audi A7 befindet sich an der hinteren T\u00fcr der Beifahrerseite Er bel\u00e4uft sich auf mindestens 6.000 Euro. Der Audi stand zur Unfallzeit zwischen Donnerstag (28. Mai)\u2026","rel":"","context":"In &quot;Sonstiges&quot;","img":{"alt_text":"","src":"","width":0,"height":0},"classes":[]},{"id":9761,"url":"http:\/\/marburg.news\/?p=9761","url_meta":{"origin":12838,"position":4},"title":"Unfall und Flucht: Audi auf Parkdeck besch\u00e4digt","date":"3. Juni 2022","format":false,"excerpt":"500 Euro Schaden entstanden am Donnerstag (2. Juni) an einem geparkten Audi A6. Vermutlich beim Ein- oder Ausparken touchierte ein Auto auf dem oberen Parkdeck am Krummbogen den blauen Audi. Der Unfall passierte zwischen 8.40 und 18 Uhr. Danach entfernte sich der Verursacher unerlaubt. * pm: Polizei Marburg","rel":"","context":"In &quot;Sonstiges&quot;","img":{"alt_text":"","src":"","width":0,"height":0},"classes":[]},{"id":1270,"url":"http:\/\/marburg.news\/?p=1270","url_meta":{"origin":12838,"position":5},"title":"Fahren wollen: Frau angegriffen, Vandalismus und Unfallflucht","date":"1. November 2017","format":false,"excerpt":"Eine 23 Jahre alte Frau war in der Nacht auf Sonntag (29. Oktober) zu Fu\u00df in der Stra\u00dfe \"Renthof\" unterwegs. Eigenen Angaben zufolge fuhr um 23 Uhr ein dunkles Auto Kombi die Stra\u00dfe herauf und hielt neben dem sp\u00e4teren Opfer an. Ein etwa 16 bis 25 Jahre alter Mann stieg\u2026","rel":"","context":"In &quot;Sonstiges&quot;","img":{"alt_text":"","src":"","width":0,"height":0},"classes":[]}],"_links":{"self":[{"href":"http:\/\/marburg.news\/index.php?rest_route=\/wp\/v2\/posts\/12838"}],"collection":[{"href":"http:\/\/marburg.news\/index.php?rest_route=\/wp\/v2\/posts"}],"about":[{"href":"http:\/\/marburg.news\/index.php?rest_route=\/wp\/v2\/types\/post"}],"author":[{"embeddable":true,"href":"http:\/\/marburg.news\/index.php?rest_route=\/wp\/v2\/users\/2"}],"replies":[{"embeddable":true,"href":"http:\/\/marburg.news\/index.php?rest_route=%2Fwp%2Fv2%2Fcomments&post=12838"}],"version-history":[{"count":1,"href":"http:\/\/marburg.news\/index.php?rest_route=\/wp\/v2\/posts\/12838\/revisions"}],"predecessor-version":[{"id":12880,"href":"http:\/\/marburg.news\/index.php?rest_route=\/wp\/v2\/posts\/12838\/revisions\/12880"}],"wp:attachment":[{"href":"http:\/\/marburg.news\/index.php?rest_route=%2Fwp%2Fv2%2Fmedia&parent=12838"}],"wp:term":[{"taxonomy":"category","embeddable":true,"href":"http:\/\/marburg.news\/index.php?rest_route=%2Fwp%2Fv2%2Fcategories&post=12838"},{"taxonomy":"post_tag","embeddable":true,"href":"http:\/\/marburg.news\/index.php?rest_route=%2Fwp%2Fv2%2Ftags&post=12838"}],"curies":[{"name":"wp","href":"https:\/\/api.w.org\/{rel}","templated":true}]}}