{"id":12729,"date":"2023-06-02T18:28:37","date_gmt":"2023-06-02T16:28:37","guid":{"rendered":"http:\/\/marburg.news\/?p=12729"},"modified":"2023-06-02T18:28:37","modified_gmt":"2023-06-02T16:28:37","slug":"angehoben-schohl-ausstellung-im-schloss-verlaengert","status":"publish","type":"post","link":"http:\/\/marburg.news\/?p=12729","title":{"rendered":"Angehoben: Schohl-Ausstellung im Schloss verl\u00e4ngert"},"content":{"rendered":"<p>Die Ausstellung von Hans Schohl im Landgrafenschloss wird verl\u00e4ngert. Bis Ende Juni zeigt sie Tischplanetarien, Himmelsmaschinen und Lichtinsekten. <!--more--><br \/>\nIm Kleinen Rittersaal, im Waldecker Saal und der Kapelle des Landgrafenschlosses sind weiterhin zahlreiche Kunstwerke von Hans Schohl zu entdecken. Wer diesen Teil der Ausstellung &#8220; &#8230; und Schatten. Eine Langzeitbeobachtung&#8220; bisher noch nicht sehen konnte, hat noch bis Ende Juni 2023 Zeit dazu.<br \/>\nSeit mehr als 30 Jahren widmet sich Schohl insbesondere dem Bau von mechanisch oder elektrisch bewegten Objekten. Die r\u00e4tselhaften Kunstwerke lockten bereits zahlreiche Besucherinnen und Besucher in das Marburger Landgrafenschloss. Eine Installation mit dem Titel &#8222;Die Verlangsamung der Zeit&#8220; zeigt mysteri\u00f6ses Pflanzenwachstum, das einem eigenen, wiederkehrenden Rhythmus folgt.<br \/>\nSchohls Faszination f\u00fcr die Spuren der Zeit wird in gefundenen und gebrauchten Gegenst\u00e4nden deutlich. 14 Jahre lang setzte er drei &#8222;Tischplanetarien&#8220; Wind und Wetter aus. Wie Kontinente \u00fcberziehen nun Moos und Gr\u00e4ser die Betonkugeln der Installation. Einige eigensinnig neue Erkl\u00e4rungen f\u00fcr diverse Natur- und Wetterph\u00e4nomene bieten zehn kleinformatige Radierungen.<br \/>\nIn den &#8222;Himmelsmaschinen&#8220; geht es um Fragen nach der Bl\u00e4ue des Himmels, dem Verbleib der Dunkelheit am Morgen oder dem Problem, warum Blitze immer geknickt sind. Die Objektgruppe &#8222;Von H\u00e4usern, Schiffen, Treppen und T\u00fcrmen&#8220; steckt inhaltlich voller Spannungen: H\u00e4user bewegen sich auf R\u00e4dern, Schiffe bekommen Fl\u00fcgel und Betonbl\u00f6cke thronen auf d\u00fcrren Stelzen. Auch einige Schatten tauchen als st\u00e4ndige Begleiter des Lichts in den Objekten im Landgrafenschloss auf.<br \/>\n&#8222;Lichtinsekten&#8220; wurden &#8211; mit Verweis auf kirchliche Gerichtsprozesse des 14. bis 18. Jahrhunderts, bei denen Insekten verbannt oder zum Tode verurteilt wurden &#8211; in der Kapelle platziert. \u00dcberlebensgro\u00df und leuchtend haben sich die Tierchen erneut in einen sakralen Raum geschlichen.<\/p>\n<p>* pm: Philipps-Universit\u00e4t Marburg<\/p>\n","protected":false},"excerpt":{"rendered":"<p>Die Ausstellung von Hans Schohl im Landgrafenschloss wird verl\u00e4ngert. Bis Ende Juni zeigt sie Tischplanetarien, Himmelsmaschinen und Lichtinsekten.<\/p>\n","protected":false},"author":2,"featured_media":0,"comment_status":"closed","ping_status":"open","sticky":false,"template":"","format":"standard","meta":{"advanced_seo_description":"","spay_email":"","jetpack_publicize_message":"","jetpack_is_tweetstorm":false,"jetpack_publicize_feature_enabled":true},"categories":[3],"tags":[216,4627,1262],"jetpack_featured_media_url":"","jetpack_publicize_connections":[],"jetpack_sharing_enabled":true,"jetpack_shortlink":"https:\/\/wp.me\/p8mhvd-3jj","jetpack-related-posts":[{"id":10880,"url":"http:\/\/marburg.news\/?p=10880","url_meta":{"origin":12729,"position":0},"title":"Viermal einfach hin: Ausstellung mit Werken von Hans Schohl","date":"13. Oktober 2022","format":false,"excerpt":"Schattenspiel und Himmelslicht zeigt eine Ausstellung von Hans Schohl. Die Philipps-Universit\u00e4t pr\u00e4sentiert ab Donnerstag (20. Oktober) Werkschau des Bildhauers an verschiedenen Orten in Marburg. Die Ausstellung \". und Schatten. Eine Langzeitbeobachtung\" von Hans Schohl gibt einen umfassenden Einblick in das Werk des Bildhauers. An vier Standorten sind in Marburg Rauminstallationen\u2026","rel":"","context":"In &quot;Kultur&quot;","img":{"alt_text":"","src":"","width":0,"height":0},"classes":[]},{"id":11439,"url":"http:\/\/marburg.news\/?p=11439","url_meta":{"origin":12729,"position":1},"title":"Schattent\u00e4nze: Schattenfl\u00fcgel von Hans Schohl an der Alten Synagoge","date":"12. Dezember 2022","format":false,"excerpt":"\"Schattenzelte - Schattenfl\u00fcgel\" hei\u00dft eine Kunstinstallation von Hans Schohl. Bis Ende Januar 2023 ist sie an der Alten Synagoge zu sehen. Die Werkschau des Kirchhainer K\u00fcnstlers wird in diesem Winter an insgesamt vier Orten in Marburg erlebbar. Teil davon ist die Installation \"Schattenzelte - Schattenfl\u00fcgel\" in der mittelalterlichen Synagoge am\u2026","rel":"","context":"In &quot;Kultur&quot;","img":{"alt_text":"","src":"","width":0,"height":0},"classes":[]},{"id":11648,"url":"http:\/\/marburg.news\/?p=11648","url_meta":{"origin":12729,"position":2},"title":"Ausblicke des Jahres: Programm des Kunstmuseums f\u00fcr 2023","date":"10. Januar 2023","format":false,"excerpt":"Bunt und vielf\u00e4ltig ist das Jahresprogramm des Kunstmuseums f\u00fcr 2023. Einen Ausblick darauf hat das Museum am Dienstag (10. Januar) gegeben. Im Kunstmuseum Marburg stehen f\u00fcr 2023 zahlreiche Ausstellungen im Kalender und bringen neue Perspektiven. Noch bis Sonntag (22. Januar) sind die r\u00e4tselhaften Schattenwelten von Hans Schohl zu sehen. Ab\u2026","rel":"","context":"In &quot;Kultur&quot;","img":{"alt_text":"","src":"","width":0,"height":0},"classes":[]},{"id":7306,"url":"http:\/\/marburg.news\/?p=7306","url_meta":{"origin":12729,"position":3},"title":"Mehr Geschichte: Landgrafenschloss \u00f6ffnet historische R\u00e4ume wieder","date":"30. Juni 2021","format":false,"excerpt":"Das Landgrafenschloss \u00f6ffnet seine historischen R\u00e4ume wieder. Ab Donnerstag (1. Juli) zeigt es die Neu gestaltete Ausstellung \"Burg & Schloss in Marburg\" im Westsaal. Am Donnerstag (1. Juli) \u00f6ffnet das Landgrafenschloss seine historischen R\u00e4ume wieder f\u00fcr Besucherinnen und Besucher. Die Dauerausstellung im Wilhelmsbau bleibt aufgrund der Coronavirus-Pandemie und aus organisatorischen\u2026","rel":"","context":"In &quot;Bildung&quot;","img":{"alt_text":"","src":"","width":0,"height":0},"classes":[]},{"id":20344,"url":"http:\/\/marburg.news\/?p=20344","url_meta":{"origin":12729,"position":4},"title":"Ausgestellte Auseinandersetzung: WERKSTATT RADENHAUSEN in Kunstmuseum und Kunstverein","date":"23. Juli 2026","format":false,"excerpt":"Die Sonderausstellung \"WERKSTATT RADENHAUSEN\" wird am Donnerstag (30. Juli) im Kunstmuseum Marburg er\u00f6ffnet. Sie blibkt zur\u00fcck auf 27 Jahre k\u00fcnstlerischer Dialog. mit der neuen Sonderausstellung \"WERKSTATT RADENHAUSEN\" pr\u00e4sentiert das Kunstmuseum der Philipps-Universit\u00e4t in einer gro\u00dfen Retrospektive den Dialog der K\u00fcnstlergemeinschaft WERKSTATT RADENHAUSEN vom 31. Juli bis 18. Oktober 2026. Was\u2026","rel":"","context":"In &quot;Kultur&quot;","img":{"alt_text":"","src":"","width":0,"height":0},"classes":[]},{"id":14068,"url":"http:\/\/marburg.news\/?p=14068","url_meta":{"origin":12729,"position":5},"title":"Ubbelohde in \u00dcberblick: Gro\u00dfe Ausstellung zeigt gro\u00dfen K\u00fcnstler","date":"12. Oktober 2023","format":false,"excerpt":"Eine gro\u00dfe Otto Ubbelohde-Ausstellung pr\u00e4sentiert das Kunstmuseum der Philipps-Universit\u00e4t. Die Ausstellungser\u00f6ffnung ist am Donnerstag (19. Oktober) um 18 Uhr. Mit dieser umfassenden Ausstellung im Herbst 2023 zeigt das Kunstmuseum Marburg einen Werk\u00fcberblick des bedeutenden hessischen Malers und Graphikers Otto Ubbelohde (1867-1922). Ubbelohde hatte einen besonderen Blick f\u00fcr das Wesentliche der\u2026","rel":"","context":"In &quot;Kultur&quot;","img":{"alt_text":"","src":"","width":0,"height":0},"classes":[]}],"_links":{"self":[{"href":"http:\/\/marburg.news\/index.php?rest_route=\/wp\/v2\/posts\/12729"}],"collection":[{"href":"http:\/\/marburg.news\/index.php?rest_route=\/wp\/v2\/posts"}],"about":[{"href":"http:\/\/marburg.news\/index.php?rest_route=\/wp\/v2\/types\/post"}],"author":[{"embeddable":true,"href":"http:\/\/marburg.news\/index.php?rest_route=\/wp\/v2\/users\/2"}],"replies":[{"embeddable":true,"href":"http:\/\/marburg.news\/index.php?rest_route=%2Fwp%2Fv2%2Fcomments&post=12729"}],"version-history":[{"count":0,"href":"http:\/\/marburg.news\/index.php?rest_route=\/wp\/v2\/posts\/12729\/revisions"}],"wp:attachment":[{"href":"http:\/\/marburg.news\/index.php?rest_route=%2Fwp%2Fv2%2Fmedia&parent=12729"}],"wp:term":[{"taxonomy":"category","embeddable":true,"href":"http:\/\/marburg.news\/index.php?rest_route=%2Fwp%2Fv2%2Fcategories&post=12729"},{"taxonomy":"post_tag","embeddable":true,"href":"http:\/\/marburg.news\/index.php?rest_route=%2Fwp%2Fv2%2Ftags&post=12729"}],"curies":[{"name":"wp","href":"https:\/\/api.w.org\/{rel}","templated":true}]}}