{"id":1262,"date":"2017-10-28T16:21:29","date_gmt":"2017-10-28T14:21:29","guid":{"rendered":"http:\/\/marburg.news\/?p=1262"},"modified":"2017-10-28T16:21:29","modified_gmt":"2017-10-28T14:21:29","slug":"ausgeschlafene-buerschchen-diese-nacht-gibts-eine-stunde-mehr","status":"publish","type":"post","link":"http:\/\/marburg.news\/?p=1262","title":{"rendered":"Ausgeschlafene B\u00fcrschchen: Diese Nacht gibt\u00b4s eine Stunde mehr"},"content":{"rendered":"<p>Eine Stunde l\u00e4nger schlafen kann Marburg in der Nacht von Samstag (28. Oktober) auf Sonntag (29. Oktober). In dieser Nacht werden die Uhren in Europa von Sommerzeit auf Winterzeit umgestellt. <!--more--><br \/>\nDie Stunde, die die Menschen in Europa Ende M\u00e4rz der Zeitumstellung geliehen haben, erhalten sie nun zur\u00fcck. In der Zwischenzeit hat sie Nachbarn von Gastst\u00e4tten um die wohlverdiente Nachtruhe und K\u00fche um den Verstand gebracht. Doch bald hat der Sommerzeit ihr letztes St\u00fcndlein geschlagen.<br \/>\nBundesweit ist Dienstag (31. Oktober) im Reformationsjahr 2017 ein Feiertag. F\u00fcr manche wird Montag (30. Oktober) damit zum &#8222;Br\u00fcckentag&#8220;, und sie haben frei.<br \/>\nAngesichts dessen kann man in diesen Tagen wohl mit Fug und Reccht behaupten, dass die Marburger ausgeschlafene B\u00fcrschchen sind. Allerdings gilt das nicht f\u00fcr die Angeh\u00f6rigen von Burschenschaften. Sie hinken n\u00e4mlich trotz der allj\u00e4hrlichen Zeitumstellung der Zeit immer noch um viele Jahrzehnte hinterher.<\/p>\n<p>* Franz-Josef Hanke<\/p>\n","protected":false},"excerpt":{"rendered":"<p>Eine Stunde l\u00e4nger schlafen kann Marburg in der Nacht von Samstag (28. Oktober) auf Sonntag (29. Oktober). In dieser Nacht werden die Uhren in Europa von Sommerzeit auf Winterzeit umgestellt.<\/p>\n","protected":false},"author":2,"featured_media":0,"comment_status":"closed","ping_status":"open","sticky":false,"template":"","format":"standard","meta":{"advanced_seo_description":"","spay_email":"","jetpack_publicize_message":"","jetpack_is_tweetstorm":false,"jetpack_publicize_feature_enabled":true},"categories":[5,3,2,4],"tags":[835,836,837],"jetpack_featured_media_url":"","jetpack_publicize_connections":[],"jetpack_sharing_enabled":true,"jetpack_shortlink":"https:\/\/wp.me\/p8mhvd-km","jetpack-related-posts":[{"id":11067,"url":"http:\/\/marburg.news\/?p=11067","url_meta":{"origin":1262,"position":0},"title":"Schluss mit lustig: Die Sommerzeit endet in dieser Nacht","date":"29. Oktober 2022","format":false,"excerpt":"Die Sommerzeit geht zu Ende. In der Nacht zum Sonntag (30. Oktober) findet wieder die allj\u00e4hrliche Zeitumstellung statt. Der letzte Sonntag im Oktober verhei\u00dft eine Stunde mehr Schlaf. Wesentlich l\u00e4nger geschlafen haben indes die Verantwortlichen der Europ\u00e4ischen Union (EU). Seit vier Jahren haben sie es nicht geschafft, den deutlichen Mehrheitswillen\u2026","rel":"","context":"In &quot;Politik&quot;","img":{"alt_text":"","src":"","width":0,"height":0},"classes":[]},{"id":8024,"url":"http:\/\/marburg.news\/?p=8024","url_meta":{"origin":1262,"position":1},"title":"Lange Nacht: H\u00f6chste Zeit zur Ver\u00e4nderung","date":"30. Oktober 2021","format":false,"excerpt":"Eine Stunde l\u00e4nger schlafen k\u00f6nnen die Menschen in der Nacht von Samstag (30. Oktober) auf Sonntag (31. Oktober). In dieser Nacht wird von \"Sommerzeit\" auf \"Winterzeit\" umgestellt. Eigentlich hatte die Europ\u00e4ische Union (EU) die Zeitumstellung ja l\u00e4ngst abschaffen wollen, doch die L\u00e4nder konnten sich wieder mal nicht einigen. Einige pl\u00e4dieren\u2026","rel":"","context":"In &quot;Politik&quot;","img":{"alt_text":"","src":"","width":0,"height":0},"classes":[]},{"id":14204,"url":"http:\/\/marburg.news\/?p=14204","url_meta":{"origin":1262,"position":2},"title":"Sommer, Sonne und Schlaf: Und wieder eine Umstellung der Uhren","date":"28. Oktober 2023","format":false,"excerpt":"Das wird eine lange Nacht. Die Sommerzeit geht zu Ende. Alle Jahre wieder kommt die Sommerzeit. Am letzten Sonntag im M\u00e4rz werden die Uhren eine Stunde vorgestellt und am letzten Sonntag im Oktober dann wieder zur\u00fcck. Am Sonntag (29. Oktober) ist es wieder so weit: Die Menschen k\u00f6nnen in der\u2026","rel":"","context":"In &quot;Politik&quot;","img":{"alt_text":"","src":"","width":0,"height":0},"classes":[]},{"id":18899,"url":"http:\/\/marburg.news\/?p=18899","url_meta":{"origin":1262,"position":3},"title":"Zeitenwende: Wie die EU seit Jahren versagt","date":"25. Oktober 2025","format":false,"excerpt":"An die Zeitumstellung Ende Oktober haben sich die Menschen in der Europ\u00e4ischen Union (EU) inzwischen gew\u00f6hnt. In der Nacht von Samstag (25. Oktober) auf Sonntag (26. Oktober) ist es wieder so weit. Obwohl viele Politikerinnen und Politiker h\u00e4ufig von einer \"Zeitenwende\" reden, haben sie ihr Versprechen f\u00fcr eine Abschaffung der\u2026","rel":"","context":"In &quot;Politik&quot;","img":{"alt_text":"","src":"","width":0,"height":0},"classes":[]},{"id":16745,"url":"http:\/\/marburg.news\/?p=16745","url_meta":{"origin":1262,"position":4},"title":"Lange Nacht: Auf die Sommerzeit einen Reim gemacht","date":"26. Oktober 2024","format":false,"excerpt":"Alle Jahre wieder kommt die Sommerzeit. Sp\u00e4ter geht sie wieder. Nun ist es soweit. Wurden viele Leute in der M\u00e4rzennacht als Sommerzeit-Beute um den Schlaf gebracht, so kann l\u00e4nger schlafen jeder von den Braven diesmal in der Herbstesnacht. Ist das nicht eine Pracht? Doch warum wird das gemacht? L\u00e4ngst ist\u2026","rel":"","context":"In &quot;Politik&quot;","img":{"alt_text":"","src":"","width":0,"height":0},"classes":[]},{"id":17753,"url":"http:\/\/marburg.news\/?p=17753","url_meta":{"origin":1262,"position":5},"title":"Sommerzeit naht: Schon sieben Jahre Unf\u00e4higkeit der EU","date":"29. M\u00e4rz 2025","format":false,"excerpt":"\"In der K\u00fcrze liegt die W\u00fcrze\", behauptet der vielzitierte \"Volksmund\". Wenn das stimmt, dann steht Europa nun eine w\u00fcrzige Nacht bevor. Am Sonntag (30. M\u00e4rz) beginnt wieder einmal die \"Sommerzeit\". Um 2 Uhr werden die Uhren auf 3 Uhr vorgestellt. Ganz Europa wird in dieser Nacht um eine ganze Stunde\u2026","rel":"","context":"In &quot;Politik&quot;","img":{"alt_text":"","src":"","width":0,"height":0},"classes":[]}],"_links":{"self":[{"href":"http:\/\/marburg.news\/index.php?rest_route=\/wp\/v2\/posts\/1262"}],"collection":[{"href":"http:\/\/marburg.news\/index.php?rest_route=\/wp\/v2\/posts"}],"about":[{"href":"http:\/\/marburg.news\/index.php?rest_route=\/wp\/v2\/types\/post"}],"author":[{"embeddable":true,"href":"http:\/\/marburg.news\/index.php?rest_route=\/wp\/v2\/users\/2"}],"replies":[{"embeddable":true,"href":"http:\/\/marburg.news\/index.php?rest_route=%2Fwp%2Fv2%2Fcomments&post=1262"}],"version-history":[{"count":0,"href":"http:\/\/marburg.news\/index.php?rest_route=\/wp\/v2\/posts\/1262\/revisions"}],"wp:attachment":[{"href":"http:\/\/marburg.news\/index.php?rest_route=%2Fwp%2Fv2%2Fmedia&parent=1262"}],"wp:term":[{"taxonomy":"category","embeddable":true,"href":"http:\/\/marburg.news\/index.php?rest_route=%2Fwp%2Fv2%2Fcategories&post=1262"},{"taxonomy":"post_tag","embeddable":true,"href":"http:\/\/marburg.news\/index.php?rest_route=%2Fwp%2Fv2%2Ftags&post=1262"}],"curies":[{"name":"wp","href":"https:\/\/api.w.org\/{rel}","templated":true}]}}