{"id":12525,"date":"2023-05-05T15:48:11","date_gmt":"2023-05-05T13:48:11","guid":{"rendered":"http:\/\/marburg.news\/?p=12525"},"modified":"2023-05-05T15:48:11","modified_gmt":"2023-05-05T13:48:11","slug":"flucht-von-fahrern-drei-parkende-autos-beschaedigt","status":"publish","type":"post","link":"http:\/\/marburg.news\/?p=12525","title":{"rendered":"Flucht von Fahrern: Drei parkende Autos besch\u00e4digt"},"content":{"rendered":"<p>Ein blauer Mercedes wurde am Samstag (29. April) touchiert. Seine Nutzer fanden eine zerkratzte und aus der Halterung gerissene Hecksto\u00dfstange vor, als sie gegen 17.30 Uhr zu ihrem Auto zur\u00fcckkehrten. <!--more--><br \/>\nSie hatten den Wagen gegen 15 Uhr unbesch\u00e4digt auf der dritten Parkebene im Parkhaus des Kaufhauses Ahrens an der Wilhelmstra\u00dfe abgestellt. Offenbar touchierte ein unbekanntes Auto den Wagen und entfernte sich danach, ohne sich um den Schaden von etwa 1.400 Euro zu k\u00fcmmern.<br \/>\nEtwa 1.300 Euro betr\u00e4gt der Schaden, den ein unbekannter Autofahrer an einem in der Sudetenstra\u00dfe geparkten &#8211; Toyota hinterlie\u00df. Zwischen Freitag (28. April) nach 15 Uhr und Samstag (29. April) vor 13 Uhr touchierte der Unbekannte den wei\u00dfen Auris und entfernte sich danach unerlaubt.<br \/>\nEinen blauen Polo besch\u00e4digte ein unbekannter Autofahrer am Dienstag (2. Mai) zwischen 8 und 17.30 Uhr in der Georg-Elser-Stra\u00dfe. Anstatt sich um den Schaden von gesch\u00e4tzt 1.200 Euro zu k\u00fcmmern, entfernte sich der Unbekannte unerlaubt.<\/p>\n<p>* pm: Polizei Marburg<\/p>\n","protected":false},"excerpt":{"rendered":"<p>Ein blauer Mercedes wurde am Samstag (29. April) touchiert. Seine Nutzer fanden eine zerkratzte und aus der Halterung gerissene Hecksto\u00dfstange vor, als sie gegen 17.30 Uhr zu ihrem Auto zur\u00fcckkehrten.<\/p>\n","protected":false},"author":2,"featured_media":0,"comment_status":"closed","ping_status":"open","sticky":false,"template":"","format":"standard","meta":{"advanced_seo_description":"","spay_email":"","jetpack_publicize_message":"","jetpack_is_tweetstorm":false,"jetpack_publicize_feature_enabled":true},"categories":[6],"tags":[151,16,34],"jetpack_featured_media_url":"","jetpack_publicize_connections":[],"jetpack_sharing_enabled":true,"jetpack_shortlink":"https:\/\/wp.me\/p8mhvd-3g1","jetpack-related-posts":[{"id":17573,"url":"http:\/\/marburg.news\/?p=17573","url_meta":{"origin":12525,"position":0},"title":"Zum Schaden: Erneut vier F\u00e4lle von Unfallflucht in Marburg","date":"25. Februar 2025","format":false,"excerpt":"Ein blauer VW Eos stand am Montag (24. Februar) zwischen 17.55 und 19.10 Uhr im Parkhaus Erlenring-Center. Vermutlich entstand in diesem Zeitraum ein - auf etwa 1.800 Euro gesch\u00e4tzter - Schaden hinten links an dem VW, f\u00fcr den sich niemand verantwortlich zeigte. Das Heck eines grauen Skoda Scala touchierte ein\u2026","rel":"","context":"In &quot;Sonstiges&quot;","img":{"alt_text":"","src":"","width":0,"height":0},"classes":[]},{"id":12902,"url":"http:\/\/marburg.news\/?p=12902","url_meta":{"origin":12525,"position":1},"title":"Meldungen zum Wochenende: Vier weitere F\u00e4lle von Unfallflucht","date":"16. Juni 2023","format":false,"excerpt":"Auf dem Klinikparkplatz an der Am\u00f6neburger Stra\u00dfe besch\u00e4digte ein Auto zwischen Sonntag (4. Juni) nach 19 Uhr und Mittwoch (7. Juni) vor 16.30 Uhr einen grauen Skoda. Der Fahrer floh, ohne sich um den Schaden von 750 Euro zu k\u00fcmmern. Roter Lack an einem schwarzen Ford Focus l\u00e4sst den Schluss\u2026","rel":"","context":"In &quot;Sonstiges&quot;","img":{"alt_text":"","src":"","width":0,"height":0},"classes":[]},{"id":2086,"url":"http:\/\/marburg.news\/?p=2086","url_meta":{"origin":12525,"position":2},"title":"Total fatal: Randalierer und fl\u00fcchtige Autofahrer","date":"9. April 2018","format":false,"excerpt":"Ein Unbekannter stie\u00df am Samstag (7. April) mit seinem Wagen gegen einen geparkten grauen Mazda. Der Besitzer hatte das Auto f\u00fcr einen kurzen Einkauf abgestellt. Der Unfall passierte zwischen 9.15 und 9.45 Uhr auf dem Parkplatz des Staatlichen Schulamtes in der Robert-Koch-Stra\u00dfe. W\u00e4hrend dieser Zeit fuhr ein Unbekannter hinten links\u2026","rel":"","context":"In &quot;Sonstiges&quot;","img":{"alt_text":"","src":"","width":0,"height":0},"classes":[]},{"id":15994,"url":"http:\/\/marburg.news\/?p=15994","url_meta":{"origin":12525,"position":3},"title":"Flucht im Stadtgebiet: Zwei parkende Autos touchiert","date":"17. Juli 2024","format":false,"excerpt":"Einen geparkten grauen Toyota Auris touchierte ein Auto am Dienstag (16. Juli) zwischen 15.35 und 17 Uhr in der Bahnhofstra\u00dfe. Dadurch entstand ein Schaden von etwa 2.000 Euro, um den sich der Verursacher nicht k\u00fcmmerte und sich stattdessen unerlaubt vom Unfallort entfernte. Auf 400 Euro wird der Schaden an einem\u2026","rel":"","context":"In &quot;Sonstiges&quot;","img":{"alt_text":"","src":"","width":0,"height":0},"classes":[]},{"id":9163,"url":"http:\/\/marburg.news\/?p=9163","url_meta":{"origin":12525,"position":4},"title":"Spur der Schadensverursacher: Gleich f\u00fcnf F\u00e4lle von Unfallflucht","date":"4. April 2022","format":false,"excerpt":"Gleich zwei Unf\u00e4lle nahmen Beamte am Samstag (2. April) im Zwetschgenweg auf. Ob sie miteinander zusammenh\u00e4ngen oder es sich um einen Zufall handelt, steht bislang noch nicht fest. Erheblich besch\u00e4digt lie\u00df ein Unbekannter einen geparkten schwarzen Ford Fiesta zur\u00fcck, mit dem er zwischen Freitag (1. April) nach 15.30 Uhr und\u2026","rel":"","context":"In &quot;Sonstiges&quot;","img":{"alt_text":"","src":"","width":0,"height":0},"classes":[]},{"id":9644,"url":"http:\/\/marburg.news\/?p=9644","url_meta":{"origin":12525,"position":5},"title":"Abgehauen: Weitere f\u00fcnf F\u00e4lle von Unfallflucht","date":"24. Mai 2022","format":false,"excerpt":"Weder Unfallort noch Unfallart sind bekannt. Fest steht aber, dass am Freitag (20. Mai) Besch\u00e4digungen an einem grauen Mitsubishi entstanden Sie entsprechen einem Schaden von etwa 250 Euro. Wahrscheinlich touchierte jemand in der Frankfurter Stra\u00dfe mit dem geparkten Outlander, als er dort zwischen 7.55 und 8.20 Uhr stand. Ob die\u2026","rel":"","context":"In &quot;Sonstiges&quot;","img":{"alt_text":"","src":"","width":0,"height":0},"classes":[]}],"_links":{"self":[{"href":"http:\/\/marburg.news\/index.php?rest_route=\/wp\/v2\/posts\/12525"}],"collection":[{"href":"http:\/\/marburg.news\/index.php?rest_route=\/wp\/v2\/posts"}],"about":[{"href":"http:\/\/marburg.news\/index.php?rest_route=\/wp\/v2\/types\/post"}],"author":[{"embeddable":true,"href":"http:\/\/marburg.news\/index.php?rest_route=\/wp\/v2\/users\/2"}],"replies":[{"embeddable":true,"href":"http:\/\/marburg.news\/index.php?rest_route=%2Fwp%2Fv2%2Fcomments&post=12525"}],"version-history":[{"count":0,"href":"http:\/\/marburg.news\/index.php?rest_route=\/wp\/v2\/posts\/12525\/revisions"}],"wp:attachment":[{"href":"http:\/\/marburg.news\/index.php?rest_route=%2Fwp%2Fv2%2Fmedia&parent=12525"}],"wp:term":[{"taxonomy":"category","embeddable":true,"href":"http:\/\/marburg.news\/index.php?rest_route=%2Fwp%2Fv2%2Fcategories&post=12525"},{"taxonomy":"post_tag","embeddable":true,"href":"http:\/\/marburg.news\/index.php?rest_route=%2Fwp%2Fv2%2Ftags&post=12525"}],"curies":[{"name":"wp","href":"https:\/\/api.w.org\/{rel}","templated":true}]}}